{"id":2717,"date":"2025-03-17T23:28:46","date_gmt":"2025-03-17T22:28:46","guid":{"rendered":"https:\/\/catholicus.eu\/pt\/?p=2717"},"modified":"2025-03-17T23:28:46","modified_gmt":"2025-03-17T22:28:46","slug":"sexta-feira-santa-o-dia-em-que-o-mundo-parou-diante-da-cruz","status":"publish","type":"post","link":"https:\/\/catholicus.eu\/pt\/sexta-feira-santa-o-dia-em-que-o-mundo-parou-diante-da-cruz\/","title":{"rendered":"Sexta-feira Santa: O dia em que o mundo parou diante da Cruz"},"content":{"rendered":"\n<p>A Sexta-feira Santa \u00e9 o dia mais solene do calend\u00e1rio lit\u00fargico crist\u00e3o. \u00c9 o dia em que o mundo silenciou e contemplou o supremo sacrif\u00edcio do Filho de Deus. A Cruz, que para os romanos era um s\u00edmbolo de humilha\u00e7\u00e3o e morte, tornou-se o maior sinal do amor divino. Cristo, o Inocente, sofreu pelos culpados; o Cordeiro sem mancha deu a sua vida para nos salvar.<\/p>\n\n\n\n<p>Mas o que realmente significa a Sexta-feira Santa para n\u00f3s hoje? Como podemos viver este dia n\u00e3o apenas como uma lembran\u00e7a distante, mas como uma realidade transformadora em nossa vida cotidiana?<\/p>\n\n\n\n<h2 class=\"wp-block-heading\"><strong>1. A Paix\u00e3o de Cristo: O Mist\u00e9rio do Amor Redentor<\/strong><\/h2>\n\n\n\n<p>O relato da Paix\u00e3o, que encontramos nos Evangelhos (Mateus 26-27, Marcos 14-15, Lucas 22-23, Jo\u00e3o 18-19), nos conduz \u00e0s horas mais angustiantes da vida de Jesus. Da sua agonia no Gets\u00eamani at\u00e9 suas \u00faltimas palavras na Cruz, cada momento est\u00e1 carregado de significado.<\/p>\n\n\n\n<p>A trai\u00e7\u00e3o de Judas, o abandono dos disc\u00edpulos, a flagela\u00e7\u00e3o brutal, as zombarias dos soldados e a dolorosa subida ao Calv\u00e1rio nos mostram a profundidade do sofrimento que Cristo suportou. N\u00e3o foi apenas uma dor f\u00edsica, mas tamb\u00e9m uma ang\u00fastia espiritual imensur\u00e1vel: Ele carregou nossos pecados, experimentou o desprezo do mundo e sofreu a aparente aus\u00eancia do Pai.<\/p>\n\n\n\n<p>Com seu \u00faltimo suspiro, Jesus proclamou:<\/p>\n\n\n\n<blockquote class=\"wp-block-quote is-layout-flow wp-block-quote-is-layout-flow\">\n<p>&#8220;Tudo est\u00e1 consumado&#8221; (Jo\u00e3o 19,30).<\/p>\n<\/blockquote>\n\n\n\n<p>Com essas palavras, o plano da salva\u00e7\u00e3o foi realizado. Cristo n\u00e3o morreu apenas como um m\u00e1rtir, mas como o Redentor. Seu sacrif\u00edcio \u00e9 o cumprimento das profecias e a suprema express\u00e3o do amor de Deus.<\/p>\n\n\n\n<h2 class=\"wp-block-heading\"><strong>2. A Sexta-feira Santa na Vida Crist\u00e3<\/strong><\/h2>\n\n\n\n<p>A Sexta-feira Santa n\u00e3o \u00e9 apenas um dia de luto, mas tamb\u00e9m um dia de profunda reflex\u00e3o. Ela nos lembra que o verdadeiro amor envolve sacrif\u00edcio. Em uma sociedade que frequentemente rejeita a dor e o sofrimento, a Cruz nos ensina que o amor verdadeiro n\u00e3o \u00e9 superficial nem ego\u00edsta. Amar \u00e9 doar-se at\u00e9 o extremo.<\/p>\n\n\n\n<p>Para viver plenamente a Sexta-feira Santa, a Igreja nos convida a tr\u00eas pr\u00e1ticas essenciais:<\/p>\n\n\n\n<h3 class=\"wp-block-heading\"><strong>A. Jejum e Abstin\u00eancia<\/strong><\/h3>\n\n\n\n<p>Desde os primeiros s\u00e9culos, os crist\u00e3os jejuam neste dia. \u00c9 uma forma de nos unirmos ao sacrif\u00edcio de Cristo e de nos desapegarmos das coisas materiais para focarmos no essencial.<\/p>\n\n\n\n<p><strong>Aplica\u00e7\u00e3o pr\u00e1tica:<\/strong> Em um mundo obcecado pelo conforto, o jejum nos lembra que &#8220;n\u00e3o s\u00f3 de p\u00e3o vive o homem&#8221; (Mateus 4,4). Ele nos ajuda a dominar nossos desejos e a colocar Deus em primeiro lugar.<\/p>\n\n\n\n<h3 class=\"wp-block-heading\"><strong>B. Ora\u00e7\u00e3o e Contempla\u00e7\u00e3o da Paix\u00e3o<\/strong><\/h3>\n\n\n\n<p>A Via-Sacra \u00e9 uma das mais belas devo\u00e7\u00f5es da Sexta-feira Santa. Ela nos permite caminhar com Cristo em seu sofrimento e meditar sobre seu amor. \u00c9 tamb\u00e9m um dia de sil\u00eancio e adora\u00e7\u00e3o da Cruz.<\/p>\n\n\n\n<p><strong>Aplica\u00e7\u00e3o pr\u00e1tica:<\/strong> Reserve um momento hoje. Dedique tempo \u00e0 ora\u00e7\u00e3o, medite sobre a Paix\u00e3o de Cristo e contemple o amor que lhe foi dado.<\/p>\n\n\n\n<h3 class=\"wp-block-heading\"><strong>C. A Venera\u00e7\u00e3o da Santa Cruz<\/strong><\/h3>\n\n\n\n<p>Durante a liturgia da Sexta-feira Santa, os fi\u00e9is beijam a Cruz em sinal de adora\u00e7\u00e3o e gratid\u00e3o. N\u00e3o \u00e9 apenas um gesto externo, mas um ato de f\u00e9 e entrega.<\/p>\n\n\n\n<p><strong>Aplica\u00e7\u00e3o pr\u00e1tica:<\/strong> No dia a dia, beijar a Cruz significa aceitar os sofrimentos com amor e oferec\u00ea-los a Deus. Cada dificuldade pode se tornar um meio de santifica\u00e7\u00e3o se for vivida com f\u00e9.<\/p>\n\n\n\n<h2 class=\"wp-block-heading\"><strong>3. A Relev\u00e2ncia da Sexta-feira Santa nos Dias de Hoje<\/strong><\/h2>\n\n\n\n<p>Vivemos em um tempo que busca evitar o sofrimento a todo custo. No entanto, a Sexta-feira Santa nos convida a enxergar a dor com novos olhos. Ela n\u00e3o \u00e9 um castigo nem uma maldi\u00e7\u00e3o, mas uma oportunidade de nos unirmos a Cristo.<\/p>\n\n\n\n<p>Em um mundo marcado pela injusti\u00e7a, viol\u00eancia e indiferen\u00e7a, a Cruz nos ensina:<\/p>\n\n\n\n<ul class=\"wp-block-list\">\n<li><strong>A perdoar:<\/strong> Jesus perdoou na Cruz: &#8220;Pai, perdoa-lhes, porque n\u00e3o sabem o que fazem&#8221; (Lucas 23,34). Hoje, somos capazes de perdoar aqueles que nos feriram?<\/li>\n\n\n\n<li><strong>A confiar em Deus:<\/strong> Mesmo quando o mal parece triunfar, a Sexta-feira Santa nos lembra que a hist\u00f3ria n\u00e3o termina na Cruz. Deus tem a \u00faltima palavra.<\/li>\n\n\n\n<li><strong>A viver com esperan\u00e7a:<\/strong> O sofrimento n\u00e3o \u00e9 eterno. O sil\u00eancio da Sexta-feira Santa prepara a gl\u00f3ria do Domingo da Ressurrei\u00e7\u00e3o.<\/li>\n<\/ul>\n\n\n\n<h2 class=\"wp-block-heading\"><strong>4. Como Aplicar a Cruz em Nossa Vida Di\u00e1ria<\/strong><\/h2>\n\n\n\n<p>A Sexta-feira Santa n\u00e3o \u00e9 apenas um evento do passado, mas uma realidade que podemos viver todos os dias. Como?<\/p>\n\n\n\n<ul class=\"wp-block-list\">\n<li><strong>Aceitando nossa pr\u00f3pria cruz:<\/strong> Todos carregamos cruzes na vida \u2013 doen\u00e7as, perdas, dificuldades familiares. Em vez de fugirmos delas, podemos uni-las ao sacrif\u00edcio de Cristo.<\/li>\n\n\n\n<li><strong>Oferecendo nosso sofrimento:<\/strong> S\u00e3o Jo\u00e3o Paulo II dizia que o sofrimento, quando oferecido com amor, torna-se uma fonte de gra\u00e7a.<\/li>\n\n\n\n<li><strong>Sendo testemunhas do amor de Cristo:<\/strong> Em um mundo que busca apenas prazer e comodidade, os crist\u00e3os s\u00e3o chamados a ser sinais vivos do amor sacrificial de Cristo.<\/li>\n<\/ul>\n\n\n\n<h2 class=\"wp-block-heading\"><strong>Conclus\u00e3o: Olhar para a Cruz e Viver de Forma Diferente<\/strong><\/h2>\n\n\n\n<p>A Sexta-feira Santa nos desafia a parar e olhar para a Cruz. Ela nos lembra que o amor de Deus n\u00e3o \u00e9 um conceito abstrato, mas um ato concreto: o pr\u00f3prio Deus morreu por n\u00f3s.<\/p>\n\n\n\n<p>Hoje, mais do que nunca, o mundo precisa dessa mensagem. Precisamos redescobrir o poder transformador do sacrif\u00edcio, o valor do perd\u00e3o e a for\u00e7a da esperan\u00e7a.<\/p>\n\n\n\n<p>Que esta Sexta-feira Santa n\u00e3o seja apenas mais um dia no calend\u00e1rio, mas um ponto de virada em nossa vida. Que, ao olharmos para a Cruz, possamos encontrar a verdadeira paz e renovar nossa entrega a Deus.<\/p>\n\n\n\n<blockquote class=\"wp-block-quote is-layout-flow wp-block-quote-is-layout-flow\">\n<p>&#8220;Olhar\u00e3o para aquele que transpassaram&#8221; (Jo\u00e3o 19,37).<\/p>\n<\/blockquote>\n\n\n\n<p>Que, contemplando a Cruz, aprendamos a viver e a amar como Cristo.<\/p>\n","protected":false},"excerpt":{"rendered":"<p>A Sexta-feira Santa \u00e9 o dia mais solene do calend\u00e1rio lit\u00fargico crist\u00e3o. \u00c9 o dia em que o mundo silenciou e contemplou o supremo sacrif\u00edcio do Filho de Deus. A Cruz, que para os romanos era um s\u00edmbolo de humilha\u00e7\u00e3o e morte, tornou-se o maior sinal do amor divino. Cristo, o Inocente, sofreu pelos culpados; &hellip;<\/p>\n","protected":false},"author":3,"featured_media":2718,"comment_status":"open","ping_status":"open","sticky":false,"template":"","format":"standard","meta":{"_seopress_robots_primary_cat":"","_seopress_titles_title":"","_seopress_titles_desc":"","_seopress_robots_index":"","footnotes":""},"categories":[38,52],"tags":[738],"class_list":["post-2717","post","type-post","status-publish","format-standard","has-post-thumbnail","","category-historia-e-tradicao","category-liturgia-e-ano-liturgico","tag-sexta-feira-santa"],"_links":{"self":[{"href":"https:\/\/catholicus.eu\/pt\/wp-json\/wp\/v2\/posts\/2717","targetHints":{"allow":["GET"]}}],"collection":[{"href":"https:\/\/catholicus.eu\/pt\/wp-json\/wp\/v2\/posts"}],"about":[{"href":"https:\/\/catholicus.eu\/pt\/wp-json\/wp\/v2\/types\/post"}],"author":[{"embeddable":true,"href":"https:\/\/catholicus.eu\/pt\/wp-json\/wp\/v2\/users\/3"}],"replies":[{"embeddable":true,"href":"https:\/\/catholicus.eu\/pt\/wp-json\/wp\/v2\/comments?post=2717"}],"version-history":[{"count":1,"href":"https:\/\/catholicus.eu\/pt\/wp-json\/wp\/v2\/posts\/2717\/revisions"}],"predecessor-version":[{"id":2719,"href":"https:\/\/catholicus.eu\/pt\/wp-json\/wp\/v2\/posts\/2717\/revisions\/2719"}],"wp:featuredmedia":[{"embeddable":true,"href":"https:\/\/catholicus.eu\/pt\/wp-json\/wp\/v2\/media\/2718"}],"wp:attachment":[{"href":"https:\/\/catholicus.eu\/pt\/wp-json\/wp\/v2\/media?parent=2717"}],"wp:term":[{"taxonomy":"category","embeddable":true,"href":"https:\/\/catholicus.eu\/pt\/wp-json\/wp\/v2\/categories?post=2717"},{"taxonomy":"post_tag","embeddable":true,"href":"https:\/\/catholicus.eu\/pt\/wp-json\/wp\/v2\/tags?post=2717"}],"curies":[{"name":"wp","href":"https:\/\/api.w.org\/{rel}","templated":true}]}}