{"id":2702,"date":"2025-03-16T21:58:09","date_gmt":"2025-03-16T20:58:09","guid":{"rendered":"https:\/\/catholicus.eu\/pt\/?p=2702"},"modified":"2025-03-16T21:58:09","modified_gmt":"2025-03-16T20:58:09","slug":"erros-mais-comuns-cometidos-pelos-fieis-na-celebracao-eucaristica","status":"publish","type":"post","link":"https:\/\/catholicus.eu\/pt\/erros-mais-comuns-cometidos-pelos-fieis-na-celebracao-eucaristica\/","title":{"rendered":"Erros mais comuns cometidos pelos fi\u00e9is na celebra\u00e7\u00e3o eucar\u00edstica"},"content":{"rendered":"\n<p>A Santa Missa \u00e9 o centro da vida crist\u00e3 e o momento mais sagrado em que participamos da renova\u00e7\u00e3o do Sacrif\u00edcio de Cristo. No entanto, muitos fi\u00e9is, por desconhecimento ou costume, cometem erros na sua participa\u00e7\u00e3o na Eucaristia. Alguns podem parecer detalhes insignificantes, mas cada gesto, cada palavra e cada atitude na Missa t\u00eam um significado profundo e uma finalidade lit\u00fargica.<\/p>\n\n\n\n<p>A seguir, apresentamos uma lista detalhada dos erros mais comuns e suas corre\u00e7\u00f5es, para ajudar a viver a Missa com maior rever\u00eancia e fidelidade \u00e0 Tradi\u00e7\u00e3o da Igreja.<\/p>\n\n\n\n<h2 class=\"wp-block-heading\"><strong>1. Erros nas leituras e moni\u00e7\u00f5es<\/strong><\/h2>\n\n\n\n<ul class=\"wp-block-list\">\n<li><strong>Pronunciar a moni\u00e7\u00e3o inicial antes do tempo.<\/strong> Deve ser lida ap\u00f3s a sauda\u00e7\u00e3o inicial do sacerdote, n\u00e3o antes de ele entrar no presbit\u00e9rio ou durante a prociss\u00e3o.<\/li>\n\n\n\n<li><strong>Dizer &#8220;\u00c9 Palavra de Deus&#8221; em vez de &#8220;Palavra de Deus&#8221;<\/strong> ao concluir as leituras.<\/li>\n\n\n\n<li><strong>Anunciar &#8220;Primeira Leitura&#8221; ou &#8220;Segunda Leitura&#8221; antes de proclam\u00e1-la.<\/strong> Basta dizer de onde prov\u00e9m a leitura (exemplo: &#8220;Leitura da carta de S\u00e3o Paulo Ap\u00f3stolo aos Romanos&#8221;).<\/li>\n\n\n\n<li><strong>Dizer &#8220;Salmo Responsorial&#8221; antes de recitar o salmo.<\/strong> Deve-se come\u00e7ar diretamente com o salmo.<\/li>\n\n\n\n<li><strong>N\u00e3o fazer a devida rever\u00eancia ao altar antes de subir ao amb\u00e3o ou fazer a rever\u00eancia ao sacerdote em vez do altar.<\/strong><\/li>\n<\/ul>\n\n\n\n<h2 class=\"wp-block-heading\"><strong>2. Erros na postura e participa\u00e7\u00e3o corporal<\/strong><\/h2>\n\n\n\n<ul class=\"wp-block-list\">\n<li><strong>Permanecer sentado durante a ora\u00e7\u00e3o sobre as oferendas.<\/strong> Este \u00e9 um momento chave da Missa e deve ser ouvido de p\u00e9, como sinal de ora\u00e7\u00e3o e disponibilidade.<\/li>\n\n\n\n<li><strong>Segurar as m\u00e3os de outras pessoas ou levant\u00e1-las ao rezar o Pai Nosso.<\/strong> S\u00e3o pr\u00e1ticas que n\u00e3o est\u00e3o explicitamente proibidas no Missal, mas tamb\u00e9m n\u00e3o correspondem a uma Liturgia correta.<\/li>\n\n\n\n<li><strong>N\u00e3o ajoelhar-se durante a consagra\u00e7\u00e3o.<\/strong> A postura correta \u00e9 a genuflex\u00e3o, exceto por motivos de sa\u00fade ou falta de espa\u00e7o.<\/li>\n\n\n\n<li><strong>Recitar junto com o sacerdote a doxologia final da Ora\u00e7\u00e3o Eucar\u00edstica<\/strong> (&#8220;Por Cristo, com Cristo e em Cristo&#8221;). Os fi\u00e9is devem apenas responder &#8220;Am\u00e9m&#8221;, que \u00e9 um assentimento solene e comprometido.<\/li>\n<\/ul>\n\n\n\n<h2 class=\"wp-block-heading\"><strong>3. Erros na Ora\u00e7\u00e3o dos Fi\u00e9is<\/strong><\/h2>\n\n\n\n<ul class=\"wp-block-list\">\n<li><strong>Ler a Ora\u00e7\u00e3o dos Fi\u00e9is do Amb\u00e3o.<\/strong> Embora n\u00e3o seja um erro grave, o amb\u00e3o \u00e9 reservado para a Palavra de Deus. Se houver outro local adequado, \u00e9 prefer\u00edvel utiliz\u00e1-lo.<\/li>\n<\/ul>\n\n\n\n<h2 class=\"wp-block-heading\"><strong>4. Erros no uso do incenso<\/strong><\/h2>\n\n\n\n<ul class=\"wp-block-list\">\n<li><strong>Fazer tr\u00eas movimentos com o tur\u00edbulo em vez de dois.<\/strong> A normativa lit\u00fargica determina que os movimentos devem ser sempre duplos.<\/li>\n<\/ul>\n\n\n\n<h2 class=\"wp-block-heading\"><strong>5. Erros na recep\u00e7\u00e3o da Sagrada Comunh\u00e3o<\/strong><\/h2>\n\n\n\n<ul class=\"wp-block-list\">\n<li><strong>N\u00e3o receber a Sagrada Comunh\u00e3o na boca.<\/strong><\/li>\n\n\n\n<li><strong>Pegar a H\u00f3stia diretamente das m\u00e3os do sacerdote em vez de receb\u00ea-la na palma da m\u00e3o.<\/strong> Se comungar na m\u00e3o, deve-se colocar a palma esquerda aberta e levar a H\u00f3stia \u00e0 boca com a direita.<\/li>\n\n\n\n<li><strong>N\u00e3o fazer um gesto de rever\u00eancia antes de comungar.<\/strong> Recomenda-se uma inclina\u00e7\u00e3o profunda ou uma genuflex\u00e3o antes de receber o Corpo de Cristo.<\/li>\n\n\n\n<li><strong>N\u00e3o consumir imediatamente a H\u00f3stia.<\/strong> Deve ser consumida no exato momento em que for recebida, e n\u00e3o enquanto se caminha de volta ao lugar.<\/li>\n<\/ul>\n\n\n\n<h2 class=\"wp-block-heading\"><strong>6. Erros na prociss\u00e3o das oferendas<\/strong><\/h2>\n\n\n\n<ul class=\"wp-block-list\">\n<li><strong>Levar ao altar objetos inadequados.<\/strong> O ideal \u00e9 oferecer elementos para a Liturgia ou para os pobres, como alimentos ou flores. Embora em algumas par\u00f3quias tenha se difundido o costume de levar outros objetos, \u00e9 importante n\u00e3o abusar dessa pr\u00e1tica. O P\u00e3o e o Vinho devem sempre ser as primeiras oferendas apresentadas no altar.<\/li>\n<\/ul>\n\n\n\n<h2 class=\"wp-block-heading\"><strong>Conclus\u00e3o<\/strong><\/h2>\n\n\n\n<p>Esses erros, embora possam parecer pequenos, afetam a solenidade e o respeito devido \u00e0 Santa Missa. A Igreja nos d\u00e1 normas lit\u00fargicas n\u00e3o como imposi\u00e7\u00f5es arbitr\u00e1rias, mas como um guia para viver a Eucaristia com o devido amor e rever\u00eancia. Participar corretamente da Missa \u00e9 uma maneira de manifestar nossa f\u00e9 e honrar Cristo presente no altar.<\/p>\n\n\n\n<p>Que possamos, com cora\u00e7\u00e3o humilde, corrigir esses erros e viver cada Missa com plena consci\u00eancia do mist\u00e9rio que celebramos. Como dizia S\u00e3o Jo\u00e3o Paulo II: &#8220;A Eucaristia \u00e9 o maior dom que a Igreja recebeu do seu Senhor&#8221;, e, como tal, merece nossa m\u00e1xima devo\u00e7\u00e3o e cuidado.<\/p>\n","protected":false},"excerpt":{"rendered":"<p>A Santa Missa \u00e9 o centro da vida crist\u00e3 e o momento mais sagrado em que participamos da renova\u00e7\u00e3o do Sacrif\u00edcio de Cristo. No entanto, muitos fi\u00e9is, por desconhecimento ou costume, cometem erros na sua participa\u00e7\u00e3o na Eucaristia. Alguns podem parecer detalhes insignificantes, mas cada gesto, cada palavra e cada atitude na Missa t\u00eam um &hellip;<\/p>\n","protected":false},"author":3,"featured_media":2703,"comment_status":"open","ping_status":"open","sticky":false,"template":"","format":"standard","meta":{"_seopress_robots_primary_cat":"","_seopress_titles_title":"","_seopress_titles_desc":"","_seopress_robots_index":"","footnotes":""},"categories":[38,52],"tags":[767,334],"class_list":["post-2702","post","type-post","status-publish","format-standard","has-post-thumbnail","","category-historia-e-tradicao","category-liturgia-e-ano-liturgico","tag-celebracao-eucaristica","tag-erros"],"_links":{"self":[{"href":"https:\/\/catholicus.eu\/pt\/wp-json\/wp\/v2\/posts\/2702","targetHints":{"allow":["GET"]}}],"collection":[{"href":"https:\/\/catholicus.eu\/pt\/wp-json\/wp\/v2\/posts"}],"about":[{"href":"https:\/\/catholicus.eu\/pt\/wp-json\/wp\/v2\/types\/post"}],"author":[{"embeddable":true,"href":"https:\/\/catholicus.eu\/pt\/wp-json\/wp\/v2\/users\/3"}],"replies":[{"embeddable":true,"href":"https:\/\/catholicus.eu\/pt\/wp-json\/wp\/v2\/comments?post=2702"}],"version-history":[{"count":1,"href":"https:\/\/catholicus.eu\/pt\/wp-json\/wp\/v2\/posts\/2702\/revisions"}],"predecessor-version":[{"id":2704,"href":"https:\/\/catholicus.eu\/pt\/wp-json\/wp\/v2\/posts\/2702\/revisions\/2704"}],"wp:featuredmedia":[{"embeddable":true,"href":"https:\/\/catholicus.eu\/pt\/wp-json\/wp\/v2\/media\/2703"}],"wp:attachment":[{"href":"https:\/\/catholicus.eu\/pt\/wp-json\/wp\/v2\/media?parent=2702"}],"wp:term":[{"taxonomy":"category","embeddable":true,"href":"https:\/\/catholicus.eu\/pt\/wp-json\/wp\/v2\/categories?post=2702"},{"taxonomy":"post_tag","embeddable":true,"href":"https:\/\/catholicus.eu\/pt\/wp-json\/wp\/v2\/tags?post=2702"}],"curies":[{"name":"wp","href":"https:\/\/api.w.org\/{rel}","templated":true}]}}