{"id":2639,"date":"2025-03-13T21:22:58","date_gmt":"2025-03-13T20:22:58","guid":{"rendered":"https:\/\/catholicus.eu\/pt\/?p=2639"},"modified":"2025-03-13T21:22:58","modified_gmt":"2025-03-13T20:22:58","slug":"os-leitores-na-liturgia-a-voz-de-deus-na-assembleia-e-a-discrepancia-entre-o-novus-ordo-e-o-vetus-ordo","status":"publish","type":"post","link":"https:\/\/catholicus.eu\/pt\/os-leitores-na-liturgia-a-voz-de-deus-na-assembleia-e-a-discrepancia-entre-o-novus-ordo-e-o-vetus-ordo\/","title":{"rendered":"Os Leitores na Liturgia: A Voz de Deus na Assembleia e a Discrep\u00e2ncia entre o Novus Ordo e o Vetus Ordo"},"content":{"rendered":"\n<p>A liturgia \u00e9 o cora\u00e7\u00e3o da vida crist\u00e3, o lugar sagrado onde a Igreja encontra Deus na ora\u00e7\u00e3o, no sacrif\u00edcio e no louvor. Nesse contexto, a proclama\u00e7\u00e3o da Palavra ocupa um lugar central, e os leitores t\u00eam a responsabilidade de transmitir a voz de Deus \u00e0 assembleia. No entanto, o papel do leitor n\u00e3o foi uniforme ao longo da hist\u00f3ria. Na Missa tradicional em latim (<em>Vetus Ordo<\/em>), a proclama\u00e7\u00e3o da Sagrada Escritura era reservada exclusivamente ao clero, enquanto na forma ordin\u00e1ria (<em>Novus Ordo<\/em>), introduzida ap\u00f3s o Conc\u00edlio Vaticano II, tamb\u00e9m os leigos podem exercer essa fun\u00e7\u00e3o. Como surgiu esse minist\u00e9rio? Qual \u00e9 o seu significado espiritual? E quais diferen\u00e7as existem entre as duas formas do rito romano?<\/p>\n\n\n\n<h2 class=\"wp-block-heading\"><strong>1. Origem e desenvolvimento do minist\u00e9rio do leitor<\/strong><\/h2>\n\n\n\n<h3 class=\"wp-block-heading\"><strong>O papel da Sagrada Escritura na hist\u00f3ria da Igreja<\/strong><\/h3>\n\n\n\n<p>Desde os tempos b\u00edblicos, a proclama\u00e7\u00e3o da Palavra de Deus tem sido uma coluna fundamental na vida do povo de Israel e da Igreja primitiva. No Antigo Testamento, os levitas e os escribas tinham a tarefa de ler a Lei de Mois\u00e9s diante do povo. Um exemplo chave dessa pr\u00e1tica encontra-se em Neemias 8:<\/p>\n\n\n\n<blockquote class=\"wp-block-quote is-layout-flow wp-block-quote-is-layout-flow\">\n<p><em>\u00abEsdras abriu o livro \u00e0 vista de todo o povo, pois estava num lugar mais alto; ao abri-lo, todo o povo se p\u00f4s de p\u00e9. Esdras bendisse o Senhor, o grande Deus, e todo o povo respondeu: &#8216;Am\u00e9m, am\u00e9m&#8217;, erguendo as m\u00e3os; depois inclinaram-se e prostraram-se diante do Senhor, com o rosto em terra.\u00bb<\/em> (Neemias 8,5-6)<\/p>\n<\/blockquote>\n\n\n\n<p>Essa passagem mostra que a leitura da Sagrada Escritura sempre foi uma a\u00e7\u00e3o sagrada, que exige rever\u00eancia e prepara\u00e7\u00e3o.<\/p>\n\n\n\n<h3 class=\"wp-block-heading\"><strong>O minist\u00e9rio do leitor na Igreja primitiva<\/strong><\/h3>\n\n\n\n<p>Nos primeiros s\u00e9culos do cristianismo, o leitorado desenvolveu-se como uma ordem menor dentro do clero. S\u00e3o Justino M\u00e1rtir (s\u00e9culo II) menciona em sua <em>Apologia<\/em> que, durante a celebra\u00e7\u00e3o eucar\u00edstica, um leitor proclamava a Sagrada Escritura antes que o bispo fizesse a homilia. Em uma sociedade em que a maioria dos fi\u00e9is n\u00e3o sabia ler, esse papel era de fundamental import\u00e2ncia.<\/p>\n\n\n\n<p>No s\u00e9culo III, o Papa Corn\u00e9lio inclu\u00eda os leitores entre os membros do clero menor. A sua tarefa n\u00e3o era apenas ler durante a Missa, mas tamb\u00e9m instruir os catec\u00famenos e apoiar o ensino da catequese.<\/p>\n\n\n\n<h3 class=\"wp-block-heading\"><strong>A proclama\u00e7\u00e3o da Palavra no Vetus Ordo<\/strong><\/h3>\n\n\n\n<p>Na Idade M\u00e9dia, com a afirma\u00e7\u00e3o do latim como l\u00edngua lit\u00fargica e com o papel central do sacerdote na Missa, o leitorado institucionalizado perdeu import\u00e2ncia. Na Missa Tridentina (<em>Vetus Ordo<\/em>), as leituras eram proclamadas exclusivamente pelo sacerdote ou pelo di\u00e1cono, nunca por um leigo. Isso porque se considerava que o altar era um lugar sagrado, reservado aos ministros ordenados. A proclama\u00e7\u00e3o na l\u00edngua vern\u00e1cula era permitida apenas fora da Missa, por exemplo, na homilia ou na catequese.<\/p>\n\n\n\n<h3 class=\"wp-block-heading\"><strong>O leitor no Novus Ordo e a abertura aos leigos<\/strong><\/h3>\n\n\n\n<p>O Conc\u00edlio Vaticano II restabeleceu a import\u00e2ncia da proclama\u00e7\u00e3o da Palavra na l\u00edngua do povo e permitiu que os leigos assumissem esse papel na liturgia. Em 1972, o Papa Paulo VI, com o Motu Proprio <em>Ministeria quaedam<\/em>, reformou as ordens menores, instituindo o leitorado como um minist\u00e9rio leigo. Mais recentemente, em 2021, o Papa Francisco abriu esse minist\u00e9rio tamb\u00e9m para as mulheres.<\/p>\n\n\n\n<p>Essa reforma marcou uma clara ruptura com a tradi\u00e7\u00e3o do <em>Vetus Ordo<\/em>, em que o leitor n\u00e3o era um leigo, mas um cl\u00e9rigo de ordem inferior ou um subdi\u00e1cono. Para aqueles que defendem a Missa tradicional, a proclama\u00e7\u00e3o da Sagrada Escritura na liturgia deve permanecer reservada aos ministros ordenados, pois faz parte do sacrif\u00edcio lit\u00fargico e n\u00e3o pode ser reduzida a uma simples leitura.<\/p>\n\n\n\n<h2 class=\"wp-block-heading\"><strong>2. A miss\u00e3o espiritual do leitor<\/strong><\/h2>\n\n\n\n<p>Ser leitor n\u00e3o significa simplesmente ler um texto em voz alta. Significa ser a voz de Deus para a comunidade. S\u00e3o Paulo nos lembra:<\/p>\n\n\n\n<blockquote class=\"wp-block-quote is-layout-flow wp-block-quote-is-layout-flow\">\n<p><em>\u00abA f\u00e9 vem pelo ouvir, e o ouvir vem pela palavra de Cristo.\u00bb<\/em> (Romanos 10,17)<\/p>\n<\/blockquote>\n\n\n\n<p>A proclama\u00e7\u00e3o da Palavra deve ocorrer com rever\u00eancia e prepara\u00e7\u00e3o, pois nela \u00e9 o pr\u00f3prio Deus que fala ao seu povo.<\/p>\n\n\n\n<h3 class=\"wp-block-heading\"><strong>Prepara\u00e7\u00e3o espiritual e t\u00e9cnica<\/strong><\/h3>\n\n\n\n<p>Para exercer adequadamente esse minist\u00e9rio, um leitor deve preparar-se em duas dimens\u00f5es:<\/p>\n\n\n\n<ol start=\"1\" class=\"wp-block-list\">\n<li><strong>Espiritual<\/strong>: Ler e meditar previamente a passagem, rezar e pedir a gra\u00e7a de proclam\u00e1-la com f\u00e9.<\/li>\n\n\n\n<li><strong>T\u00e9cnica<\/strong>: Dominar a pron\u00fancia, a entona\u00e7\u00e3o e o ritmo para que a mensagem alcance clara e eficazmente a assembleia.<\/li>\n<\/ol>\n\n\n\n<p>No <em>Vetus Ordo<\/em>, essa prepara\u00e7\u00e3o era confiada ao sacerdote ou ao di\u00e1cono, que tinham uma forma\u00e7\u00e3o teol\u00f3gica aprofundada sobre as Sagradas Escrituras. No <em>Novus Ordo<\/em>, o desafio \u00e9 garantir que os leitores leigos recebam uma prepara\u00e7\u00e3o adequada para proclamar a Palavra de Deus com dignidade.<\/p>\n\n\n\n<h2 class=\"wp-block-heading\"><strong>3. Diferen\u00e7as entre o Vetus Ordo e o Novus Ordo na proclama\u00e7\u00e3o da Palavra<\/strong><\/h2>\n\n\n\n<figure class=\"wp-block-table\"><table class=\"has-fixed-layout\"><tbody><tr><th>Aspecto<\/th><th>Vetus Ordo (Missa Tridentina)<\/th><th>Novus Ordo (Missa ap\u00f3s 1970)<\/th><\/tr><tr><td><strong>Quem proclama a Palavra<\/strong><\/td><td>Apenas o sacerdote ou o di\u00e1cono<\/td><td>Um leigo (leitor) pode faz\u00ea-lo<\/td><\/tr><tr><td><strong>L\u00edngua da proclama\u00e7\u00e3o<\/strong><\/td><td>Latim<\/td><td>L\u00edngua vern\u00e1cula<\/td><\/tr><tr><td><strong>Local da proclama\u00e7\u00e3o<\/strong><\/td><td>No altar, como parte do sacrif\u00edcio<\/td><td>No amb\u00e3o, como instru\u00e7\u00e3o da assembleia<\/td><\/tr><tr><td><strong>Forma\u00e7\u00e3o do leitor<\/strong><\/td><td>Cl\u00e9rigo com forma\u00e7\u00e3o teol\u00f3gica<\/td><td>Qualquer leigo com forma\u00e7\u00e3o b\u00e1sica<\/td><\/tr><\/tbody><\/table><\/figure>\n\n\n\n<h2 class=\"wp-block-heading\"><strong>Conclus\u00e3o: A Palavra de Deus e sua transmiss\u00e3o lit\u00fargica<\/strong><\/h2>\n\n\n\n<p>A proclama\u00e7\u00e3o da Palavra de Deus \u00e9 uma componente essencial da liturgia. Na forma ordin\u00e1ria do rito romano (<em>Novus Ordo<\/em>), os leigos t\u00eam a possibilidade de proclamar a Sagrada Escritura, refor\u00e7ando assim a participa\u00e7\u00e3o ativa do povo na Missa. Na forma extraordin\u00e1ria (<em>Vetus Ordo<\/em>), por outro lado, a proclama\u00e7\u00e3o permanece reservada ao clero para sublinhar a sacralidade do altar e o papel sacerdotal na transmiss\u00e3o da f\u00e9.<\/p>\n\n\n\n<p>Al\u00e9m das diferen\u00e7as lit\u00fargicas, o essencial \u00e9 que a Palavra de Deus seja proclamada com rever\u00eancia, fidelidade e esp\u00edrito de ora\u00e7\u00e3o. Como diz a Carta aos Hebreus 4,12:<\/p>\n\n\n\n<blockquote class=\"wp-block-quote is-layout-flow wp-block-quote-is-layout-flow\">\n<p><em>\u00abA palavra de Deus \u00e9 viva, eficaz e mais afiada que qualquer espada de dois gumes; ela penetra at\u00e9 dividir alma e esp\u00edrito, juntas e medulas, e julga os pensamentos e inten\u00e7\u00f5es do cora\u00e7\u00e3o.\u00bb<\/em><\/p>\n<\/blockquote>\n\n\n\n<p>Que cada leitor, seja na Missa tradicional ou na reformada, lembre-se sempre de ser um instrumento de Deus para levar Sua mensagem ao mundo.<\/p>\n","protected":false},"excerpt":{"rendered":"<p>A liturgia \u00e9 o cora\u00e7\u00e3o da vida crist\u00e3, o lugar sagrado onde a Igreja encontra Deus na ora\u00e7\u00e3o, no sacrif\u00edcio e no louvor. Nesse contexto, a proclama\u00e7\u00e3o da Palavra ocupa um lugar central, e os leitores t\u00eam a responsabilidade de transmitir a voz de Deus \u00e0 assembleia. No entanto, o papel do leitor n\u00e3o foi &hellip;<\/p>\n","protected":false},"author":3,"featured_media":2640,"comment_status":"open","ping_status":"open","sticky":false,"template":"","format":"standard","meta":{"_seopress_robots_primary_cat":"","_seopress_titles_title":"","_seopress_titles_desc":"","_seopress_robots_index":"","footnotes":""},"categories":[38,52],"tags":[736,349],"class_list":["post-2639","post","type-post","status-publish","format-standard","has-post-thumbnail","","category-historia-e-tradicao","category-liturgia-e-ano-liturgico","tag-leitores","tag-liturgia"],"_links":{"self":[{"href":"https:\/\/catholicus.eu\/pt\/wp-json\/wp\/v2\/posts\/2639","targetHints":{"allow":["GET"]}}],"collection":[{"href":"https:\/\/catholicus.eu\/pt\/wp-json\/wp\/v2\/posts"}],"about":[{"href":"https:\/\/catholicus.eu\/pt\/wp-json\/wp\/v2\/types\/post"}],"author":[{"embeddable":true,"href":"https:\/\/catholicus.eu\/pt\/wp-json\/wp\/v2\/users\/3"}],"replies":[{"embeddable":true,"href":"https:\/\/catholicus.eu\/pt\/wp-json\/wp\/v2\/comments?post=2639"}],"version-history":[{"count":1,"href":"https:\/\/catholicus.eu\/pt\/wp-json\/wp\/v2\/posts\/2639\/revisions"}],"predecessor-version":[{"id":2641,"href":"https:\/\/catholicus.eu\/pt\/wp-json\/wp\/v2\/posts\/2639\/revisions\/2641"}],"wp:featuredmedia":[{"embeddable":true,"href":"https:\/\/catholicus.eu\/pt\/wp-json\/wp\/v2\/media\/2640"}],"wp:attachment":[{"href":"https:\/\/catholicus.eu\/pt\/wp-json\/wp\/v2\/media?parent=2639"}],"wp:term":[{"taxonomy":"category","embeddable":true,"href":"https:\/\/catholicus.eu\/pt\/wp-json\/wp\/v2\/categories?post=2639"},{"taxonomy":"post_tag","embeddable":true,"href":"https:\/\/catholicus.eu\/pt\/wp-json\/wp\/v2\/tags?post=2639"}],"curies":[{"name":"wp","href":"https:\/\/api.w.org\/{rel}","templated":true}]}}