{"id":2636,"date":"2025-03-13T20:39:45","date_gmt":"2025-03-13T19:39:45","guid":{"rendered":"https:\/\/catholicus.eu\/pt\/?p=2636"},"modified":"2025-03-13T20:39:45","modified_gmt":"2025-03-13T19:39:45","slug":"os-ministerios-um-legado-de-servico-e-fe-na-igreja-catolica","status":"publish","type":"post","link":"https:\/\/catholicus.eu\/pt\/os-ministerios-um-legado-de-servico-e-fe-na-igreja-catolica\/","title":{"rendered":"Os Minist\u00e9rios: Um Legado de Servi\u00e7o e F\u00e9 na Igreja Cat\u00f3lica"},"content":{"rendered":"\n<p>No cora\u00e7\u00e3o da Igreja Cat\u00f3lica pulsa uma realidade profunda e transformadora: os minist\u00e9rios. Estes n\u00e3o s\u00e3o simples cargos ou fun\u00e7\u00f5es, mas dons do Esp\u00edrito Santo para edificar a comunidade crist\u00e3 e levar a mensagem de Cristo ao mundo. Em um tempo em que a f\u00e9 parece se diluir diante das correntes modernas, compreender o que s\u00e3o os minist\u00e9rios, sua origem, sua hist\u00f3ria e seu significado atual \u00e9 essencial para revitalizar nossa vida espiritual e nossa miss\u00e3o como batizados.<\/p>\n\n\n\n<h3 class=\"wp-block-heading\"><strong>A Origem Divina dos Minist\u00e9rios<\/strong><\/h3>\n\n\n\n<p>Os minist\u00e9rios n\u00e3o s\u00e3o uma inven\u00e7\u00e3o humana, mas um des\u00edgnio divino. Desde os primeiros momentos da Igreja, Cristo instituiu um modelo de servi\u00e7o que refletisse Seu amor e Sua entrega. No Evangelho de S\u00e3o Mateus, Jesus diz:&nbsp;<em>&#8220;O Filho do Homem n\u00e3o veio para ser servido, mas para servir e dar a sua vida em resgate por muitos&#8221;<\/em>&nbsp;(Mateus 20,28). Este vers\u00edculo \u00e9 a pedra angular de todo minist\u00e9rio: um chamado a servir, n\u00e3o a ser servido.<\/p>\n\n\n\n<p>Nos Atos dos Ap\u00f3stolos, vemos como os primeiros crist\u00e3os organizaram suas comunidades sob a guia do Esp\u00edrito Santo. Os ap\u00f3stolos, conscientes de que n\u00e3o podiam fazer tudo, institu\u00edram di\u00e1conos para atender \u00e0s necessidades da comunidade (Atos 6,1-7). Este ato n\u00e3o foi uma mera delega\u00e7\u00e3o de tarefas, mas um reconhecimento de que o servi\u00e7o \u00e9 diverso e complementar. Assim nasceram os primeiros minist\u00e9rios, como uma resposta \u00e0s necessidades concretas da Igreja primitiva.<\/p>\n\n\n\n<h3 class=\"wp-block-heading\"><strong>A Hist\u00f3ria dos Minist\u00e9rios: Dos Ap\u00f3stolos ao Vaticano II<\/strong><\/h3>\n\n\n\n<p>Ao longo dos s\u00e9culos, os minist\u00e9rios evolu\u00edram, mas sempre mantendo sua ess\u00eancia: ser instrumentos de Cristo para a salva\u00e7\u00e3o das almas. Nos primeiros s\u00e9culos, os minist\u00e9rios se concentravam nos bispos, presb\u00edteros e di\u00e1conos, seguindo o modelo apost\u00f3lico. No entanto, com o tempo, a Igreja reconheceu a necessidade de outros servi\u00e7os, como os leitores, ac\u00f3litos e exorcistas, que faziam parte do que se conhecia como &#8220;ordens menores&#8221;.<\/p>\n\n\n\n<p>O Conc\u00edlio Vaticano II (1962-1965) marcou um marco na compreens\u00e3o dos minist\u00e9rios. Em sua constitui\u00e7\u00e3o&nbsp;<em>Lumen Gentium<\/em>, o Conc\u00edlio destacou que todos os batizados participam do sacerd\u00f3cio comum dos fi\u00e9is e s\u00e3o chamados a ser santos e a colaborar na miss\u00e3o da Igreja. Isso n\u00e3o significou uma desvaloriza\u00e7\u00e3o do sacerd\u00f3cio ministerial, mas uma reafirma\u00e7\u00e3o de que todos temos um papel a desempenhar no Corpo de Cristo.<\/p>\n\n\n\n<h3 class=\"wp-block-heading\"><strong>Os Minist\u00e9rios na Igreja Hoje<\/strong><\/h3>\n\n\n\n<p>Hoje, os minist\u00e9rios s\u00e3o mais relevantes do que nunca. Em um mundo marcado pelo individualismo e pela seculariza\u00e7\u00e3o, a Igreja precisa de testemunhas que vivam sua f\u00e9 de maneira aut\u00eantica e comprometida. Os minist\u00e9rios n\u00e3o s\u00e3o apenas para o clero; tamb\u00e9m os leigos s\u00e3o chamados a servir em \u00e1reas como a catequese, a liturgia, a caridade e a evangeliza\u00e7\u00e3o.<\/p>\n\n\n\n<p>A seguir, apresentamos uma lista dos principais minist\u00e9rios na Igreja Cat\u00f3lica, tanto ordenados quanto n\u00e3o ordenados:<\/p>\n\n\n\n<h4 class=\"wp-block-heading\"><strong>Minist\u00e9rios Ordenados<\/strong><\/h4>\n\n\n\n<ol start=\"1\" class=\"wp-block-list\">\n<li><strong>Episcopado (Bispos):<\/strong>\u00a0Os bispos s\u00e3o os sucessores dos ap\u00f3stolos e possuem a plenitude do sacerd\u00f3cio. S\u00e3o respons\u00e1veis por guiar e santificar a Igreja local (diocese).<\/li>\n\n\n\n<li><strong>Presbiterado (Sacerdotes):<\/strong>\u00a0Os sacerdotes colaboram com os bispos na prega\u00e7\u00e3o, na celebra\u00e7\u00e3o dos sacramentos e na orienta\u00e7\u00e3o pastoral dos fi\u00e9is.<\/li>\n\n\n\n<li><strong>Diaconato (Di\u00e1conos):<\/strong>\u00a0Os di\u00e1conos, sejam transit\u00f3rios (a caminho do sacerd\u00f3cio) ou permanentes, servem na liturgia, na caridade e na proclama\u00e7\u00e3o do Evangelho.<\/li>\n<\/ol>\n\n\n\n<h4 class=\"wp-block-heading\"><strong>Minist\u00e9rios N\u00e3o Ordenados<\/strong><\/h4>\n\n\n\n<ol start=\"1\" class=\"wp-block-list\">\n<li><strong>Ministros Extraordin\u00e1rios da Sagrada Comunh\u00e3o:<\/strong>\u00a0Leigos autorizados a distribuir a Eucaristia, especialmente na aus\u00eancia de um sacerdote ou di\u00e1cono.<\/li>\n\n\n\n<li><strong>Leitores:<\/strong>\u00a0Respons\u00e1veis por proclamar a Palavra de Deus durante a liturgia, com exce\u00e7\u00e3o do Evangelho.<\/li>\n\n\n\n<li><strong>Ac\u00f3litos (Coroinhas):<\/strong>\u00a0Auxiliam no altar durante a celebra\u00e7\u00e3o da Missa e outras liturgias.<\/li>\n\n\n\n<li><strong>Catequistas:<\/strong>\u00a0Ensinam a f\u00e9 a crian\u00e7as, jovens e adultos, preparando-os para os sacramentos.<\/li>\n\n\n\n<li><strong>Ministros da Caridade:<\/strong>\u00a0Coordenam e participam de obras de miseric\u00f3rdia, como visitar os doentes ou ajudar os necessitados.<\/li>\n\n\n\n<li><strong>Ministros da M\u00fasica Lit\u00fargica:<\/strong>\u00a0Dirigem ou participam do canto e da m\u00fasica durante as celebra\u00e7\u00f5es lit\u00fargicas.<\/li>\n\n\n\n<li><strong>Ministros da Hospitalidade (Coroinhas):<\/strong>\u00a0Recebem os fi\u00e9is, organizam as prociss\u00f5es e mant\u00eam a ordem durante as celebra\u00e7\u00f5es.<\/li>\n<\/ol>\n\n\n\n<h3 class=\"wp-block-heading\"><strong>Reivindica\u00e7\u00f5es e Refuta\u00e7\u00f5es Apolog\u00e9ticas<\/strong><\/h3>\n\n\n\n<p>Nos \u00faltimos anos, alguns t\u00eam questionado a necessidade ou a validade de certos minist\u00e9rios, argumentando que eles poderiam diluir o papel do sacerd\u00f3cio ministerial ou criar confus\u00e3o na hierarquia da Igreja. No entanto, essas cr\u00edticas perdem de vista a natureza complementar dos minist\u00e9rios. O Catecismo da Igreja Cat\u00f3lica ensina que&nbsp;<em>&#8220;os minist\u00e9rios eclesiais, institu\u00eddos por Deus, s\u00e3o ordenados para o bem de todo o Corpo&#8221;<\/em>&nbsp;(CIC 874). N\u00e3o se trata de competir, mas de colaborar.<\/p>\n\n\n\n<p>Outro equ\u00edvoco comum \u00e9 pensar que os minist\u00e9rios s\u00e3o uma forma de &#8220;clericalizar&#8221; os leigos. Nada poderia estar mais longe da verdade. Os leigos n\u00e3o s\u00e3o &#8220;sacerdotes de segunda classe&#8221;, mas t\u00eam uma miss\u00e3o \u00fanica: santificar o mundo a partir de dentro. Como disse S\u00e3o Jo\u00e3o Paulo II,&nbsp;<em>&#8220;os fi\u00e9is leigos s\u00e3o chamados a ser no mundo o que a alma \u00e9 para o corpo&#8221;<\/em>&nbsp;(Christifideles Laici, 34).<\/p>\n\n\n\n<h3 class=\"wp-block-heading\"><strong>Uma Anecdota Inspiradora: S\u00e3o Louren\u00e7o, Di\u00e1cono e M\u00e1rtir<\/strong><\/h3>\n\n\n\n<p>S\u00e3o Louren\u00e7o, um dos di\u00e1conos mais famosos da Igreja, \u00e9 um exemplo luminoso do que significa viver um minist\u00e9rio com dedica\u00e7\u00e3o e coragem. Durante a persegui\u00e7\u00e3o do imperador Valeriano, ele foi ordenado a entregar os tesouros da Igreja. Louren\u00e7o reuniu os pobres e doentes e os apresentou como o verdadeiro tesouro da Igreja. Por sua ousadia, foi martirizado em uma grelha, mas seu testemunho permanece como um lembrete de que o servi\u00e7o aos outros \u00e9 o caminho para a santidade.<\/p>\n\n\n\n<h3 class=\"wp-block-heading\"><strong>Conclus\u00e3o: Um Chamado a Servir com Amor<\/strong><\/h3>\n\n\n\n<p>Os minist\u00e9rios n\u00e3o s\u00e3o um fim em si mesmos, mas um meio para glorificar a Deus e servir aos nossos irm\u00e3os e irm\u00e3s. Em um mundo que clama por esperan\u00e7a e significado, n\u00f3s, crist\u00e3os, somos chamados a ser a luz do mundo e o sal da terra. Seja como catequistas, leitores, m\u00fasicos lit\u00fargicos ou volunt\u00e1rios em obras de caridade, cada um de n\u00f3s tem um papel a desempenhar na grande obra da salva\u00e7\u00e3o.<\/p>\n\n\n\n<p>Como nos lembra S\u00e3o Paulo:&nbsp;<em>&#8220;H\u00e1 diversidade de minist\u00e9rios, mas um s\u00f3 \u00e9 o Senhor&#8221;<\/em>&nbsp;(1 Cor\u00edntios 12,5). Que esta compreens\u00e3o nos inspire a viver nosso minist\u00e9rio com humildade, generosidade e amor, sabendo que, ao servir aos outros, servimos ao pr\u00f3prio Cristo. Que Maria, a serva do Senhor, nos guie neste caminho de dedica\u00e7\u00e3o e fidelidade. Am\u00e9m.<\/p>\n","protected":false},"excerpt":{"rendered":"<p>No cora\u00e7\u00e3o da Igreja Cat\u00f3lica pulsa uma realidade profunda e transformadora: os minist\u00e9rios. Estes n\u00e3o s\u00e3o simples cargos ou fun\u00e7\u00f5es, mas dons do Esp\u00edrito Santo para edificar a comunidade crist\u00e3 e levar a mensagem de Cristo ao mundo. Em um tempo em que a f\u00e9 parece se diluir diante das correntes modernas, compreender o que &hellip;<\/p>\n","protected":false},"author":3,"featured_media":2637,"comment_status":"open","ping_status":"open","sticky":false,"template":"","format":"standard","meta":{"_seopress_robots_primary_cat":"","_seopress_titles_title":"","_seopress_titles_desc":"","_seopress_robots_index":"","footnotes":""},"categories":[41,67],"tags":[735],"class_list":["post-2636","post","type-post","status-publish","format-standard","has-post-thumbnail","","category-fe-e-cultura","category-testemunhos-de-fe","tag-ministerios"],"_links":{"self":[{"href":"https:\/\/catholicus.eu\/pt\/wp-json\/wp\/v2\/posts\/2636","targetHints":{"allow":["GET"]}}],"collection":[{"href":"https:\/\/catholicus.eu\/pt\/wp-json\/wp\/v2\/posts"}],"about":[{"href":"https:\/\/catholicus.eu\/pt\/wp-json\/wp\/v2\/types\/post"}],"author":[{"embeddable":true,"href":"https:\/\/catholicus.eu\/pt\/wp-json\/wp\/v2\/users\/3"}],"replies":[{"embeddable":true,"href":"https:\/\/catholicus.eu\/pt\/wp-json\/wp\/v2\/comments?post=2636"}],"version-history":[{"count":1,"href":"https:\/\/catholicus.eu\/pt\/wp-json\/wp\/v2\/posts\/2636\/revisions"}],"predecessor-version":[{"id":2638,"href":"https:\/\/catholicus.eu\/pt\/wp-json\/wp\/v2\/posts\/2636\/revisions\/2638"}],"wp:featuredmedia":[{"embeddable":true,"href":"https:\/\/catholicus.eu\/pt\/wp-json\/wp\/v2\/media\/2637"}],"wp:attachment":[{"href":"https:\/\/catholicus.eu\/pt\/wp-json\/wp\/v2\/media?parent=2636"}],"wp:term":[{"taxonomy":"category","embeddable":true,"href":"https:\/\/catholicus.eu\/pt\/wp-json\/wp\/v2\/categories?post=2636"},{"taxonomy":"post_tag","embeddable":true,"href":"https:\/\/catholicus.eu\/pt\/wp-json\/wp\/v2\/tags?post=2636"}],"curies":[{"name":"wp","href":"https:\/\/api.w.org\/{rel}","templated":true}]}}