{"id":2610,"date":"2025-03-13T00:38:13","date_gmt":"2025-03-12T23:38:13","guid":{"rendered":"https:\/\/catholicus.eu\/pt\/?p=2610"},"modified":"2025-03-13T00:38:14","modified_gmt":"2025-03-12T23:38:14","slug":"a-medida-de-nossa-senhora-do-pilar-um-tesouro-de-fe-e-protecao-na-tradicao-catolica","status":"publish","type":"post","link":"https:\/\/catholicus.eu\/pt\/a-medida-de-nossa-senhora-do-pilar-um-tesouro-de-fe-e-protecao-na-tradicao-catolica\/","title":{"rendered":"A Medida de Nossa Senhora do Pilar: Um Tesouro de F\u00e9 e Prote\u00e7\u00e3o na Tradi\u00e7\u00e3o Cat\u00f3lica"},"content":{"rendered":"\n<p>Na imensa riqueza da tradi\u00e7\u00e3o cat\u00f3lica, existem sacramentais que acompanham a vida espiritual dos fi\u00e9is h\u00e1 s\u00e9culos, lembrando-nos da proximidade de Deus e da intercess\u00e3o da Virgem Maria. Um desses sacramentais \u00e9 <strong>a Medida de Nossa Senhora do Pilar<\/strong>, uma tradi\u00e7\u00e3o pouco conhecida, mas profundamente significativa, repleta de hist\u00f3ria, devo\u00e7\u00e3o e prote\u00e7\u00e3o materna. O que \u00e9 exatamente? De onde vem? Como pode nos ajudar hoje? Vamos explorar juntos sua hist\u00f3ria, simbolismo e sua import\u00e2ncia na vida crist\u00e3 contempor\u00e2nea.<\/p>\n\n\n\n<h2 class=\"wp-block-heading\"><strong>O Que \u00e9 a Medida de Nossa Senhora do Pilar?<\/strong><\/h2>\n\n\n\n<p>A Medida de Nossa Senhora do Pilar \u00e9 um <strong>sacramental<\/strong>, uma fita aben\u00e7oada que reproduz o tamanho exato da coluna (ou pilar) sobre a qual, segundo a tradi\u00e7\u00e3o, a Virgem Maria apareceu ao ap\u00f3stolo S\u00e3o Tiago, em Sarago\u00e7a, na Espanha, no ano 40 d.C. Essa fita \u00e9 um sinal tang\u00edvel da prote\u00e7\u00e3o materna da Virgem e de sua intercess\u00e3o junto a Deus.<\/p>\n\n\n\n<p>H\u00e1 gera\u00e7\u00f5es, os fi\u00e9is usam esse sacramental como um sinal de confian\u00e7a em Nossa Senhora do Pilar, especialmente em momentos de enfermidade, perigo ou prova\u00e7\u00e3o. Muitos a carregam consigo, a guardam em casa ou a utilizam como um s\u00edmbolo de prote\u00e7\u00e3o, semelhante ao escapul\u00e1rio.<\/p>\n\n\n\n<h2 class=\"wp-block-heading\"><strong>Hist\u00f3ria e Origem: Um Pilar da F\u00e9 no Cristianismo<\/strong><\/h2>\n\n\n\n<p>A devo\u00e7\u00e3o a Nossa Senhora do Pilar remonta aos prim\u00f3rdios do cristianismo. De acordo com a tradi\u00e7\u00e3o, o ap\u00f3stolo S\u00e3o Tiago, desanimado com a lenta convers\u00e3o dos pag\u00e3os na Espanha, recebeu a visita da Virgem Maria enquanto ela ainda estava viva em Jerusal\u00e9m. Ela apareceu sobre uma coluna de jaspe em Sarago\u00e7a e pediu a ele que constru\u00edsse um templo em honra de seu Filho.<\/p>\n\n\n\n<p>Com o passar do tempo, essa coluna tornou-se um sinal da presen\u00e7a materna da Virgem e o centro de uma grande devo\u00e7\u00e3o mariana. No s\u00e9culo XVII, come\u00e7ou a tradi\u00e7\u00e3o de medir a coluna e reproduzir sua altura exata em uma fita. Essas fitas eram aben\u00e7oadas e distribu\u00eddas aos fi\u00e9is como um sinal de prote\u00e7\u00e3o e ref\u00fagio sob o amparo de Nossa Senhora.<\/p>\n\n\n\n<h2 class=\"wp-block-heading\"><strong>As Caracter\u00edsticas da Medida do Pilar<\/strong><\/h2>\n\n\n\n<h3 class=\"wp-block-heading\"><strong>1. O Tamanho Exato da Coluna<\/strong><\/h3>\n\n\n\n<p>A fita representa a altura da coluna sobre a qual a Virgem teria aparecido a S\u00e3o Tiago. Embora as fontes variem, a medida geralmente aceita \u00e9 de <strong>36 cent\u00edmetros<\/strong>, que corresponde \u00e0 altura da coluna de jaspe ainda hoje venerada na Bas\u00edlica de Nossa Senhora do Pilar, em Sarago\u00e7a.<\/p>\n\n\n\n<h3 class=\"wp-block-heading\"><strong>2. Cores e Seus Significados<\/strong><\/h3>\n\n\n\n<p>As fitas s\u00e3o confeccionadas em diferentes cores, cada uma com um significado especial:<\/p>\n\n\n\n<ul class=\"wp-block-list\">\n<li><strong>Branco:<\/strong> Simboliza a pureza da Virgem Maria.<\/li>\n\n\n\n<li><strong>Azul:<\/strong> Representa sua maternidade e realeza celestial.<\/li>\n\n\n\n<li><strong>Vermelho:<\/strong> Simboliza o amor e o sangue derramado por Cristo e pelos m\u00e1rtires da f\u00e9.<\/li>\n\n\n\n<li><strong>Amarelo ou dourado:<\/strong> Indica a gl\u00f3ria e o poder divino.<\/li>\n<\/ul>\n\n\n\n<p>Muitos fi\u00e9is escolhem a cor da fita de acordo com sua devo\u00e7\u00e3o pessoal ou com a inten\u00e7\u00e3o espec\u00edfica para a qual desejam us\u00e1-la.<\/p>\n\n\n<div class=\"wp-block-image\">\n<figure class=\"aligncenter size-full\"><img loading=\"lazy\" decoding=\"async\" width=\"600\" height=\"380\" src=\"https:\/\/catholicus.eu\/pt\/wp-content\/uploads\/sites\/6\/2025\/03\/medida_virgen.jpg\" alt=\"\" class=\"wp-image-2612\" srcset=\"https:\/\/catholicus.eu\/pt\/wp-content\/uploads\/sites\/6\/2025\/03\/medida_virgen.jpg 600w, https:\/\/catholicus.eu\/pt\/wp-content\/uploads\/sites\/6\/2025\/03\/medida_virgen-300x190.jpg 300w\" sizes=\"auto, (max-width: 600px) 100vw, 600px\" \/><\/figure>\n<\/div>\n\n\n<h3 class=\"wp-block-heading\"><strong>3. Uso e B\u00ean\u00e7\u00e3o<\/strong><\/h3>\n\n\n\n<p>Para que esse sacramental tenha todo o seu significado espiritual, ele deve ser <strong>aben\u00e7oado por um sacerdote<\/strong>. Ap\u00f3s a b\u00ean\u00e7\u00e3o, os fi\u00e9is podem carreg\u00e1-lo consigo, coloc\u00e1-lo debaixo do travesseiro, na roupa de um beb\u00ea, costur\u00e1-lo na vestimenta ou mant\u00ea-lo em casa como um sinal da presen\u00e7a protetora de Nossa Senhora do Pilar.<\/p>\n\n\n\n<h2 class=\"wp-block-heading\"><strong>A Medida do Pilar na Vida Crist\u00e3 Atual<\/strong><\/h2>\n\n\n\n<p>Em um mundo onde a f\u00e9 \u00e9 constantemente desafiada e as dificuldades da vida podem nos fazer sentir sozinhos, a Medida de Nossa Senhora do Pilar continua sendo um sinal tang\u00edvel de que n\u00e3o estamos abandonados.<\/p>\n\n\n\n<p>Muitos testemunhos relatam como essa fita acompanhou pessoas em momentos dif\u00edceis:<\/p>\n\n\n\n<ul class=\"wp-block-list\">\n<li><strong>M\u00e3es a colocam no ber\u00e7o de seus filhos<\/strong>, pedindo a prote\u00e7\u00e3o da Virgem.<\/li>\n\n\n\n<li><strong>Doentes a carregam consigo<\/strong>, buscando conforto e cura.<\/li>\n\n\n\n<li><strong>Fi\u00e9is a mant\u00eam em suas casas<\/strong>, como um sinal de b\u00ean\u00e7\u00e3o e ref\u00fagio.<\/li>\n<\/ul>\n\n\n\n<p>Esse sacramental nos lembra que Maria est\u00e1 pr\u00f3xima de n\u00f3s \u2013 assim como esteve ao lado de S\u00e3o Tiago em sua prova\u00e7\u00e3o.<\/p>\n\n\n\n<h2 class=\"wp-block-heading\"><strong>Um Sinal B\u00edblico de Prote\u00e7\u00e3o<\/strong><\/h2>\n\n\n\n<p>O uso de objetos aben\u00e7oados como sinal de prote\u00e7\u00e3o e f\u00e9 tem base b\u00edblica. Nos Atos dos Ap\u00f3stolos, lemos:<\/p>\n\n\n\n<blockquote class=\"wp-block-quote is-layout-flow wp-block-quote-is-layout-flow\">\n<p>\u201cLevavam aos enfermos len\u00e7os e aventais que tinham tocado o corpo de Paulo, e as enfermidades os deixavam, e os esp\u00edritos malignos sa\u00edam deles.\u201d (Atos 19,12)<\/p>\n<\/blockquote>\n\n\n\n<p>Isso nos mostra que, embora os sacramentais n\u00e3o sejam objetos m\u00e1gicos, s\u00e3o <strong>sinais da gra\u00e7a de Deus<\/strong> e da intercess\u00e3o dos santos.<\/p>\n\n\n\n<h2 class=\"wp-block-heading\"><strong>A Medida do Pilar e o Desafio da F\u00e9 Hoje<\/strong><\/h2>\n\n\n\n<p>Em tempos de relativismo e seculariza\u00e7\u00e3o, um sacramental como a Medida do Pilar pode parecer antiquado para alguns. No entanto, seu verdadeiro valor est\u00e1 no que representa: <strong>a f\u00e9 viva dos crist\u00e3os que buscam prote\u00e7\u00e3o e proximidade com Deus atrav\u00e9s da intercess\u00e3o da Virgem Maria<\/strong>.<\/p>\n\n\n\n<p>Esse sacramental n\u00e3o \u00e9 um amuleto da sorte, mas um aux\u00edlio em nossa caminhada espiritual. Ele nos lembra que, assim como Nossa Senhora do Pilar foi um suporte para S\u00e3o Tiago, hoje ela continua sendo um pilar da f\u00e9 para n\u00f3s.<\/p>\n\n\n\n<h2 class=\"wp-block-heading\"><strong>Conclus\u00e3o: Um Pilar na Nossa Vida Espiritual<\/strong><\/h2>\n\n\n\n<p>A Medida de Nossa Senhora do Pilar \u00e9 muito mais do que uma simples fita \u2013 \u00e9 um sinal da presen\u00e7a amorosa da Virgem em nossa vida, um instrumento de prote\u00e7\u00e3o e um s\u00edmbolo de f\u00e9 que nos acompanha nas alegrias e dificuldades.<\/p>\n\n\n\n<p>Nos momentos de prova\u00e7\u00e3o, na doen\u00e7a ou simplesmente como um ato de amor \u00e0 Virgem Maria, carregar a Medida do Pilar \u00e9 um gesto de confian\u00e7a na maternidade espiritual daquela que nos foi dada como M\u00e3e.<\/p>\n\n\n\n<p>Que Nossa Senhora do Pilar nos ajude a permanecer firmes na f\u00e9 e nos lembre de que, aconte\u00e7a o que acontecer, nunca estamos sozinhos.<\/p>\n","protected":false},"excerpt":{"rendered":"<p>Na imensa riqueza da tradi\u00e7\u00e3o cat\u00f3lica, existem sacramentais que acompanham a vida espiritual dos fi\u00e9is h\u00e1 s\u00e9culos, lembrando-nos da proximidade de Deus e da intercess\u00e3o da Virgem Maria. Um desses sacramentais \u00e9 a Medida de Nossa Senhora do Pilar, uma tradi\u00e7\u00e3o pouco conhecida, mas profundamente significativa, repleta de hist\u00f3ria, devo\u00e7\u00e3o e prote\u00e7\u00e3o materna. O que &hellip;<\/p>\n","protected":false},"author":3,"featured_media":2611,"comment_status":"open","ping_status":"open","sticky":false,"template":"","format":"standard","meta":{"_seopress_robots_primary_cat":"","_seopress_titles_title":"","_seopress_titles_desc":"","_seopress_robots_index":"","footnotes":""},"categories":[40,62],"tags":[726,304],"class_list":["post-2610","post","type-post","status-publish","format-standard","has-post-thumbnail","","category-oracao-e-espiritualidade","category-sacramentais-e-peregrinacoes","tag-medida-de-nossa-senhora-do-pilar","tag-saragoca"],"_links":{"self":[{"href":"https:\/\/catholicus.eu\/pt\/wp-json\/wp\/v2\/posts\/2610","targetHints":{"allow":["GET"]}}],"collection":[{"href":"https:\/\/catholicus.eu\/pt\/wp-json\/wp\/v2\/posts"}],"about":[{"href":"https:\/\/catholicus.eu\/pt\/wp-json\/wp\/v2\/types\/post"}],"author":[{"embeddable":true,"href":"https:\/\/catholicus.eu\/pt\/wp-json\/wp\/v2\/users\/3"}],"replies":[{"embeddable":true,"href":"https:\/\/catholicus.eu\/pt\/wp-json\/wp\/v2\/comments?post=2610"}],"version-history":[{"count":1,"href":"https:\/\/catholicus.eu\/pt\/wp-json\/wp\/v2\/posts\/2610\/revisions"}],"predecessor-version":[{"id":2613,"href":"https:\/\/catholicus.eu\/pt\/wp-json\/wp\/v2\/posts\/2610\/revisions\/2613"}],"wp:featuredmedia":[{"embeddable":true,"href":"https:\/\/catholicus.eu\/pt\/wp-json\/wp\/v2\/media\/2611"}],"wp:attachment":[{"href":"https:\/\/catholicus.eu\/pt\/wp-json\/wp\/v2\/media?parent=2610"}],"wp:term":[{"taxonomy":"category","embeddable":true,"href":"https:\/\/catholicus.eu\/pt\/wp-json\/wp\/v2\/categories?post=2610"},{"taxonomy":"post_tag","embeddable":true,"href":"https:\/\/catholicus.eu\/pt\/wp-json\/wp\/v2\/tags?post=2610"}],"curies":[{"name":"wp","href":"https:\/\/api.w.org\/{rel}","templated":true}]}}