{"id":2407,"date":"2025-03-03T21:32:14","date_gmt":"2025-03-03T20:32:14","guid":{"rendered":"https:\/\/catholicus.eu\/pt\/?p=2407"},"modified":"2025-03-03T21:32:14","modified_gmt":"2025-03-03T20:32:14","slug":"a-lavagem-do-altar-na-quinta-feira-santa-um-gesto-sagrado-que-une-ceu-e-terra","status":"publish","type":"post","link":"https:\/\/catholicus.eu\/pt\/a-lavagem-do-altar-na-quinta-feira-santa-um-gesto-sagrado-que-une-ceu-e-terra\/","title":{"rendered":"A Lavagem do Altar na Quinta-Feira Santa: Um gesto sagrado que une c\u00e9u e terra"},"content":{"rendered":"\n<p>No cora\u00e7\u00e3o da Semana Santa, quando a Igreja Cat\u00f3lica se imerge na contempla\u00e7\u00e3o dos mist\u00e9rios mais profundos da f\u00e9, a Quinta-Feira Santa surge como um dia de especial solenidade. Entre os ritos que marcam essa data, um dos mais simb\u00f3licos e comoventes \u00e9 a lavagem do altar. Esse gesto, aparentemente simples, \u00e9 uma express\u00e3o profunda de humildade, purifica\u00e7\u00e3o e amor, que nos convida a refletir sobre o sentido da liturgia e nossa rela\u00e7\u00e3o com Deus. Neste artigo, exploraremos a origem, a hist\u00f3ria, o significado teol\u00f3gico e a pr\u00e1tica atual desse ritual, com aten\u00e7\u00e3o especial \u00e0 forma como ele \u00e9 realizado na Bas\u00edlica de S\u00e3o Pedro, no Vaticano.<\/p>\n\n\n\n<h3 class=\"wp-block-heading\"><strong>Origem e significado hist\u00f3rico da lavagem do altar<\/strong><\/h3>\n\n\n\n<p>A lavagem do altar na Quinta-Feira Santa tem suas ra\u00edzes na antiga tradi\u00e7\u00e3o lit\u00fargica da Igreja. Esse ritual remonta pelo menos ao s\u00e9culo VII, quando come\u00e7ou a ser praticado em Roma como parte dos preparativos para a celebra\u00e7\u00e3o da P\u00e1scoa. Naquela \u00e9poca, o altar n\u00e3o era apenas um m\u00f3vel sagrado, mas um s\u00edmbolo do pr\u00f3prio Cristo, a &#8220;pedra angular&#8221; da f\u00e9 (Ef\u00e9sios 2,20). Portanto, sua limpeza adquiriu um profundo significado espiritual: era um ato de rever\u00eancia ao Senhor, que se oferecia em sacrif\u00edcio pela salva\u00e7\u00e3o do mundo.<\/p>\n\n\n\n<p>O ritual se consolidou na Idade M\u00e9dia, quando a Igreja enfatizou a import\u00e2ncia da pureza ritual e da prepara\u00e7\u00e3o do cora\u00e7\u00e3o para receber os mist\u00e9rios sagrados. A lavagem do altar foi associada ao lava-p\u00e9s, que Jesus realizou para seus disc\u00edpulos antes da \u00daltima Ceia (Jo\u00e3o 13,1-17). Ambos os gestos expressam a mesma ideia: o servi\u00e7o humilde e o amor desinteressado que devem caracterizar os seguidores de Cristo.<\/p>\n\n\n\n<h3 class=\"wp-block-heading\"><strong>O significado teol\u00f3gico: Purifica\u00e7\u00e3o e renova\u00e7\u00e3o<\/strong><\/h3>\n\n\n\n<p>A lavagem do altar n\u00e3o \u00e9 um simples ato de limpeza f\u00edsica, mas um s\u00edmbolo rico em significado teol\u00f3gico. Em primeiro lugar, representa a purifica\u00e7\u00e3o do cora\u00e7\u00e3o, que deve estar livre do pecado para acolher Cristo na Eucaristia. A \u00e1gua, elemento central do ritual, \u00e9 um sinal de vida, gra\u00e7a e renova\u00e7\u00e3o, que nos lembra o batismo e a necessidade constante de convers\u00e3o.<\/p>\n\n\n\n<p>Al\u00e9m disso, o altar, como lugar onde \u00e9 oferecido o sacrif\u00edcio eucar\u00edstico, \u00e9 uma imagem de Cristo, o &#8220;Cordeiro de Deus que tira o pecado do mundo&#8221; (Jo\u00e3o 1,29). Ao lav\u00e1-lo, a Igreja reconhece a santidade desse espa\u00e7o e renova seu compromisso de adorar a Deus com um cora\u00e7\u00e3o puro. Esse gesto tamb\u00e9m nos convida a refletir sobre nossa pr\u00f3pria voca\u00e7\u00e3o: somos chamados a ser &#8220;altares vivos&#8221;, oferecendo nossas vidas como sacrif\u00edcio espiritual agrad\u00e1vel a Deus (Romanos 12,1).<\/p>\n\n\n\n<h3 class=\"wp-block-heading\"><strong>A lavagem do altar na Bas\u00edlica de S\u00e3o Pedro: Um ritual cheio de solenidade<\/strong><\/h3>\n\n\n\n<p>Na Bas\u00edlica de S\u00e3o Pedro, a lavagem do altar \u00e9 um momento de grande solenidade e beleza lit\u00fargica. O ritual ocorre ap\u00f3s a Missa da Ceia do Senhor, quando o Sant\u00edssimo Sacramento \u00e9 transferido para o altar da reposi\u00e7\u00e3o, um espa\u00e7o especialmente preparado para a adora\u00e7\u00e3o eucar\u00edstica durante o Tr\u00edduo Pascal.<\/p>\n\n\n\n<p>O rito come\u00e7a com o canto de ant\u00edfonas e salmos que evocam a miseric\u00f3rdia de Deus e a pureza do cora\u00e7\u00e3o. Os di\u00e1conos, vestidos com dalm\u00e1ticas brancas, aproximam-se do altar com jarros de \u00e1gua e esponjas. A \u00e1gua, previamente benzida, \u00e9 derramada sobre o altar enquanto s\u00e3o recitadas ora\u00e7\u00f5es que invocam a purifica\u00e7\u00e3o da Igreja e de todos os fi\u00e9is. Esse momento \u00e9 particularmente comovente, pois o som da \u00e1gua caindo sobre a pedra do altar ressoa no sil\u00eancio da bas\u00edlica, criando uma atmosfera de recolhimento e ora\u00e7\u00e3o.<\/p>\n\n\n\n<p>Um dos detalhes mais interessantes desse ritual no Vaticano \u00e9 o uso de uma \u00e1gua especial, misturada com vinho, que simboliza o sangue de Cristo derramado pela salva\u00e7\u00e3o do mundo. Esse gesto nos lembra que o altar n\u00e3o \u00e9 apenas um lugar de sacrif\u00edcio, mas tamb\u00e9m de vida e reden\u00e7\u00e3o.<\/p>\n\n\n\n<h3 class=\"wp-block-heading\"><strong>A lavagem do altar no contexto atual: Um chamado \u00e0 humildade e ao servi\u00e7o<\/strong><\/h3>\n\n\n\n<p>Em um mundo marcado pela pressa, pelo individualismo e pela busca de poder, a lavagem do altar na Quinta-Feira Santa nos oferece uma mensagem profundamente atual: a verdadeira lideran\u00e7a se exerce na humildade e no servi\u00e7o. Esse ritual nos convida a imitar Cristo, que &#8220;n\u00e3o veio para ser servido, mas para servir&#8221; (Marcos 10,45), e a lembrar que a grandeza da Igreja n\u00e3o reside em seu poder temporal, mas em sua capacidade de amar e servir os mais necessitados.<\/p>\n\n\n\n<p>Al\u00e9m disso, em uma \u00e9poca em que a pureza e a integridade moral s\u00e3o frequentemente questionadas, a lavagem do altar nos lembra da import\u00e2ncia de viver com coer\u00eancia e transpar\u00eancia, tanto em nossa vida pessoal quanto em nossa comunidade eclesial. Esse gesto nos desafia a examinar nossa consci\u00eancia e a pedir a Deus que nos purifique de todo pecado, para que possamos ser testemunhas aut\u00eanticas de seu amor no mundo.<\/p>\n\n\n\n<h3 class=\"wp-block-heading\"><strong>Uma curiosidade hist\u00f3rica: O altar e os m\u00e1rtires<\/strong><\/h3>\n\n\n\n<p>Um detalhe interessante que poucos conhecem \u00e9 que muitos altares antigos, incluindo o da Bas\u00edlica de S\u00e3o Pedro, cont\u00eam rel\u00edquias de m\u00e1rtires. Essa tradi\u00e7\u00e3o remonta aos primeiros s\u00e9culos do cristianismo, quando os fi\u00e9is celebravam a Eucaristia sobre os t\u00famulos dos m\u00e1rtires, considerados testemunhas heroicas da f\u00e9. A lavagem do altar, portanto, n\u00e3o apenas purifica o espa\u00e7o sagrado, mas tamb\u00e9m honra a mem\u00f3ria daqueles que deram suas vidas por Cristo. Esse detalhe nos lembra que nossa f\u00e9 \u00e9 constru\u00edda sobre o testemunho de in\u00fameros homens e mulheres que souberam viver o Evangelho at\u00e9 as \u00faltimas consequ\u00eancias.<\/p>\n\n\n\n<h3 class=\"wp-block-heading\"><strong>Conclus\u00e3o: Um gesto que nos une ao mist\u00e9rio de Cristo<\/strong><\/h3>\n\n\n\n<p>A lavagem do altar na Quinta-Feira Santa \u00e9 muito mais que um ritual lit\u00fargico; \u00e9 um convite a aprofundar o mist\u00e9rio de Cristo e a renovar nosso compromisso de segui-Lo com fidelidade. Esse gesto, que une c\u00e9u e terra, nos lembra que a verdadeira adora\u00e7\u00e3o n\u00e3o consiste em ritos exteriores, mas na oferta sincera do cora\u00e7\u00e3o.<\/p>\n\n\n\n<p>Nesta Quinta-Feira Santa, enquanto contemplamos o altar sendo lavado, pe\u00e7amos ao Senhor que purifique nossas vidas e nos conceda a gra\u00e7a de ser, como Ele, servos humildes e amorosos. Que esse ritual nos inspire a viver nossa f\u00e9 com autenticidade, levando o amor de Cristo a todos os cantos do mundo. Assim, a lavagem do altar n\u00e3o ser\u00e1 apenas um ato lit\u00fargico, mas um verdadeiro encontro com o Deus que nos ama e nos chama \u00e0 santidade.<\/p>\n","protected":false},"excerpt":{"rendered":"<p>No cora\u00e7\u00e3o da Semana Santa, quando a Igreja Cat\u00f3lica se imerge na contempla\u00e7\u00e3o dos mist\u00e9rios mais profundos da f\u00e9, a Quinta-Feira Santa surge como um dia de especial solenidade. Entre os ritos que marcam essa data, um dos mais simb\u00f3licos e comoventes \u00e9 a lavagem do altar. Esse gesto, aparentemente simples, \u00e9 uma express\u00e3o profunda &hellip;<\/p>\n","protected":false},"author":3,"featured_media":2408,"comment_status":"open","ping_status":"open","sticky":false,"template":"","format":"standard","meta":{"_seopress_robots_primary_cat":"","_seopress_titles_title":"","_seopress_titles_desc":"","_seopress_robots_index":"","footnotes":""},"categories":[38,52],"tags":[643,644],"class_list":["post-2407","post","type-post","status-publish","format-standard","has-post-thumbnail","","category-historia-e-tradicao","category-liturgia-e-ano-liturgico","tag-lavagem-do-altar","tag-quinta-feira-santa"],"_links":{"self":[{"href":"https:\/\/catholicus.eu\/pt\/wp-json\/wp\/v2\/posts\/2407","targetHints":{"allow":["GET"]}}],"collection":[{"href":"https:\/\/catholicus.eu\/pt\/wp-json\/wp\/v2\/posts"}],"about":[{"href":"https:\/\/catholicus.eu\/pt\/wp-json\/wp\/v2\/types\/post"}],"author":[{"embeddable":true,"href":"https:\/\/catholicus.eu\/pt\/wp-json\/wp\/v2\/users\/3"}],"replies":[{"embeddable":true,"href":"https:\/\/catholicus.eu\/pt\/wp-json\/wp\/v2\/comments?post=2407"}],"version-history":[{"count":1,"href":"https:\/\/catholicus.eu\/pt\/wp-json\/wp\/v2\/posts\/2407\/revisions"}],"predecessor-version":[{"id":2409,"href":"https:\/\/catholicus.eu\/pt\/wp-json\/wp\/v2\/posts\/2407\/revisions\/2409"}],"wp:featuredmedia":[{"embeddable":true,"href":"https:\/\/catholicus.eu\/pt\/wp-json\/wp\/v2\/media\/2408"}],"wp:attachment":[{"href":"https:\/\/catholicus.eu\/pt\/wp-json\/wp\/v2\/media?parent=2407"}],"wp:term":[{"taxonomy":"category","embeddable":true,"href":"https:\/\/catholicus.eu\/pt\/wp-json\/wp\/v2\/categories?post=2407"},{"taxonomy":"post_tag","embeddable":true,"href":"https:\/\/catholicus.eu\/pt\/wp-json\/wp\/v2\/tags?post=2407"}],"curies":[{"name":"wp","href":"https:\/\/api.w.org\/{rel}","templated":true}]}}