{"id":2366,"date":"2025-03-02T10:43:04","date_gmt":"2025-03-02T09:43:04","guid":{"rendered":"https:\/\/catholicus.eu\/pt\/?p=2366"},"modified":"2025-03-02T10:43:05","modified_gmt":"2025-03-02T09:43:05","slug":"quem-como-deus-a-pergunta-que-define-nossa-vida","status":"publish","type":"post","link":"https:\/\/catholicus.eu\/pt\/quem-como-deus-a-pergunta-que-define-nossa-vida\/","title":{"rendered":"&#8220;Quem como Deus?&#8221; \u2013 A pergunta que define nossa vida"},"content":{"rendered":"\n<p>Ao longo da hist\u00f3ria da humanidade, poucas frases carregam um peso espiritual t\u00e3o grande quanto a exclama\u00e7\u00e3o <em>&#8220;Quem como Deus?&#8221;<\/em> Essas palavras, traduzidas do hebraico <em>Mika\u2019el<\/em>, formam o nome do arcanjo S\u00e3o Miguel, o grande defensor da gl\u00f3ria divina contra a rebeli\u00e3o de L\u00facifer. Mas essa pergunta n\u00e3o \u00e9 apenas uma declara\u00e7\u00e3o de poder celestial; \u00e9 um chamado eterno para reconhecer a rela\u00e7\u00e3o entre Deus e o homem.<\/p>\n\n\n\n<p>Hoje, em um mundo onde o secularismo, a autossufici\u00eancia e o orgulho tentam tirar Deus do centro da exist\u00eancia, \u00e9 mais necess\u00e1rio do que nunca lembrar essa verdade fundamental: ningu\u00e9m \u00e9 como Deus. Refletir sobre essa frase nos leva a descobrir quem \u00e9 Deus, qual \u00e9 o nosso lugar na cria\u00e7\u00e3o e como devemos viver segundo a sua vontade.<\/p>\n\n\n\n<hr class=\"wp-block-separator has-alpha-channel-opacity\"\/>\n\n\n\n<h2 class=\"wp-block-heading\"><strong>1. A origem b\u00edblica e teol\u00f3gica de &#8220;Quem como Deus?&#8221;<\/strong><\/h2>\n\n\n\n<p>A origem dessa express\u00e3o encontra-se na batalha celestial descrita no Livro do Apocalipse:<\/p>\n\n\n\n<blockquote class=\"wp-block-quote is-layout-flow wp-block-quote-is-layout-flow\">\n<p><em>&#8220;Houve ent\u00e3o uma batalha no c\u00e9u: Miguel e seus anjos guerrearam contra o drag\u00e3o. O drag\u00e3o e seus anjos lutaram, mas foram derrotados e perderam seu lugar no c\u00e9u.&#8221;<\/em> (Apocalipse 12,7-8)<\/p>\n<\/blockquote>\n\n\n\n<p>Aqui, o arcanjo Miguel lidera a resist\u00eancia contra L\u00facifer, o anjo ca\u00eddo que, em seu orgulho, quis ser igual a Deus. Diante dessa arrog\u00e2ncia, Miguel proclama com seu pr\u00f3prio nome a verdade fundamental: somente Deus \u00e9 supremo e ningu\u00e9m pode se comparar a Ele.<\/p>\n\n\n\n<p>Esse epis\u00f3dio n\u00e3o \u00e9 apenas um relato do passado, mas um reflexo da luta que continua a acontecer no cora\u00e7\u00e3o dos homens \u2013 a luta entre a obedi\u00eancia a Deus e a autossufici\u00eancia do pecado.<\/p>\n\n\n\n<hr class=\"wp-block-separator has-alpha-channel-opacity\"\/>\n\n\n\n<h2 class=\"wp-block-heading\"><strong>2. O que significa que ningu\u00e9m \u00e9 como Deus?<\/strong><\/h2>\n\n\n\n<p>Ao afirmar que ningu\u00e9m \u00e9 como Deus, reconhecemos seus atributos divinos. Vamos refletir sobre alguns deles e como devem influenciar nossa vida cotidiana:<\/p>\n\n\n\n<h3 class=\"wp-block-heading\"><strong>A. Deus \u00e9 onipotente<\/strong><\/h3>\n\n\n\n<p>Deus \u00e9 onipotente, Criador do universo e Senhor de tudo o que existe. Seu poder n\u00e3o tem limites e nada acontece sem sua permiss\u00e3o.<\/p>\n\n\n\n<p><strong>Aplica\u00e7\u00e3o pr\u00e1tica<\/strong>: Em um mundo cheio de incertezas, confiar na onipot\u00eancia de Deus nos traz paz. N\u00e3o devemos temer o futuro nem desesperar diante das dificuldades, porque Deus tem tudo sob controle. Como diz o Salmo 46,10:<\/p>\n\n\n\n<blockquote class=\"wp-block-quote is-layout-flow wp-block-quote-is-layout-flow\">\n<p><em>&#8220;Aquietai-vos e sabei que eu sou Deus.&#8221;<\/em><\/p>\n<\/blockquote>\n\n\n\n<h3 class=\"wp-block-heading\"><strong>B. Deus \u00e9 onisciente<\/strong><\/h3>\n\n\n\n<p>Deus sabe tudo: nosso passado, nosso presente e nosso futuro. Ele conhece nossos pensamentos mais profundos, nossas lutas e alegrias.<\/p>\n\n\n\n<p><strong>Aplica\u00e7\u00e3o pr\u00e1tica<\/strong>: Saber que Deus v\u00ea tudo nos convida a viver com transpar\u00eancia e humildade. N\u00e3o h\u00e1 nada que possamos esconder Dele, por isso devemos abandonar a hipocrisia e viver na verdade.<\/p>\n\n\n\n<h3 class=\"wp-block-heading\"><strong>C. Deus \u00e9 misericordioso e justo<\/strong><\/h3>\n\n\n\n<p>Deus \u00e9 infinitamente misericordioso, mas tamb\u00e9m justo. Seu amor nos chama constantemente \u00e0 convers\u00e3o, mas sua justi\u00e7a assegura que o pecado tenha consequ\u00eancias.<\/p>\n\n\n\n<p><strong>Aplica\u00e7\u00e3o pr\u00e1tica<\/strong>: Isso nos encoraja a confiar em sua miseric\u00f3rdia no sacramento da confiss\u00e3o, mas tamb\u00e9m a temer ofend\u00ea-lo. Como diz o Salmo 130,4:<\/p>\n\n\n\n<blockquote class=\"wp-block-quote is-layout-flow wp-block-quote-is-layout-flow\">\n<p><em>&#8220;Se consideras as culpas, Senhor, Senhor, quem poder\u00e1 subsistir? Mas em ti se encontra o perd\u00e3o.&#8221;<\/em><\/p>\n<\/blockquote>\n\n\n\n<h3 class=\"wp-block-heading\"><strong>D. Deus \u00e9 amor<\/strong><\/h3>\n\n\n\n<p>O ap\u00f3stolo S\u00e3o Jo\u00e3o nos ensina:<\/p>\n\n\n\n<blockquote class=\"wp-block-quote is-layout-flow wp-block-quote-is-layout-flow\">\n<p><em>&#8220;Deus \u00e9 amor.&#8221;<\/em> (1 Jo\u00e3o 4,8)<\/p>\n<\/blockquote>\n\n\n\n<p>Esse \u00e9 um dos atributos mais profundos de Deus. Seu amor \u00e9 a raz\u00e3o de nossa exist\u00eancia e a for\u00e7a motriz da salva\u00e7\u00e3o.<\/p>\n\n\n\n<p><strong>Aplica\u00e7\u00e3o pr\u00e1tica<\/strong>: Se Deus \u00e9 amor, somos chamados a amar como Ele. Nossa vida deve refletir seu amor em nossos relacionamentos, especialmente com os mais necessitados.<\/p>\n\n\n\n<hr class=\"wp-block-separator has-alpha-channel-opacity\"\/>\n\n\n\n<h2 class=\"wp-block-heading\"><strong>3. A atualidade de &#8220;Quem como Deus?&#8221; na sociedade de hoje<\/strong><\/h2>\n\n\n\n<p>Hoje, a humanidade enfrenta a mesma tenta\u00e7\u00e3o de L\u00facifer: querer ser como Deus \u2013 mas sem Deus. O orgulho do homem moderno manifesta-se de diversas formas:<\/p>\n\n\n\n<ul class=\"wp-block-list\">\n<li>A ci\u00eancia e a tecnologia, embora sejam dons de Deus, \u00e0s vezes s\u00e3o usadas para negar sua exist\u00eancia ou para usurpar seu poder sobre a vida e a morte.<\/li>\n\n\n\n<li>A cultura do relativismo rejeita a verdade objetiva de Deus e promove a ideia de que cada um pode definir sua pr\u00f3pria moral.<\/li>\n\n\n\n<li>O materialismo leva as pessoas a confiar mais no dinheiro e no sucesso do que na provid\u00eancia divina.<\/li>\n<\/ul>\n\n\n\n<p>Diante dessa realidade, a pergunta <em>&#8220;Quem como Deus?&#8221;<\/em> torna-se um grito de resist\u00eancia espiritual. \u00c9 um chamado para reconhecer que, sem Deus, o homem est\u00e1 perdido.<\/p>\n\n\n\n<hr class=\"wp-block-separator has-alpha-channel-opacity\"\/>\n\n\n\n<h2 class=\"wp-block-heading\"><strong>4. Como viver segundo o lema &#8220;Quem como Deus?&#8221;<\/strong><\/h2>\n\n\n\n<p>Para que essa verdade transforme nossa vida, precisamos aplic\u00e1-la em nossa espiritualidade cotidiana. Aqui est\u00e3o algumas chaves:<\/p>\n\n\n\n<h3 class=\"wp-block-heading\"><strong>A. Praticar a humildade<\/strong><\/h3>\n\n\n\n<p>Reconhecer que apenas Deus \u00e9 supremo nos ajuda a viver com humildade. Devemos rejeitar o orgulho e aceitar nossa depend\u00eancia Dele.<\/p>\n\n\n\n<h3 class=\"wp-block-heading\"><strong>B. Confiar na provid\u00eancia divina<\/strong><\/h3>\n\n\n\n<p>Quando enfrentamos dificuldades, devemos lembrar que Deus \u00e9 onipotente e cuida de nossas necessidades.<\/p>\n\n\n\n<h3 class=\"wp-block-heading\"><strong>C. Ser soldados de Deus<\/strong><\/h3>\n\n\n\n<p>Assim como S\u00e3o Miguel combateu o mal, tamb\u00e9m devemos resistir \u00e0 tenta\u00e7\u00e3o e defender a f\u00e9 cat\u00f3lica em um mundo que a ataca.<\/p>\n\n\n\n<h3 class=\"wp-block-heading\"><strong>D. Rezar a S\u00e3o Miguel Arcanjo<\/strong><\/h3>\n\n\n\n<p>Uma forma concreta de viver esse lema \u00e9 recitar a <strong>ora\u00e7\u00e3o a S\u00e3o Miguel<\/strong>, especialmente nestes tempos de confus\u00e3o moral e ataques contra a Igreja:<\/p>\n\n\n\n<blockquote class=\"wp-block-quote is-layout-flow wp-block-quote-is-layout-flow\">\n<p><strong>&#8220;S\u00e3o Miguel Arcanjo, defendei-nos no combate, sede nosso aux\u00edlio contra as maldades e ciladas do dem\u00f4nio\u2026&#8221;<\/strong><\/p>\n<\/blockquote>\n\n\n\n<hr class=\"wp-block-separator has-alpha-channel-opacity\"\/>\n\n\n\n<h2 class=\"wp-block-heading\"><strong>Conclus\u00e3o: Recolocar Deus no centro<\/strong><\/h2>\n\n\n\n<p><em>&#8220;Quem como Deus?&#8221;<\/em> n\u00e3o \u00e9 apenas uma pergunta ret\u00f3rica, mas uma afirma\u00e7\u00e3o que deve guiar nossa vida. \u00c9 um lembrete de que apenas Deus \u00e9 Senhor, que a humildade \u00e9 o caminho da salva\u00e7\u00e3o e que nossa luta \u00e9 espiritual.<\/p>\n\n\n\n<p>Em um mundo que exalta o homem e coloca Deus de lado, proclamemos com convic\u00e7\u00e3o essa verdade eterna: ningu\u00e9m \u00e9 como Deus. Que S\u00e3o Miguel nos ajude a viver sempre nessa certeza, a resistir \u00e0s mentiras do inimigo e a confiar plenamente no amor e no poder divino.<\/p>\n\n\n\n<p><strong>&#8220;Quem como Deus? Ningu\u00e9m como Deus!&#8221;<\/strong><\/p>\n","protected":false},"excerpt":{"rendered":"<p>Ao longo da hist\u00f3ria da humanidade, poucas frases carregam um peso espiritual t\u00e3o grande quanto a exclama\u00e7\u00e3o &#8220;Quem como Deus?&#8221; Essas palavras, traduzidas do hebraico Mika\u2019el, formam o nome do arcanjo S\u00e3o Miguel, o grande defensor da gl\u00f3ria divina contra a rebeli\u00e3o de L\u00facifer. Mas essa pergunta n\u00e3o \u00e9 apenas uma declara\u00e7\u00e3o de poder celestial; &hellip;<\/p>\n","protected":false},"author":3,"featured_media":2367,"comment_status":"open","ping_status":"open","sticky":false,"template":"","format":"standard","meta":{"_seopress_robots_primary_cat":"","_seopress_titles_title":"","_seopress_titles_desc":"","_seopress_robots_index":"","footnotes":""},"categories":[43,37],"tags":[626],"class_list":["post-2366","post","type-post","status-publish","format-standard","has-post-thumbnail","","category-catecismo-da-igreja-catolica","category-doutrina-e-fe","tag-quem-como-deus"],"_links":{"self":[{"href":"https:\/\/catholicus.eu\/pt\/wp-json\/wp\/v2\/posts\/2366","targetHints":{"allow":["GET"]}}],"collection":[{"href":"https:\/\/catholicus.eu\/pt\/wp-json\/wp\/v2\/posts"}],"about":[{"href":"https:\/\/catholicus.eu\/pt\/wp-json\/wp\/v2\/types\/post"}],"author":[{"embeddable":true,"href":"https:\/\/catholicus.eu\/pt\/wp-json\/wp\/v2\/users\/3"}],"replies":[{"embeddable":true,"href":"https:\/\/catholicus.eu\/pt\/wp-json\/wp\/v2\/comments?post=2366"}],"version-history":[{"count":1,"href":"https:\/\/catholicus.eu\/pt\/wp-json\/wp\/v2\/posts\/2366\/revisions"}],"predecessor-version":[{"id":2368,"href":"https:\/\/catholicus.eu\/pt\/wp-json\/wp\/v2\/posts\/2366\/revisions\/2368"}],"wp:featuredmedia":[{"embeddable":true,"href":"https:\/\/catholicus.eu\/pt\/wp-json\/wp\/v2\/media\/2367"}],"wp:attachment":[{"href":"https:\/\/catholicus.eu\/pt\/wp-json\/wp\/v2\/media?parent=2366"}],"wp:term":[{"taxonomy":"category","embeddable":true,"href":"https:\/\/catholicus.eu\/pt\/wp-json\/wp\/v2\/categories?post=2366"},{"taxonomy":"post_tag","embeddable":true,"href":"https:\/\/catholicus.eu\/pt\/wp-json\/wp\/v2\/tags?post=2366"}],"curies":[{"name":"wp","href":"https:\/\/api.w.org\/{rel}","templated":true}]}}