{"id":2302,"date":"2025-02-23T14:49:07","date_gmt":"2025-02-23T13:49:07","guid":{"rendered":"https:\/\/catholicus.eu\/pt\/?p=2302"},"modified":"2025-02-23T14:49:08","modified_gmt":"2025-02-23T13:49:08","slug":"eis-que-vos-envio-como-ovelhas-no-meio-de-lobos-a-coragem-de-ser-cristao-hoje","status":"publish","type":"post","link":"https:\/\/catholicus.eu\/pt\/eis-que-vos-envio-como-ovelhas-no-meio-de-lobos-a-coragem-de-ser-cristao-hoje\/","title":{"rendered":"&#8220;Eis que vos envio como ovelhas no meio de lobos&#8221;: A coragem de ser crist\u00e3o hoje"},"content":{"rendered":"\n<p>Quando Jesus disse aos seus disc\u00edpulos: <em>&#8220;Eis que vos envio como ovelhas no meio de lobos; sede, pois, prudentes como as serpentes e simples como as pombas&#8221;<\/em> (Mateus 10,16), Ele os estava preparando para uma miss\u00e3o dif\u00edcil. N\u00e3o lhes prometeu sucesso terreno, nem reconhecimento ou seguran\u00e7a. Pelo contr\u00e1rio, os alertou de que seriam perseguidos, incompreendidos e testados em sua f\u00e9.<\/p>\n\n\n\n<p>Esse alerta n\u00e3o era apenas para os disc\u00edpulos daquela \u00e9poca, mas tamb\u00e9m para n\u00f3s hoje. Vivemos em um mundo cada vez mais hostil \u00e0 f\u00e9 crist\u00e3. A cultura dominante ridiculariza os valores do Evangelho e, em muitos lugares, professar publicamente a f\u00e9 pode levar ao desprezo, \u00e0 exclus\u00e3o ou at\u00e9 \u00e0 persegui\u00e7\u00e3o. Mas Jesus n\u00e3o nos deixou sem orienta\u00e7\u00e3o: Ele nos pede que sejamos, ao mesmo tempo, prudentes e inocentes, inteligentes sem perder a pureza.<\/p>\n\n\n\n<p>O que isso significa para n\u00f3s hoje? Como podemos viver como ovelhas no meio de lobos sem cair no des\u00e2nimo ou na tibieza? Neste artigo, exploraremos a origem e o significado dessas palavras de Jesus, seu contexto hist\u00f3rico, sua aplica\u00e7\u00e3o na hist\u00f3ria da Igreja e como podemos viv\u00ea-las no nosso dia a dia.<\/p>\n\n\n\n<h2 class=\"wp-block-heading\"><strong>1. O contexto b\u00edblico: Jesus prepara seus disc\u00edpulos<\/strong><\/h2>\n\n\n\n<p>O Evangelho de Mateus nos coloca em um momento decisivo do minist\u00e9rio de Jesus: o envio dos Doze Ap\u00f3stolos. Jesus lhes d\u00e1 instru\u00e7\u00f5es detalhadas sobre como anunciar o Reino de Deus e os alerta sobre as dificuldades que enfrentar\u00e3o.<\/p>\n\n\n\n<p>A imagem das &#8220;ovelhas no meio de lobos&#8221; \u00e9 muito forte. A ovelha \u00e9 um animal manso, indefeso, totalmente dependente do pastor. Os lobos, por outro lado, s\u00e3o predadores que buscam dividir e destruir. Jesus n\u00e3o diz aos disc\u00edpulos que se tornem lobos para se defenderem, nem que fujam; Ele os envia deliberadamente para essa realidade com uma estrat\u00e9gia de prud\u00eancia e simplicidade.<\/p>\n\n\n\n<p>S\u00e3o Jo\u00e3o Cris\u00f3stomo comenta essa passagem com as seguintes palavras: <em>&#8220;Se fossem enviados como lobos entre lobos, poderiam lutar e vencer pela for\u00e7a. Mas, como foram enviados como ovelhas entre lobos, a vit\u00f3ria n\u00e3o vem do homem, mas da gra\u00e7a de Deus.&#8221;<\/em><\/p>\n\n\n\n<h2 class=\"wp-block-heading\"><strong>2. A hist\u00f3ria da Igreja: Ovelhas no meio de lobos ao longo dos s\u00e9culos<\/strong><\/h2>\n\n\n\n<p>Desde o in\u00edcio do cristianismo, essa realidade se fez presente. Os primeiros m\u00e1rtires, como Santo Est\u00eav\u00e3o ou os crist\u00e3os lan\u00e7ados \u00e0s feras no Coliseu, deram testemunho de uma f\u00e9 inabal\u00e1vel em um mundo hostil.<\/p>\n\n\n\n<p>Um dos exemplos mais impressionantes \u00e9 o dos m\u00e1rtires de Lyon (s\u00e9culo II). Nessa cidade da G\u00e1lia romana, os crist\u00e3os sofreram uma persegui\u00e7\u00e3o brutal. Entre eles estava Santa Blandina, uma escrava considerada insignificante pela sociedade, mas que suportou torturas indescrit\u00edveis sem renegar sua f\u00e9. Suas \u00faltimas palavras foram: <em>&#8220;Sou crist\u00e3, e entre n\u00f3s n\u00e3o h\u00e1 mal.&#8221;<\/em> Como uma verdadeira ovelha no meio de lobos, n\u00e3o respondeu com \u00f3dio ou viol\u00eancia, mas com amor e fidelidade a Cristo.<\/p>\n\n\n\n<p>Mais tarde, na Idade M\u00e9dia e na era moderna, essa imagem continuou atual. Mission\u00e1rios como S\u00e3o Francisco Xavier viajaram para terras distantes, sabendo que poderiam ser rejeitados ou at\u00e9 mortos. No s\u00e9culo XX, figuras como S\u00e3o Maximiliano Kolbe ou os m\u00e1rtires da Guerra dos Cristeros, no M\u00e9xico, continuam a testemunhar esse envio de Jesus: homens e mulheres que enfrentaram o mal com coragem, sem jamais perder sua f\u00e9 e sua caridade.<\/p>\n\n\n\n<h2 class=\"wp-block-heading\"><strong>3. Como viver esse chamado hoje?<\/strong><\/h2>\n\n\n\n<p>Embora em muitos pa\u00edses os crist\u00e3os j\u00e1 n\u00e3o enfrentem persegui\u00e7\u00f5es sangrentas, o mundo continua sendo um campo de batalha espiritual.<\/p>\n\n\n\n<p>Hoje, os &#8220;lobos&#8221; assumem novas formas:<\/p>\n\n\n\n<ul class=\"wp-block-list\">\n<li><strong>A indiferen\u00e7a religiosa<\/strong>, que considera a f\u00e9 irrelevante.<\/li>\n\n\n\n<li><strong>O relativismo moral<\/strong>, que ridiculariza a verdade e os valores crist\u00e3os.<\/li>\n\n\n\n<li><strong>Ideologias anticrist\u00e3s<\/strong>, que tentam silenciar a voz do Evangelho.<\/li>\n\n\n\n<li><strong>A tibieza e o comodismo<\/strong>, que podem nos levar a abandonar a luta.<\/li>\n<\/ul>\n\n\n\n<p>Como podemos permanecer fi\u00e9is ao chamado de Jesus nesse contexto?<\/p>\n\n\n\n<h3 class=\"wp-block-heading\"><strong>a) Ser prudentes como as serpentes<\/strong><\/h3>\n\n\n\n<p>A prud\u00eancia crist\u00e3 n\u00e3o \u00e9 covardia nem esperteza ego\u00edsta. \u00c9 a capacidade de discernir quando e como falar, como agir com sabedoria sem comprometer a verdade. S\u00e3o Paulo d\u00e1 um exemplo brilhante disso quando prega no Are\u00f3pago de Atenas (Atos 17). Ele n\u00e3o ataca diretamente as cren\u00e7as dos gregos, mas parte delas para anunciar Cristo.<\/p>\n\n\n\n<p>Hoje, isso significa testemunhar nossa f\u00e9 sem cair em provoca\u00e7\u00f5es desnecess\u00e1rias, usar os meios de comunica\u00e7\u00e3o com sabedoria e nos formar doutrinariamente para responder com firmeza e caridade.<\/p>\n\n\n\n<h3 class=\"wp-block-heading\"><strong>b) Ser simples como as pombas<\/strong><\/h3>\n\n\n\n<p>A simplicidade evang\u00e9lica significa confiar em Deus sem segundas inten\u00e7\u00f5es ou duplicidade. \u00c9 viver nossa f\u00e9 com autenticidade, sem vergonha nem medo. Significa que, mesmo quando o mundo nos rejeita, n\u00e3o respondemos com \u00f3dio ou ressentimento, mas com amor e fidelidade.<\/p>\n\n\n\n<p>Um testemunho impressionante dessa atitude \u00e9 o do cardeal vietnamita Fran\u00e7ois-Xavier Nguyen Van Thuan. Preso por 13 anos, dos quais 9 em confinamento solit\u00e1rio, ele n\u00e3o permitiu que a amargura tomasse conta de seu cora\u00e7\u00e3o. Pelo contr\u00e1rio, transformou sua cela em um espa\u00e7o de ora\u00e7\u00e3o e evangeliza\u00e7\u00e3o. Em pequenos peda\u00e7os de papel, escrevia mensagens de esperan\u00e7a para os outros prisioneiros. Ele foi uma verdadeira ovelha no meio de lobos, mas nunca perdeu sua luz.<\/p>\n\n\n\n<h2 class=\"wp-block-heading\"><strong>4. O desafio da f\u00e9 no s\u00e9culo XXI<\/strong><\/h2>\n\n\n\n<p>Hoje, mais do que nunca, esse chamado de Jesus ressoa com for\u00e7a. N\u00e3o se trata de viver com medo, mas com coragem e esperan\u00e7a. Ser crist\u00e3o n\u00e3o \u00e9 f\u00e1cil, mas \u00e9 a maior honra e miss\u00e3o que podemos receber.<\/p>\n\n\n\n<p><strong>Como responder ao chamado de Cristo?<\/strong><\/p>\n\n\n\n<ul class=\"wp-block-list\">\n<li><strong>Fortalecendo nossa f\u00e9<\/strong> por meio da ora\u00e7\u00e3o, do estudo e da vida sacramental.<\/li>\n\n\n\n<li><strong>Vivendo com coer\u00eancia<\/strong>, sem nos envergonharmos do Evangelho em nosso ambiente.<\/li>\n\n\n\n<li><strong>Amando nossos inimigos<\/strong>, sem responder com \u00f3dio aos ataques contra nossa f\u00e9.<\/li>\n\n\n\n<li><strong>Sendo luz na cultura<\/strong>, promovendo os valores crist\u00e3os em nossas fam\u00edlias, no trabalho e na sociedade.<\/li>\n<\/ul>\n\n\n\n<p>S\u00e3o Jo\u00e3o Paulo II disse: <em>&#8220;N\u00e3o tenhais medo. Abri, ali\u00e1s, escancarai as portas a Cristo!&#8221;<\/em> Em um mundo que parece querer devorar a f\u00e9, a resposta n\u00e3o \u00e9 se esconder ou combater com as mesmas armas do inimigo, mas confiar que a vit\u00f3ria pertence a Deus.<\/p>\n\n\n\n<p>Cristo hoje nos envia como ovelhas no meio de lobos. Ele nos chama a sermos prudentes sem sermos calculistas, corajosos sem sermos violentos, fi\u00e9is sem sermos fan\u00e1ticos. N\u00e3o estamos sozinhos. Ele est\u00e1 conosco, e essa \u00e9 a nossa maior for\u00e7a.<\/p>\n\n\n\n<p>Que o Esp\u00edrito Santo nos conceda a gra\u00e7a de sermos testemunhas corajosas e fi\u00e9is at\u00e9 o fim.<\/p>\n","protected":false},"excerpt":{"rendered":"<p>Quando Jesus disse aos seus disc\u00edpulos: &#8220;Eis que vos envio como ovelhas no meio de lobos; sede, pois, prudentes como as serpentes e simples como as pombas&#8221; (Mateus 10,16), Ele os estava preparando para uma miss\u00e3o dif\u00edcil. N\u00e3o lhes prometeu sucesso terreno, nem reconhecimento ou seguran\u00e7a. Pelo contr\u00e1rio, os alertou de que seriam perseguidos, incompreendidos &hellip;<\/p>\n","protected":false},"author":3,"featured_media":2303,"comment_status":"open","ping_status":"open","sticky":false,"template":"","format":"standard","meta":{"_seopress_robots_primary_cat":"","_seopress_titles_title":"","_seopress_titles_desc":"","_seopress_robots_index":"","footnotes":""},"categories":[54,39],"tags":[603],"class_list":["post-2302","post","type-post","status-publish","format-standard","has-post-thumbnail","","category-bioetica-e-questoes-contemporaneas","category-moral-e-vida-crista","tag-ovelhas-no-meio-de-lobos"],"_links":{"self":[{"href":"https:\/\/catholicus.eu\/pt\/wp-json\/wp\/v2\/posts\/2302","targetHints":{"allow":["GET"]}}],"collection":[{"href":"https:\/\/catholicus.eu\/pt\/wp-json\/wp\/v2\/posts"}],"about":[{"href":"https:\/\/catholicus.eu\/pt\/wp-json\/wp\/v2\/types\/post"}],"author":[{"embeddable":true,"href":"https:\/\/catholicus.eu\/pt\/wp-json\/wp\/v2\/users\/3"}],"replies":[{"embeddable":true,"href":"https:\/\/catholicus.eu\/pt\/wp-json\/wp\/v2\/comments?post=2302"}],"version-history":[{"count":1,"href":"https:\/\/catholicus.eu\/pt\/wp-json\/wp\/v2\/posts\/2302\/revisions"}],"predecessor-version":[{"id":2304,"href":"https:\/\/catholicus.eu\/pt\/wp-json\/wp\/v2\/posts\/2302\/revisions\/2304"}],"wp:featuredmedia":[{"embeddable":true,"href":"https:\/\/catholicus.eu\/pt\/wp-json\/wp\/v2\/media\/2303"}],"wp:attachment":[{"href":"https:\/\/catholicus.eu\/pt\/wp-json\/wp\/v2\/media?parent=2302"}],"wp:term":[{"taxonomy":"category","embeddable":true,"href":"https:\/\/catholicus.eu\/pt\/wp-json\/wp\/v2\/categories?post=2302"},{"taxonomy":"post_tag","embeddable":true,"href":"https:\/\/catholicus.eu\/pt\/wp-json\/wp\/v2\/tags?post=2302"}],"curies":[{"name":"wp","href":"https:\/\/api.w.org\/{rel}","templated":true}]}}