{"id":2277,"date":"2025-02-19T21:31:07","date_gmt":"2025-02-19T20:31:07","guid":{"rendered":"https:\/\/catholicus.eu\/pt\/?p=2277"},"modified":"2025-02-19T21:31:07","modified_gmt":"2025-02-19T20:31:07","slug":"memento-mori-a-arte-de-viver-recordando-a-morte","status":"publish","type":"post","link":"https:\/\/catholicus.eu\/pt\/memento-mori-a-arte-de-viver-recordando-a-morte\/","title":{"rendered":"Memento Mori: A Arte de Viver Recordando a Morte"},"content":{"rendered":"\n<p>Em uma sociedade obcecada pela juventude, pela imediatidade e pelo entretenimento, falar sobre a morte parece quase um tabu. No entanto, desde os seus prim\u00f3rdios, a Igreja convida os crist\u00e3os a adotarem uma perspectiva radicalmente diferente: <strong>Memento Mori<\/strong>, uma express\u00e3o latina que significa <strong>&#8220;Lembra-te de que morrer\u00e1s&#8221;<\/strong>.<\/p>\n\n\n\n<p>Esta antiga exorta\u00e7\u00e3o n\u00e3o \u00e9 um chamado ao medo ou ao desespero, mas um convite a viver com sabedoria, com os olhos voltados para a eternidade. Neste artigo, exploraremos a profundidade desse ensinamento crist\u00e3o, seu fundamento b\u00edblico, sua relev\u00e2ncia teol\u00f3gica e como podemos aplic\u00e1-lo \u00e0 nossa vida di\u00e1ria para vivermos com mais sentido e santidade.<\/p>\n\n\n\n<hr class=\"wp-block-separator has-alpha-channel-opacity\"\/>\n\n\n\n<h2 class=\"wp-block-heading\"><strong>1. Memento Mori: Um Chamado \u00e0 Sabedoria<\/strong><\/h2>\n\n\n\n<p>O conceito de <strong>Memento Mori<\/strong> n\u00e3o \u00e9 apenas uma ideia medieval ou uma reflex\u00e3o filos\u00f3fica dos est\u00f3icos. \u00c9 um ensinamento profundamente enraizado nas Escrituras e na Tradi\u00e7\u00e3o da Igreja.<\/p>\n\n\n\n<p>No Antigo Testamento, o Livro dos Salmos nos exorta:<\/p>\n\n\n\n<blockquote class=\"wp-block-quote is-layout-flow wp-block-quote-is-layout-flow\">\n<p><em>&#8220;Ensina-nos a contar os nossos dias, para que alcancemos um cora\u00e7\u00e3o s\u00e1bio.&#8221;<\/em> (Salmo 90,12)<\/p>\n<\/blockquote>\n\n\n\n<p>A consci\u00eancia da nossa mortalidade n\u00e3o deve nos entristecer, mas nos tornar mais s\u00e1bios. Saber que nossa vida \u00e9 curta nos impulsiona a focar no que realmente importa: <strong>nosso relacionamento com Deus e com os outros, nossa santifica\u00e7\u00e3o e o cumprimento de nossa miss\u00e3o no mundo<\/strong>.<\/p>\n\n\n\n<p>O pr\u00f3prio Jesus nos lembra da brevidade da vida e da necessidade de estarmos preparados:<\/p>\n\n\n\n<blockquote class=\"wp-block-quote is-layout-flow wp-block-quote-is-layout-flow\">\n<p><em>&#8220;Ficai tamb\u00e9m v\u00f3s preparados! Porque, na hora em que menos pensais, o Filho do Homem vir\u00e1.&#8221;<\/em> (Mateus 24,44)<\/p>\n<\/blockquote>\n\n\n\n<p>Se vivermos cada dia lembrando que a morte chegar\u00e1, n\u00e3o cairemos na armadilha da mediocridade, mas buscaremos viver na gra\u00e7a, com um cora\u00e7\u00e3o puro e em amizade com Deus.<\/p>\n\n\n\n<hr class=\"wp-block-separator has-alpha-channel-opacity\"\/>\n\n\n\n<h2 class=\"wp-block-heading\"><strong>2. A Morte: Porta da Eternidade<\/strong><\/h2>\n\n\n\n<p>O cristianismo tem uma vis\u00e3o \u00fanica da morte: <strong>ela n\u00e3o \u00e9 o fim, mas a transi\u00e7\u00e3o para a eternidade<\/strong>. No momento da morte, se decide nosso destino eterno: <strong>c\u00e9u, purgat\u00f3rio ou inferno<\/strong>.<\/p>\n\n\n\n<p>O Catecismo da Igreja Cat\u00f3lica explica claramente:<\/p>\n\n\n\n<blockquote class=\"wp-block-quote is-layout-flow wp-block-quote-is-layout-flow\">\n<p><em>&#8220;A morte \u00e9 o fim da peregrina\u00e7\u00e3o terrestre do homem. Com a morte, termina o tempo de gra\u00e7a e miseric\u00f3rdia que Deus nos oferece para realizarmos nossa vida segundo Seu projeto e para decidirmos nosso destino final.&#8221;<\/em> (CIC 1013)<\/p>\n<\/blockquote>\n\n\n\n<p>Por isso, \u00e9 t\u00e3o importante estarmos preparados. N\u00e3o sabemos o dia nem a hora em que Deus nos chamar\u00e1, e adiar a convers\u00e3o ou viver como se f\u00f4ssemos imortais \u00e9 um erro fatal.<\/p>\n\n\n\n<p><strong>Memento Mori nos lembra que cada dia \u00e9 um presente e uma oportunidade de nos aproximarmos de Deus.<\/strong><\/p>\n\n\n\n<hr class=\"wp-block-separator has-alpha-channel-opacity\"\/>\n\n\n\n<h2 class=\"wp-block-heading\"><strong>3. A Tradi\u00e7\u00e3o da Igreja e os Santos sobre Memento Mori<\/strong><\/h2>\n\n\n\n<p>Ao longo da hist\u00f3ria, os santos viveram o <strong>Memento Mori<\/strong> como um verdadeiro estilo de vida. Algumas ordens religiosas, como os cartuxos e os trapistas, mant\u00eam at\u00e9 hoje cr\u00e2nios em suas celas como um lembrete constante da morte.<\/p>\n\n\n\n<p>S\u00e3o Bento, em sua <em>Regra<\/em>, exortava seus monges:<\/p>\n\n\n\n<blockquote class=\"wp-block-quote is-layout-flow wp-block-quote-is-layout-flow\">\n<p><em>&#8220;Tenha a morte todos os dias diante dos olhos.&#8221;<\/em><\/p>\n<\/blockquote>\n\n\n\n<p>S\u00e3o Francisco de Assis chamava a morte de <strong>&#8220;Irm\u00e3 Morte&#8221;<\/strong>, acolhendo-a com paz e alegria.<\/p>\n\n\n\n<p>Santa Teresa d\u2019\u00c1vila meditava frequentemente sobre a morte para manter seu cora\u00e7\u00e3o ancorado em Deus, e Santo Afonso de Lig\u00f3rio escreveu que <strong>preparar-se para a morte \u00e9 a tarefa mais importante da vida<\/strong>.<\/p>\n\n\n\n<p>Esses santos compreenderam o que muitos esquecem: <strong>quem vive bem, morre bem<\/strong>.<\/p>\n\n\n\n<hr class=\"wp-block-separator has-alpha-channel-opacity\"\/>\n\n\n\n<h2 class=\"wp-block-heading\"><strong>4. Aplica\u00e7\u00f5es Pr\u00e1ticas de Memento Mori<\/strong><\/h2>\n\n\n\n<p>O <strong>Memento Mori<\/strong> n\u00e3o \u00e9 apenas uma teoria espiritual, mas uma pr\u00e1tica que pode transformar nossa vida. Como podemos aplic\u00e1-lo no dia a dia?<\/p>\n\n\n\n<h3 class=\"wp-block-heading\"><strong>1. Viver na Gra\u00e7a e Evitar o Pecado<\/strong><\/h3>\n\n\n\n<p>Se hoje fosse nosso \u00faltimo dia, estar\u00edamos em paz com Deus? Estamos preparados para prestar contas da nossa vida?<\/p>\n\n\n\n<p>\u00c9 essencial viver em estado de gra\u00e7a, confessar-se regularmente e evitar o pecado deliberado. <strong>N\u00e3o sabemos quando seremos chamados.<\/strong><\/p>\n\n\n\n<h3 class=\"wp-block-heading\"><strong>2. Rezar com Mais Frequ\u00eancia e Profundidade<\/strong><\/h3>\n\n\n\n<p>A consci\u00eancia de que nossa vida \u00e9 breve nos ajuda a <strong>valorizar mais nossa rela\u00e7\u00e3o com Deus<\/strong>. Podemos adotar o h\u00e1bito de fazer um exame de consci\u00eancia \u00e0 noite, pedindo perd\u00e3o por nossas faltas di\u00e1rias.<\/p>\n\n\n\n<h3 class=\"wp-block-heading\"><strong>3. Perdoar e Reconciliar-se com os Outros<\/strong><\/h3>\n\n\n\n<p>Se soub\u00e9ssemos que morrer\u00edamos hoje, a quem precisar\u00edamos perdoar? Com quem dever\u00edamos nos reconciliar? N\u00e3o adiemos o amor, a reconcilia\u00e7\u00e3o ou a cura das rela\u00e7\u00f5es quebradas.<\/p>\n\n\n\n<h3 class=\"wp-block-heading\"><strong>4. N\u00e3o Perder Tempo com Coisas Sup\u00e9rfluas<\/strong><\/h3>\n\n\n\n<p>Vivemos em um tempo repleto de distra\u00e7\u00f5es: redes sociais, entretenimento vazio, preocupa\u00e7\u00f5es materiais. <strong>Memento Mori nos ajuda a priorizar o que realmente importa.<\/strong><\/p>\n\n\n\n<h3 class=\"wp-block-heading\"><strong>5. Praticar a Caridade e Fazer o Bem<\/strong><\/h3>\n\n\n\n<p>Jesus nos ensinou que seremos julgados pelas nossas obras de amor (Mateus 25,31-46). Estamos aproveitando as oportunidades para fazer o bem? Dedicamos nosso tempo aos outros?<\/p>\n\n\n\n<hr class=\"wp-block-separator has-alpha-channel-opacity\"\/>\n\n\n\n<h2 class=\"wp-block-heading\"><strong>5. Memento Mori no Mundo Atual: Um Ant\u00eddoto Contra a Cultura do Esquecimento<\/strong><\/h2>\n\n\n\n<p>Vivemos em uma sociedade que evita a morte, que a esconde e a ignora. A cultura moderna nos distrai com prazeres passageiros, com o culto \u00e0 apar\u00eancia e com a ilus\u00e3o de que o tempo \u00e9 infinito.<\/p>\n\n\n\n<p>Mas <strong>Memento Mori<\/strong> nos traz de volta \u00e0 realidade. Ele nos lembra que somos <strong>peregrinos<\/strong> neste mundo e que nossa verdadeira p\u00e1tria est\u00e1 no c\u00e9u (Filipenses 3,20).<\/p>\n\n\n\n<p>Aceitar nossa mortalidade com uma perspectiva crist\u00e3 nos permite viver com maior liberdade, sem medo do futuro e com a esperan\u00e7a da vida eterna.<\/p>\n\n\n\n<hr class=\"wp-block-separator has-alpha-channel-opacity\"\/>\n\n\n\n<h2 class=\"wp-block-heading\"><strong>Conclus\u00e3o: Viver Hoje com os Olhos na Eternidade<\/strong><\/h2>\n\n\n\n<p>O <strong>Memento Mori<\/strong> n\u00e3o \u00e9 um pensamento m\u00f3rbido, mas um convite a viver bem, com o cora\u00e7\u00e3o voltado para Deus.<\/p>\n\n\n\n<p>Se nos lembrarmos todos os dias de que vamos morrer, aprenderemos a amar mais, a perdoar mais r\u00e1pido, a aproveitar cada momento e a buscar a santidade com mais fervor.<\/p>\n\n\n\n<p>Assim, quando chegar nosso momento, poderemos dizer como S\u00e3o Paulo:<\/p>\n\n\n\n<blockquote class=\"wp-block-quote is-layout-flow wp-block-quote-is-layout-flow\">\n<p><em>&#8220;Combati o bom combate, terminei a corrida, guardei a f\u00e9.&#8221;<\/em> (2 Tim\u00f3teo 4,7)<\/p>\n<\/blockquote>\n\n\n\n<p>E, com a confian\u00e7a dos santos, poderemos enfrentar a morte n\u00e3o com medo, mas com alegria, sabendo que ela \u00e9 a porta para a plenitude do amor de Deus.<\/p>\n\n\n\n<p><strong>Memento Mori\u2026 para viver com sentido e morrer na gra\u00e7a.<\/strong><\/p>\n","protected":false},"excerpt":{"rendered":"<p>Em uma sociedade obcecada pela juventude, pela imediatidade e pelo entretenimento, falar sobre a morte parece quase um tabu. No entanto, desde os seus prim\u00f3rdios, a Igreja convida os crist\u00e3os a adotarem uma perspectiva radicalmente diferente: Memento Mori, uma express\u00e3o latina que significa &#8220;Lembra-te de que morrer\u00e1s&#8221;. Esta antiga exorta\u00e7\u00e3o n\u00e3o \u00e9 um chamado ao &hellip;<\/p>\n","protected":false},"author":3,"featured_media":2278,"comment_status":"open","ping_status":"open","sticky":false,"template":"","format":"standard","meta":{"_seopress_robots_primary_cat":"","_seopress_titles_title":"","_seopress_titles_desc":"","_seopress_robots_index":"","footnotes":""},"categories":[41,63],"tags":[596],"class_list":["post-2277","post","type-post","status-publish","format-standard","has-post-thumbnail","","category-fe-e-cultura","category-filosofia-e-fe","tag-memento-mori"],"_links":{"self":[{"href":"https:\/\/catholicus.eu\/pt\/wp-json\/wp\/v2\/posts\/2277","targetHints":{"allow":["GET"]}}],"collection":[{"href":"https:\/\/catholicus.eu\/pt\/wp-json\/wp\/v2\/posts"}],"about":[{"href":"https:\/\/catholicus.eu\/pt\/wp-json\/wp\/v2\/types\/post"}],"author":[{"embeddable":true,"href":"https:\/\/catholicus.eu\/pt\/wp-json\/wp\/v2\/users\/3"}],"replies":[{"embeddable":true,"href":"https:\/\/catholicus.eu\/pt\/wp-json\/wp\/v2\/comments?post=2277"}],"version-history":[{"count":1,"href":"https:\/\/catholicus.eu\/pt\/wp-json\/wp\/v2\/posts\/2277\/revisions"}],"predecessor-version":[{"id":2279,"href":"https:\/\/catholicus.eu\/pt\/wp-json\/wp\/v2\/posts\/2277\/revisions\/2279"}],"wp:featuredmedia":[{"embeddable":true,"href":"https:\/\/catholicus.eu\/pt\/wp-json\/wp\/v2\/media\/2278"}],"wp:attachment":[{"href":"https:\/\/catholicus.eu\/pt\/wp-json\/wp\/v2\/media?parent=2277"}],"wp:term":[{"taxonomy":"category","embeddable":true,"href":"https:\/\/catholicus.eu\/pt\/wp-json\/wp\/v2\/categories?post=2277"},{"taxonomy":"post_tag","embeddable":true,"href":"https:\/\/catholicus.eu\/pt\/wp-json\/wp\/v2\/tags?post=2277"}],"curies":[{"name":"wp","href":"https:\/\/api.w.org\/{rel}","templated":true}]}}