{"id":2273,"date":"2025-02-19T17:12:20","date_gmt":"2025-02-19T16:12:20","guid":{"rendered":"https:\/\/catholicus.eu\/pt\/?p=2273"},"modified":"2025-02-19T17:12:20","modified_gmt":"2025-02-19T16:12:20","slug":"quando-a-luz-de-um-papa-se-apaga-reflexoes-sobre-o-fim-de-um-pontificado-e-a-esperanca-eterna-da-igreja","status":"publish","type":"post","link":"https:\/\/catholicus.eu\/pt\/quando-a-luz-de-um-papa-se-apaga-reflexoes-sobre-o-fim-de-um-pontificado-e-a-esperanca-eterna-da-igreja\/","title":{"rendered":"Quando a luz de um Papa se apaga: Reflex\u00f5es sobre o fim de um pontificado e a esperan\u00e7a eterna da Igreja"},"content":{"rendered":"\n<p>Na vida da Igreja Cat\u00f3lica, poucos momentos s\u00e3o t\u00e3o profundamente comoventes e teologicamente significativos como o ocaso do pontificado de um Papa. \u00c9 um momento que convida \u00e0 reflex\u00e3o, \u00e0 ora\u00e7\u00e3o e a um profundo sentido de comunh\u00e3o com a hist\u00f3ria e a tradi\u00e7\u00e3o da f\u00e9. Quando a luz de um Papa se apaga, n\u00e3o apenas se encerra um cap\u00edtulo na vida da Igreja, mas tamb\u00e9m se abre uma janela para a eternidade, recordando-nos que a Igreja \u00e9, acima de tudo, uma institui\u00e7\u00e3o divina guiada pelo Esp\u00edrito Santo.<\/p>\n\n\n\n<h3 class=\"wp-block-heading\"><strong>A origem e a hist\u00f3ria do papado: Uma luz que guia<\/strong><\/h3>\n\n\n\n<p>O papado, como institui\u00e7\u00e3o, tem suas ra\u00edzes nas palavras de Jesus Cristo a S\u00e3o Pedro: <strong>&#8220;Tu \u00e9s Pedro, e sobre esta pedra edificarei a minha Igreja, e as portas do inferno n\u00e3o prevalecer\u00e3o contra ela&#8221;<\/strong> (Mateus 16,18). Desde ent\u00e3o, o Papa tem sido considerado o sucessor de Pedro, o primeiro bispo de Roma, e o vig\u00e1rio de Cristo na Terra. Ao longo dos s\u00e9culos, o papado tem sido uma luz que guiou a Igreja atrav\u00e9s de tempestades pol\u00edticas, crises doutrinais e desafios morais.<\/p>\n\n\n\n<p>Cada Papa deixou uma marca \u00fanica na hist\u00f3ria da Igreja. Alguns, como S\u00e3o Jo\u00e3o Paulo II, foram lembrados por seu carisma e seu papel na queda do comunismo. Outros, como S\u00e3o Pio X, foram venerados por sua defesa da ortodoxia e sua reforma lit\u00fargica. Cada pontificado \u00e9 um reflexo das necessidades de seu tempo e da maneira como o Esp\u00edrito Santo age atrav\u00e9s da humanidade do Papa.<\/p>\n\n\n\n<h3 class=\"wp-block-heading\"><strong>O ocaso de um pontificado: Um momento de reflex\u00e3o e gratid\u00e3o<\/strong><\/h3>\n\n\n\n<p>Quando um Papa est\u00e1 prestes a falecer, \u00e9 natural que os fi\u00e9is experimentem uma mistura de emo\u00e7\u00f5es: tristeza, gratid\u00e3o, incerteza e esperan\u00e7a. \u00c9 um momento para recordar seus ensinamentos, seus gestos de amor e seu servi\u00e7o \u00e0 Igreja. Tamb\u00e9m \u00e9 um momento para refletir sobre o significado do papado em nossa vida espiritual.<\/p>\n\n\n\n<p>O Papa n\u00e3o \u00e9 apenas um l\u00edder pol\u00edtico ou moral; ele \u00e9, acima de tudo, um pastor que guia seu rebanho at\u00e9 Cristo. Sua morte nos lembra que todos somos peregrinos neste mundo, caminhando para a p\u00e1tria celestial. Como escreveu S\u00e3o Paulo: <strong>&#8220;Para mim, viver \u00e9 Cristo, e morrer \u00e9 lucro&#8221;<\/strong> (Filipenses 1,21). A morte de um Papa nos convida a contemplar nossa pr\u00f3pria mortalidade e a renovar nossa confian\u00e7a na promessa da ressurrei\u00e7\u00e3o.<\/p>\n\n\n\n<h3 class=\"wp-block-heading\"><strong>O estado atual: A Igreja em tempos de transi\u00e7\u00e3o<\/strong><\/h3>\n\n\n\n<p>No contexto atual, a morte de um Papa pode gerar perguntas e preocupa\u00e7\u00f5es sobre o futuro da Igreja. Em um mundo marcado pela seculariza\u00e7\u00e3o, polariza\u00e7\u00e3o e crise de f\u00e9, o papel do Papa como unificador e guia espiritual \u00e9 mais importante do que nunca. No entanto, a hist\u00f3ria nos ensina que a Igreja n\u00e3o depende de um \u00fanico homem, mas de Cristo, seu fundador. Como disse o pr\u00f3prio Jesus: <strong>&#8220;Eis que estou convosco todos os dias, at\u00e9 o fim dos tempos&#8221;<\/strong> (Mateus 28,20).<\/p>\n\n\n\n<p>O processo de elei\u00e7\u00e3o de um novo Papa, o conclave, \u00e9 um lembrete de que a Igreja \u00e9 uma institui\u00e7\u00e3o divina e humana. Os cardeais, reunidos em ora\u00e7\u00e3o, buscam a orienta\u00e7\u00e3o do Esp\u00edrito Santo para eleger o sucessor de Pedro. Esse processo, embora envolto em mist\u00e9rio, \u00e9 um testemunho da f\u00e9 da Igreja na provid\u00eancia divina.<\/p>\n\n\n\n<h3 class=\"wp-block-heading\"><strong>Implica\u00e7\u00f5es emocionais e espirituais: Um chamado \u00e0 unidade e \u00e0 esperan\u00e7a<\/strong><\/h3>\n\n\n\n<p>A morte de um Papa \u00e9 um momento que une os cat\u00f3licos de todo o mundo em ora\u00e7\u00e3o e solidariedade. \u00c9 um tempo para recordar que, embora os l\u00edderes humanos passem, a luz de Cristo permanece. Tamb\u00e9m \u00e9 um momento para renovar nosso compromisso com a f\u00e9 e com a miss\u00e3o da Igreja.<\/p>\n\n\n\n<p>Nesse contexto, \u00e9 importante recordar as palavras do Conc\u00edlio Vaticano II: <strong>&#8220;A Igreja, em Cristo, \u00e9 como um sacramento, ou seja, um sinal e instrumento da uni\u00e3o \u00edntima com Deus e da unidade de todo o g\u00eanero humano&#8221;<\/strong> (Lumen Gentium, 1). A morte de um Papa n\u00e3o \u00e9 o fim, mas um novo come\u00e7o, uma oportunidade para que a Igreja se renove e continue sua miss\u00e3o de levar o Evangelho a todos os cantos do mundo.<\/p>\n\n\n\n<h3 class=\"wp-block-heading\"><strong>Conclus\u00e3o: A luz que nunca se apaga<\/strong><\/h3>\n\n\n\n<p>Quando a luz de um Papa se apaga, n\u00e3o ficamos na escurid\u00e3o. A luz de Cristo, que brilha atrav\u00e9s de sua Igreja, continua a nos guiar. A morte de um Papa \u00e9 um lembrete de que nossa f\u00e9 n\u00e3o est\u00e1 fundada em homens, mas em Cristo, a pedra angular. \u00c9 um momento para confiar na promessa de Jesus: <strong>&#8220;As portas do inferno n\u00e3o prevalecer\u00e3o contra ela&#8221;<\/strong> (Mateus 16,18).<\/p>\n\n\n\n<p>Neste tempo de transi\u00e7\u00e3o, pe\u00e7amos ao Esp\u00edrito Santo que guie a Igreja e nos conceda a gra\u00e7a de viver com esperan\u00e7a e f\u00e9. Que o exemplo do Papa que parte nos inspire a ser testemunhas do amor de Cristo no mundo. E que, ao olhar para o futuro, nos lembremos de que a luz da f\u00e9 nunca se apaga, porque \u00e9 a luz de Cristo, que ilumina todos os homens.<\/p>\n\n\n\n<p><strong>&#8220;Eu sou a luz do mundo; quem me segue n\u00e3o andar\u00e1 nas trevas, mas ter\u00e1 a luz da vida&#8221;<\/strong> (Jo\u00e3o 8,12).<\/p>\n","protected":false},"excerpt":{"rendered":"<p>Na vida da Igreja Cat\u00f3lica, poucos momentos s\u00e3o t\u00e3o profundamente comoventes e teologicamente significativos como o ocaso do pontificado de um Papa. \u00c9 um momento que convida \u00e0 reflex\u00e3o, \u00e0 ora\u00e7\u00e3o e a um profundo sentido de comunh\u00e3o com a hist\u00f3ria e a tradi\u00e7\u00e3o da f\u00e9. Quando a luz de um Papa se apaga, n\u00e3o &hellip;<\/p>\n","protected":false},"author":3,"featured_media":2274,"comment_status":"open","ping_status":"open","sticky":false,"template":"","format":"standard","meta":{"_seopress_robots_primary_cat":"","_seopress_titles_title":"","_seopress_titles_desc":"","_seopress_robots_index":"","footnotes":""},"categories":[41,67],"tags":[534],"class_list":["post-2273","post","type-post","status-publish","format-standard","has-post-thumbnail","","category-fe-e-cultura","category-testemunhos-de-fe","tag-papa"],"_links":{"self":[{"href":"https:\/\/catholicus.eu\/pt\/wp-json\/wp\/v2\/posts\/2273","targetHints":{"allow":["GET"]}}],"collection":[{"href":"https:\/\/catholicus.eu\/pt\/wp-json\/wp\/v2\/posts"}],"about":[{"href":"https:\/\/catholicus.eu\/pt\/wp-json\/wp\/v2\/types\/post"}],"author":[{"embeddable":true,"href":"https:\/\/catholicus.eu\/pt\/wp-json\/wp\/v2\/users\/3"}],"replies":[{"embeddable":true,"href":"https:\/\/catholicus.eu\/pt\/wp-json\/wp\/v2\/comments?post=2273"}],"version-history":[{"count":1,"href":"https:\/\/catholicus.eu\/pt\/wp-json\/wp\/v2\/posts\/2273\/revisions"}],"predecessor-version":[{"id":2275,"href":"https:\/\/catholicus.eu\/pt\/wp-json\/wp\/v2\/posts\/2273\/revisions\/2275"}],"wp:featuredmedia":[{"embeddable":true,"href":"https:\/\/catholicus.eu\/pt\/wp-json\/wp\/v2\/media\/2274"}],"wp:attachment":[{"href":"https:\/\/catholicus.eu\/pt\/wp-json\/wp\/v2\/media?parent=2273"}],"wp:term":[{"taxonomy":"category","embeddable":true,"href":"https:\/\/catholicus.eu\/pt\/wp-json\/wp\/v2\/categories?post=2273"},{"taxonomy":"post_tag","embeddable":true,"href":"https:\/\/catholicus.eu\/pt\/wp-json\/wp\/v2\/tags?post=2273"}],"curies":[{"name":"wp","href":"https:\/\/api.w.org\/{rel}","templated":true}]}}