{"id":2213,"date":"2025-02-12T11:06:00","date_gmt":"2025-02-12T10:06:00","guid":{"rendered":"https:\/\/catholicus.eu\/pt\/?p=2213"},"modified":"2025-02-12T11:06:01","modified_gmt":"2025-02-12T10:06:01","slug":"as-oracoes-eucaristicas-o-coracao-da-missa-onde-o-ceu-toca-a-terra","status":"publish","type":"post","link":"https:\/\/catholicus.eu\/pt\/as-oracoes-eucaristicas-o-coracao-da-missa-onde-o-ceu-toca-a-terra\/","title":{"rendered":"As Ora\u00e7\u00f5es Eucar\u00edsticas: O cora\u00e7\u00e3o da Missa, onde o c\u00e9u toca a terra"},"content":{"rendered":"\n<p>A Eucaristia \u00e9 o centro da vida crist\u00e3 e, dentro da Missa, a Ora\u00e7\u00e3o Eucar\u00edstica representa o seu \u00e1pice. Aqui, o c\u00e9u toca a terra, o sacrif\u00edcio de Cristo torna-se presente e a comunidade dos fi\u00e9is une-se \u00e0 liturgia celestial. Neste artigo, examinaremos em profundidade as Ora\u00e7\u00f5es Eucar\u00edsticas: sua estrutura, seu significado teol\u00f3gico e espiritual e como podem enriquecer nossa vida de f\u00e9.<\/p>\n\n\n\n<h2 class=\"wp-block-heading\">O que \u00e9 a Ora\u00e7\u00e3o Eucar\u00edstica?<\/h2>\n\n\n\n<p>A Ora\u00e7\u00e3o Eucar\u00edstica \u00e9 a prece central da Missa, na qual o p\u00e3o e o vinho se tornam o Corpo e o Sangue de Cristo. \u00c9 um momento de a\u00e7\u00e3o de gra\u00e7as e santifica\u00e7\u00e3o, no qual a Igreja, unida a Cristo, oferece seu sacrif\u00edcio ao Pai. Esta ora\u00e7\u00e3o n\u00e3o \u00e9 apenas uma s\u00faplica ou uma recorda\u00e7\u00e3o, mas uma verdadeira atualiza\u00e7\u00e3o do Mist\u00e9rio Pascal de Cristo.<\/p>\n\n\n\n<h2 class=\"wp-block-heading\">Estrutura da Ora\u00e7\u00e3o Eucar\u00edstica<\/h2>\n\n\n\n<p>Embora o Missal Romano contenha diversas Ora\u00e7\u00f5es Eucar\u00edsticas, elas compartilham uma estrutura comum:<\/p>\n\n\n\n<ol start=\"1\" class=\"wp-block-list\">\n<li><strong>Pref\u00e1cio:<\/strong> Um hino de louvor e a\u00e7\u00e3o de gra\u00e7as a Deus, geralmente adaptado \u00e0 festa ou ao tempo lit\u00fargico.<\/li>\n\n\n\n<li><strong>Epiclese:<\/strong> A invoca\u00e7\u00e3o do Esp\u00edrito Santo para a santifica\u00e7\u00e3o dos dons.<\/li>\n\n\n\n<li><strong>Narrativa da institui\u00e7\u00e3o e consagra\u00e7\u00e3o:<\/strong> As palavras de Cristo na \u00daltima Ceia, atrav\u00e9s das quais se realiza a transubstancia\u00e7\u00e3o.<\/li>\n\n\n\n<li><strong>Anamnese:<\/strong> A recorda\u00e7\u00e3o da paix\u00e3o, morte, ressurrei\u00e7\u00e3o e segunda vinda de Cristo.<\/li>\n\n\n\n<li><strong>Obla\u00e7\u00e3o:<\/strong> A Igreja oferece o sacrif\u00edcio de Cristo e une-se a Ele.<\/li>\n\n\n\n<li><strong>Intercess\u00f5es:<\/strong> Ora\u00e7\u00f5es pela Igreja, pelo Papa, pelos fi\u00e9is, pelos falecidos e por toda a humanidade.<\/li>\n\n\n\n<li><strong>Doxologia final:<\/strong> A solene proclama\u00e7\u00e3o da gl\u00f3ria de Deus, conclu\u00edda com o &#8220;Am\u00e9m&#8221; da assembleia.<\/li>\n<\/ol>\n\n\n\n<h2 class=\"wp-block-heading\">As Ora\u00e7\u00f5es Eucar\u00edsticas no Missal Romano<\/h2>\n\n\n\n<p>O Missal Romano cont\u00e9m quatro ora\u00e7\u00f5es principais:<\/p>\n\n\n\n<h3 class=\"wp-block-heading\"><strong>Ora\u00e7\u00e3o Eucar\u00edstica I (C\u00e2non Romano)<\/strong><\/h3>\n\n\n\n<p>\u00c9 a mais antiga e vener\u00e1vel de todas as ora\u00e7\u00f5es. Possui uma estrutura mais extensa, com intercess\u00f5es pelos santos, vivos e falecidos. \u00c9 particularmente rica em teologia do sacrif\u00edcio e enfatiza a uni\u00e3o da Igreja com a oferta de Cristo. \u00c9 utilizada em solenidades e celebra\u00e7\u00f5es importantes.<\/p>\n\n\n\n<h3 class=\"wp-block-heading\"><strong>Ora\u00e7\u00e3o Eucar\u00edstica II<\/strong><\/h3>\n\n\n\n<p>Inspirada em antigas an\u00e1foras orientais, \u00e9 mais breve e simples. Ideal para as Missas feriais, destaca-se pela sua clareza e fluidez lingu\u00edstica. A epiclese \u00e9 particularmente evidente e sublinha a dimens\u00e3o pneumatol\u00f3gica do sacramento.<\/p>\n\n\n\n<h3 class=\"wp-block-heading\"><strong>Ora\u00e7\u00e3o Eucar\u00edstica III<\/strong><\/h3>\n\n\n\n<p>Uma das ora\u00e7\u00f5es mais equilibradas, combina a profundidade teol\u00f3gica do C\u00e2non Romano com a brevidade da Ora\u00e7\u00e3o Eucar\u00edstica II. \u00c9 adequada para domingos e festas e enfatiza a a\u00e7\u00e3o de gra\u00e7as e a dimens\u00e3o escatol\u00f3gica da Eucaristia.<\/p>\n\n\n\n<h3 class=\"wp-block-heading\"><strong>Ora\u00e7\u00e3o Eucar\u00edstica IV<\/strong><\/h3>\n\n\n\n<p>Mais longa que a III, tem uma estrutura mais narrativa e enfatiza a hist\u00f3ria da salva\u00e7\u00e3o, desde a cria\u00e7\u00e3o at\u00e9 a reden\u00e7\u00e3o em Cristo. \u00c9 usada em celebra\u00e7\u00f5es catequ\u00e9ticas ou em ocasi\u00f5es que exigem um destaque para a dimens\u00e3o hist\u00f3rica da f\u00e9.<\/p>\n\n\n\n<h2 class=\"wp-block-heading\">Compara\u00e7\u00e3o e significado teol\u00f3gico<\/h2>\n\n\n\n<p>Cada Ora\u00e7\u00e3o Eucar\u00edstica tem seu pr\u00f3prio car\u00e1ter e um uso lit\u00fargico espec\u00edfico. Enquanto o C\u00e2non Romano enfatiza o sacrif\u00edcio de Cristo e a intercess\u00e3o dos santos, a Ora\u00e7\u00e3o II \u00e9 mais direta e acess\u00edvel. A Ora\u00e7\u00e3o III representa um equil\u00edbrio entre esses dois extremos, enquanto a Ora\u00e7\u00e3o IV apresenta a hist\u00f3ria da salva\u00e7\u00e3o de maneira catequ\u00e9tica.<\/p>\n\n\n\n<p>Essa variedade enriquece a celebra\u00e7\u00e3o da Missa e permite que a Igreja expresse diferentes aspectos do mist\u00e9rio eucar\u00edstico, conforme o tempo lit\u00fargico, a assembleia e as inten\u00e7\u00f5es pastorais do celebrante.<\/p>\n\n\n\n<h2 class=\"wp-block-heading\">Aplica\u00e7\u00f5es pr\u00e1ticas para a vida espiritual<\/h2>\n\n\n\n<ol start=\"1\" class=\"wp-block-list\">\n<li><strong>Participa\u00e7\u00e3o mais consciente na Missa:<\/strong> Compreender o significado de cada parte nos ajuda a rezar com maior devo\u00e7\u00e3o e aten\u00e7\u00e3o.<\/li>\n\n\n\n<li><strong>Cultivar a gratid\u00e3o:<\/strong> A Ora\u00e7\u00e3o Eucar\u00edstica \u00e9 um ato de a\u00e7\u00e3o de gra\u00e7as a Deus pelo dom da salva\u00e7\u00e3o. Recorda-nos a viver em constante gratid\u00e3o.<\/li>\n\n\n\n<li><strong>Compreender o sacrif\u00edcio de Cristo:<\/strong> Convida-nos a unir-nos ao sacrif\u00edcio de Jesus atrav\u00e9s das nossas pr\u00f3prias ofertas di\u00e1rias.<\/li>\n\n\n\n<li><strong>Interceder pelos outros:<\/strong> A ora\u00e7\u00e3o pelos vivos e pelos falecidos na Ora\u00e7\u00e3o Eucar\u00edstica recorda-nos a comunh\u00e3o dos santos e nossa responsabilidade de rezar por toda a Igreja.<\/li>\n<\/ol>\n\n\n\n<h2 class=\"wp-block-heading\">Conclus\u00e3o<\/h2>\n\n\n\n<p>A Ora\u00e7\u00e3o Eucar\u00edstica \u00e9 verdadeiramente o cora\u00e7\u00e3o da Missa, o momento em que o c\u00e9u e a terra se encontram. \u00c9 uma ora\u00e7\u00e3o de a\u00e7\u00e3o de gra\u00e7as, sacrif\u00edcio, intercess\u00e3o e glorifica\u00e7\u00e3o. Compreender profundamente seu significado teol\u00f3gico pode transformar nossa maneira de participar da Missa e nosso relacionamento com Deus. Sempre que ouvimos essas palavras na celebra\u00e7\u00e3o eucar\u00edstica, nosso cora\u00e7\u00e3o deve encher-se da certeza de que, naquele momento, o c\u00e9u toca a terra.<\/p>\n","protected":false},"excerpt":{"rendered":"<p>A Eucaristia \u00e9 o centro da vida crist\u00e3 e, dentro da Missa, a Ora\u00e7\u00e3o Eucar\u00edstica representa o seu \u00e1pice. Aqui, o c\u00e9u toca a terra, o sacrif\u00edcio de Cristo torna-se presente e a comunidade dos fi\u00e9is une-se \u00e0 liturgia celestial. Neste artigo, examinaremos em profundidade as Ora\u00e7\u00f5es Eucar\u00edsticas: sua estrutura, seu significado teol\u00f3gico e espiritual &hellip;<\/p>\n","protected":false},"author":3,"featured_media":2214,"comment_status":"open","ping_status":"open","sticky":false,"template":"","format":"standard","meta":{"_seopress_robots_primary_cat":"","_seopress_titles_title":"","_seopress_titles_desc":"","_seopress_robots_index":"","footnotes":""},"categories":[59,40],"tags":[576],"class_list":["post-2213","post","type-post","status-publish","format-standard","has-post-thumbnail","","category-eucaristia-e-adoracao","category-oracao-e-espiritualidade","tag-oracoes-eucaristicas"],"_links":{"self":[{"href":"https:\/\/catholicus.eu\/pt\/wp-json\/wp\/v2\/posts\/2213","targetHints":{"allow":["GET"]}}],"collection":[{"href":"https:\/\/catholicus.eu\/pt\/wp-json\/wp\/v2\/posts"}],"about":[{"href":"https:\/\/catholicus.eu\/pt\/wp-json\/wp\/v2\/types\/post"}],"author":[{"embeddable":true,"href":"https:\/\/catholicus.eu\/pt\/wp-json\/wp\/v2\/users\/3"}],"replies":[{"embeddable":true,"href":"https:\/\/catholicus.eu\/pt\/wp-json\/wp\/v2\/comments?post=2213"}],"version-history":[{"count":1,"href":"https:\/\/catholicus.eu\/pt\/wp-json\/wp\/v2\/posts\/2213\/revisions"}],"predecessor-version":[{"id":2215,"href":"https:\/\/catholicus.eu\/pt\/wp-json\/wp\/v2\/posts\/2213\/revisions\/2215"}],"wp:featuredmedia":[{"embeddable":true,"href":"https:\/\/catholicus.eu\/pt\/wp-json\/wp\/v2\/media\/2214"}],"wp:attachment":[{"href":"https:\/\/catholicus.eu\/pt\/wp-json\/wp\/v2\/media?parent=2213"}],"wp:term":[{"taxonomy":"category","embeddable":true,"href":"https:\/\/catholicus.eu\/pt\/wp-json\/wp\/v2\/categories?post=2213"},{"taxonomy":"post_tag","embeddable":true,"href":"https:\/\/catholicus.eu\/pt\/wp-json\/wp\/v2\/tags?post=2213"}],"curies":[{"name":"wp","href":"https:\/\/api.w.org\/{rel}","templated":true}]}}