{"id":2206,"date":"2025-02-12T00:06:55","date_gmt":"2025-02-11T23:06:55","guid":{"rendered":"https:\/\/catholicus.eu\/pt\/?p=2206"},"modified":"2025-02-12T00:09:38","modified_gmt":"2025-02-11T23:09:38","slug":"os-ciclos-e-tempos-liturgicos-um-caminho-de-graca-ao-longo-do-ano-da-igreja","status":"publish","type":"post","link":"https:\/\/catholicus.eu\/pt\/os-ciclos-e-tempos-liturgicos-um-caminho-de-graca-ao-longo-do-ano-da-igreja\/","title":{"rendered":"Os Ciclos e Tempos Lit\u00fargicos: Um Caminho de Gra\u00e7a ao Longo do Ano da Igreja"},"content":{"rendered":"\n<p>Na vida da Igreja Cat\u00f3lica, o tempo n\u00e3o \u00e9 simplesmente uma sequ\u00eancia de dias, semanas e meses. \u00c9 um dom sagrado, um espa\u00e7o onde Deus se revela e age na hist\u00f3ria da salva\u00e7\u00e3o. Os ciclos e tempos lit\u00fargicos constituem a estrutura que organiza esse tempo sagrado, guiando-nos atrav\u00e9s dos mist\u00e9rios da f\u00e9 e ajudando-nos a viver em comunh\u00e3o com Cristo e sua Igreja. Neste artigo, exploraremos em profundidade a origem, a hist\u00f3ria e a relev\u00e2ncia atual dos ciclos e tempos lit\u00fargicos, oferecendo um guia espiritual para aqueles que desejam aprofundar sua f\u00e9 e viv\u00ea-la de maneira mais plena.<\/p>\n\n\n\n<h3 class=\"wp-block-heading\"><strong>A Origem dos Ciclos e Tempos Lit\u00fargicos: Um Des\u00edgnio Divino<\/strong><\/h3>\n\n\n\n<p>A liturgia da Igreja n\u00e3o \u00e9 uma inven\u00e7\u00e3o humana, mas um dom divino que se desenvolveu ao longo dos s\u00e9culos sob a guia do Esp\u00edrito Santo. Desde os primeiros crist\u00e3os, a comunidade eclesial sentiu a necessidade de celebrar os mist\u00e9rios da f\u00e9 de maneira ordenada e comunit\u00e1ria. Os ciclos e tempos lit\u00fargicos t\u00eam suas ra\u00edzes na tradi\u00e7\u00e3o judaica, onde o povo de Israel celebrava festas como a P\u00e1scoa, o Pentecostes e os Tabern\u00e1culos, recordando as obras salv\u00edficas de Deus. O pr\u00f3prio Jesus participou dessas celebra\u00e7\u00f5es, dando-lhes um novo significado ao cumpri-las em sua pr\u00f3pria vida, morte e ressurrei\u00e7\u00e3o.<\/p>\n\n\n\n<p>O Conc\u00edlio Vaticano II, na Constitui\u00e7\u00e3o&nbsp;<em>Sacrosanctum Concilium<\/em>, nos lembra que &#8220;a liturgia \u00e9 o cume para o qual se dirige a a\u00e7\u00e3o da Igreja e, ao mesmo tempo, a fonte de onde emana toda a sua for\u00e7a&#8221; (SC 10). Os ciclos e tempos lit\u00fargicos s\u00e3o, portanto, uma express\u00e3o viva dessa realidade, um meio pelo qual a Igreja atualiza os mist\u00e9rios da salva\u00e7\u00e3o e os torna presentes na vida dos fi\u00e9is.<\/p>\n\n\n\n<h3 class=\"wp-block-heading\"><strong>Os Ciclos Lit\u00fargicos: A, B e C<\/strong><\/h3>\n\n\n\n<p>A Igreja Cat\u00f3lica organiza seu ano lit\u00fargico em tr\u00eas ciclos, conhecidos como Ciclo A, Ciclo B e Ciclo C. Esses ciclos se concentram na leitura cont\u00ednua dos Evangelhos sin\u00f3ticos (Mateus, Marcos e Lucas), enquanto o Evangelho de Jo\u00e3o \u00e9 reservado para ocasi\u00f5es especiais, como o tempo pascal.<\/p>\n\n\n\n<ol start=\"1\" class=\"wp-block-list\">\n<li><strong>Ciclo A: O Evangelho de Mateus<\/strong>. O Ciclo A se concentra no Evangelho de Mateus, que apresenta Jesus como o Messias prometido, o cumprimento das profecias do Antigo Testamento. Este ciclo nos convida a aprofundar os ensinamentos de Jesus, especialmente o Serm\u00e3o da Montanha, onde nos \u00e9 apresentado o caminho das Bem-aventuran\u00e7as. Mateus nos mostra Jesus como o novo Mois\u00e9s, que nos guia para a plenitude da Lei: o amor a Deus e ao pr\u00f3ximo.<\/li>\n\n\n\n<li><strong>Ciclo B: O Evangelho de Marcos<\/strong>. O Ciclo B se concentra no Evangelho de Marcos, o mais breve e direto dos Evangelhos. Marcos nos apresenta Jesus como o Servo Sofredor, que veio para servir e dar sua vida em resgate por muitos (Marcos 10,45). Este ciclo nos convida a contemplar a humanidade de Jesus, sua compaix\u00e3o pelos doentes e pecadores, e sua entrega total na Cruz.<\/li>\n\n\n\n<li><strong>Ciclo C: O Evangelho de Lucas<\/strong>. O Ciclo C se concentra no Evangelho de Lucas, que destaca a miseric\u00f3rdia de Jesus e sua aten\u00e7\u00e3o preferencial pelos pobres, marginalizados e pecadores. Lucas nos apresenta Jesus como o Salvador universal, que traz a Boa Nova a todos os povos. Este ciclo nos convida a viver a compaix\u00e3o e a justi\u00e7a, seguindo o exemplo de Jesus.<\/li>\n<\/ol>\n\n\n\n<h3 class=\"wp-block-heading\"><strong>Os Tempos Lit\u00fargicos: Natal, P\u00e1scoa e Tempo Comum<\/strong><\/h3>\n\n\n\n<p>O ano lit\u00fargico \u00e9 dividido em tr\u00eas tempos principais: o Tempo do Natal, o Tempo da P\u00e1scoa e o Tempo Comum. Cada um desses tempos tem um car\u00e1ter \u00fanico e nos convida a aprofundar diferentes aspectos do mist\u00e9rio de Cristo.<\/p>\n\n\n\n<ol start=\"1\" class=\"wp-block-list\">\n<li><strong>O Tempo do Natal: A Encarna\u00e7\u00e3o do Verbo<\/strong>. O Tempo do Natal come\u00e7a com o Advento, um per\u00edodo de espera e prepara\u00e7\u00e3o para a vinda de Cristo. Durante quatro semanas, a Igreja nos convida a refletir sobre as duas vindas de Jesus: seu nascimento em Bel\u00e9m e seu retorno glorioso no fim dos tempos. O Advento \u00e9 um tempo de esperan\u00e7a, em que nos \u00e9 lembrado que &#8220;o Senhor est\u00e1 pr\u00f3ximo&#8221; (Filipenses 4,5).O Natal, que celebra o nascimento de Jesus, \u00e9 o centro deste tempo. \u00c9 um momento de alegria e admira\u00e7\u00e3o, em que contemplamos o mist\u00e9rio da Encarna\u00e7\u00e3o: o Verbo se fez carne e habitou entre n\u00f3s (Jo\u00e3o 1,14). A Epifania e o Batismo do Senhor encerram este tempo, revelando Jesus como a luz das na\u00e7\u00f5es e sua identidade como Filho amado do Pai.<\/li>\n\n\n\n<li><strong>O Tempo da P\u00e1scoa: O Triunfo da Vida sobre a Morte<\/strong>. O Tempo da P\u00e1scoa \u00e9 o cora\u00e7\u00e3o do ano lit\u00fargico. Ele come\u00e7a com a Quaresma, um per\u00edodo de quarenta dias de penit\u00eancia, ora\u00e7\u00e3o e jejum, em prepara\u00e7\u00e3o para a celebra\u00e7\u00e3o da P\u00e1scoa. A Quaresma nos convida \u00e0 convers\u00e3o e a morrer para o pecado, para ressuscitar com Cristo para uma vida nova.A Semana Santa, que culmina no Tr\u00edduo Pascal (Quinta-feira Santa, Sexta-feira Santa e S\u00e1bado Santo), \u00e9 o momento mais sagrado do ano. Na \u00daltima Ceia, Jesus institui a Eucaristia e o sacerd\u00f3cio; na Cruz, oferece sua vida por nossa salva\u00e7\u00e3o; e na Ressurrei\u00e7\u00e3o, vence a morte e nos abre as portas da vida eterna. A P\u00e1scoa \u00e9, portanto, a festa das festas, o dia em que &#8220;Cristo, nossa P\u00e1scoa, foi imolado&#8221; (1 Cor\u00edntios 5,7).O Tempo Pascal se estende por cinquenta dias, at\u00e9 o Pentecostes, quando o Esp\u00edrito Santo desce sobre os ap\u00f3stolos e a Igreja nasce como uma comunidade mission\u00e1ria. Este tempo nos lembra que a Ressurrei\u00e7\u00e3o n\u00e3o \u00e9 um evento do passado, mas uma realidade viva que transforma nossas vidas aqui e agora.<\/li>\n\n\n\n<li><strong>O Tempo Comum: A Vida em Cristo<\/strong>. O Tempo Comum \u00e9 o mais longo dos tempos lit\u00fargicos, abrangendo trinta e tr\u00eas ou trinta e quatro semanas. Embora seu nome possa sugerir algo comum ou rotineiro, este tempo \u00e9 tudo menos ordin\u00e1rio. \u00c9 um per\u00edodo para crescer na vida de Cristo, meditar em seus ensinamentos e viver como disc\u00edpulos no mundo.Durante o Tempo Comum, a Igreja nos guia atrav\u00e9s dos Evangelhos, apresentando-nos a vida e o minist\u00e9rio de Jesus. \u00c9 um tempo para aprofundar as par\u00e1bolas, os milagres e os ensinamentos de Cristo, aplicando-os \u00e0 nossa vida cotidiana. Como nos diz S\u00e3o Paulo, &#8220;j\u00e1 n\u00e3o sou eu que vivo, mas Cristo vive em mim&#8221; (G\u00e1latas 2,20).<\/li>\n<\/ol>\n\n\n\n<h3 class=\"wp-block-heading\"><strong>A Relev\u00e2ncia dos Ciclos e Tempos Lit\u00fargicos no Mundo Atual<\/strong><\/h3>\n\n\n\n<p>Em um mundo marcado pela pressa, pelo consumismo e pela seculariza\u00e7\u00e3o, os ciclos e tempos lit\u00fargicos oferecem um contraponto necess\u00e1rio. Eles nos convidam a parar, contemplar e viver em sintonia com o ritmo de Deus. Em uma cultura que muitas vezes esquece o sentido do sagrado, a liturgia nos lembra que o tempo n\u00e3o \u00e9 apenas uma sucess\u00e3o de dias, mas um dom de Deus, um espa\u00e7o para a gra\u00e7a.<\/p>\n\n\n\n<p>Os ciclos e tempos lit\u00fargicos tamb\u00e9m nos ajudam a encontrar sentido nas vicissitudes da vida. O Advento nos ensina a esperar no meio da escurid\u00e3o; a Quaresma nos chama a purificar o cora\u00e7\u00e3o; a P\u00e1scoa nos enche de esperan\u00e7a diante do sofrimento e da morte; e o Tempo Comum nos encoraja a perseverar na f\u00e9, mesmo no cotidiano.<\/p>\n\n\n\n<p>Al\u00e9m disso, em um mundo cada vez mais fragmentado, a liturgia nos une como comunidade. Ao celebrar os mesmos mist\u00e9rios, em comunh\u00e3o com a Igreja universal, experimentamos a unidade do Corpo de Cristo. Como nos lembra o Conc\u00edlio Vaticano II, &#8220;a liturgia \u00e9 o exerc\u00edcio do sacerd\u00f3cio de Jesus Cristo&#8221; (SC 7), e nela todos participamos, como povo sacerdotal.<\/p>\n\n\n\n<h3 class=\"wp-block-heading\"><strong>Conclus\u00e3o: Um Caminho de Santidade<\/strong><\/h3>\n\n\n\n<p>Os ciclos e tempos lit\u00fargicos s\u00e3o, em \u00faltima an\u00e1lise, um caminho de santidade. Eles nos guiam atrav\u00e9s dos mist\u00e9rios da f\u00e9, nos ajudam a crescer na vida de Cristo e nos preparam para a vida eterna. Como nos diz o salmista, &#8220;ensina-nos a contar os nossos dias, para que alcancemos um cora\u00e7\u00e3o s\u00e1bio&#8221; (Salmo 90,12).<\/p>\n\n\n\n<p>Nesta jornada sagrada atrav\u00e9s do tempo e da eternidade, cada ciclo e tempo lit\u00fargico \u00e9 uma oportunidade para renovar nossa f\u00e9, fortalecer nossa esperan\u00e7a e acender nosso amor. Vivendo esses ciclos e tempos com devo\u00e7\u00e3o e dedica\u00e7\u00e3o, podemos dizer com S\u00e3o Paulo: &#8220;Para mim, viver \u00e9 Cristo&#8221; (Filipenses 1,21), e assim, alcan\u00e7ar a plenitude da vida n&#8217;Ele.<\/p>\n\n\n\n<hr class=\"wp-block-separator has-alpha-channel-opacity\"\/>\n\n\n\n<p>Este artigo \u00e9 um convite para mergulhar na riqueza da liturgia cat\u00f3lica, descobrir em cada ciclo e tempo uma nova dimens\u00e3o do amor de Deus e viver cada dia como um passo a mais em dire\u00e7\u00e3o \u00e0 eternidade. Que o Esp\u00edrito Santo nos guie neste caminho, para que, ao final de nossa peregrina\u00e7\u00e3o, possamos contemplar o rosto de Deus e desfrutar de sua presen\u00e7a para sempre. Am\u00e9m.<\/p>\n","protected":false},"excerpt":{"rendered":"<p>Na vida da Igreja Cat\u00f3lica, o tempo n\u00e3o \u00e9 simplesmente uma sequ\u00eancia de dias, semanas e meses. \u00c9 um dom sagrado, um espa\u00e7o onde Deus se revela e age na hist\u00f3ria da salva\u00e7\u00e3o. Os ciclos e tempos lit\u00fargicos constituem a estrutura que organiza esse tempo sagrado, guiando-nos atrav\u00e9s dos mist\u00e9rios da f\u00e9 e ajudando-nos a &hellip;<\/p>\n","protected":false},"author":3,"featured_media":2207,"comment_status":"open","ping_status":"open","sticky":false,"template":"","format":"standard","meta":{"_seopress_robots_primary_cat":"","_seopress_titles_title":"","_seopress_titles_desc":"","_seopress_robots_index":"","footnotes":""},"categories":[38,52],"tags":[573],"class_list":["post-2206","post","type-post","status-publish","format-standard","has-post-thumbnail","","category-historia-e-tradicao","category-liturgia-e-ano-liturgico","tag-ciclos-e-tempos-liturgicos"],"_links":{"self":[{"href":"https:\/\/catholicus.eu\/pt\/wp-json\/wp\/v2\/posts\/2206","targetHints":{"allow":["GET"]}}],"collection":[{"href":"https:\/\/catholicus.eu\/pt\/wp-json\/wp\/v2\/posts"}],"about":[{"href":"https:\/\/catholicus.eu\/pt\/wp-json\/wp\/v2\/types\/post"}],"author":[{"embeddable":true,"href":"https:\/\/catholicus.eu\/pt\/wp-json\/wp\/v2\/users\/3"}],"replies":[{"embeddable":true,"href":"https:\/\/catholicus.eu\/pt\/wp-json\/wp\/v2\/comments?post=2206"}],"version-history":[{"count":2,"href":"https:\/\/catholicus.eu\/pt\/wp-json\/wp\/v2\/posts\/2206\/revisions"}],"predecessor-version":[{"id":2209,"href":"https:\/\/catholicus.eu\/pt\/wp-json\/wp\/v2\/posts\/2206\/revisions\/2209"}],"wp:featuredmedia":[{"embeddable":true,"href":"https:\/\/catholicus.eu\/pt\/wp-json\/wp\/v2\/media\/2207"}],"wp:attachment":[{"href":"https:\/\/catholicus.eu\/pt\/wp-json\/wp\/v2\/media?parent=2206"}],"wp:term":[{"taxonomy":"category","embeddable":true,"href":"https:\/\/catholicus.eu\/pt\/wp-json\/wp\/v2\/categories?post=2206"},{"taxonomy":"post_tag","embeddable":true,"href":"https:\/\/catholicus.eu\/pt\/wp-json\/wp\/v2\/tags?post=2206"}],"curies":[{"name":"wp","href":"https:\/\/api.w.org\/{rel}","templated":true}]}}