{"id":2154,"date":"2025-02-09T21:26:35","date_gmt":"2025-02-09T20:26:35","guid":{"rendered":"https:\/\/catholicus.eu\/pt\/?p=2154"},"modified":"2025-02-09T21:26:35","modified_gmt":"2025-02-09T20:26:35","slug":"a-biblia-protestante-esta-incompleta-a-verdade-que-voce-nunca-soube","status":"publish","type":"post","link":"https:\/\/catholicus.eu\/pt\/a-biblia-protestante-esta-incompleta-a-verdade-que-voce-nunca-soube\/","title":{"rendered":"A B\u00edblia Protestante Est\u00e1 Incompleta: A Verdade Que Voc\u00ea Nunca Soube"},"content":{"rendered":"\n<p>Quando abrimos uma B\u00edblia protestante e a comparamos com uma B\u00edblia cat\u00f3lica, notamos uma diferen\u00e7a fundamental: <strong>faltam livros<\/strong>. Isso n\u00e3o \u00e9 um mero detalhe insignificante, mas uma omiss\u00e3o crucial que afeta a compreens\u00e3o da f\u00e9 crist\u00e3.<\/p>\n\n\n\n<p>Mas o que isso significa? Por que esses livros foram removidos? Como isso afeta a teologia protestante? E, acima de tudo: <strong>por que isso \u00e9 t\u00e3o importante para a nossa vida espiritual hoje?<\/strong><\/p>\n\n\n\n<p>Neste artigo, exploraremos esse tema em profundidade, desmascararemos mitos e explicaremos por que a B\u00edblia cat\u00f3lica \u00e9 a vers\u00e3o completa e aut\u00eantica da Palavra de Deus.<\/p>\n\n\n\n<h2 class=\"wp-block-heading\"><strong>Quais Livros Faltam na B\u00edblia Protestante?<\/strong><\/h2>\n\n\n\n<p>A B\u00edblia cat\u00f3lica cont\u00e9m <strong>73 livros<\/strong>, enquanto a B\u00edblia protestante tem apenas <strong>66<\/strong>. Essa diferen\u00e7a ocorre porque os reformadores do s\u00e9culo XVI <strong>removeram sete livros do Antigo Testamento<\/strong>, al\u00e9m de partes de outros livros. Os livros que foram eliminados s\u00e3o:<\/p>\n\n\n\n<ol class=\"wp-block-list\">\n<li><strong>Tobias<\/strong><\/li>\n\n\n\n<li><strong>Judite<\/strong><\/li>\n\n\n\n<li><strong>Sabedoria<\/strong><\/li>\n\n\n\n<li><strong>Eclesi\u00e1stico (Sir\u00e1cida)<\/strong><\/li>\n\n\n\n<li><strong>Baruc<\/strong><\/li>\n\n\n\n<li><strong>1 Macabeus<\/strong><\/li>\n\n\n\n<li><strong>2 Macabeus<\/strong><\/li>\n<\/ol>\n\n\n\n<p>Al\u00e9m disso, trechos de <strong>Daniel e Ester<\/strong> foram retirados da vers\u00e3o protestante.<\/p>\n\n\n\n<p>Esses livros, conhecidos como <strong>deuterocan\u00f4nicos<\/strong>, <strong>sempre foram considerados Sagradas Escrituras pela Igreja<\/strong> e faziam parte da <strong>Septuaginta<\/strong>, a tradu\u00e7\u00e3o grega do Antigo Testamento usada pelos ap\u00f3stolos e pelo pr\u00f3prio Jesus.<\/p>\n\n\n\n<h2 class=\"wp-block-heading\"><strong>Por Que os Protestantes Removeram Esses Livros?<\/strong><\/h2>\n\n\n\n<p>Martinho Lutero e outros reformadores <strong>rejeitaram esses livros<\/strong> porque eles contradiziam alguns de seus ensinamentos. N\u00e3o foi uma decis\u00e3o baseada na hist\u00f3ria ou na tradi\u00e7\u00e3o apost\u00f3lica, mas em sua pr\u00f3pria interpreta\u00e7\u00e3o teol\u00f3gica.<\/p>\n\n\n\n<p>Vejamos alguns exemplos do que esses livros ensinam e por que desafiam a teologia protestante:<\/p>\n\n\n\n<h3 class=\"wp-block-heading\"><strong>1. A Ora\u00e7\u00e3o Pelos Mortos e o Purgat\u00f3rio<\/strong><\/h3>\n\n\n\n<p>Em <strong>2 Macabeus 12,45-46<\/strong>, a pr\u00e1tica da ora\u00e7\u00e3o pelos mortos \u00e9 claramente mencionada:<\/p>\n\n\n\n<blockquote class=\"wp-block-quote is-layout-flow wp-block-quote-is-layout-flow\">\n<p><em>&#8220;Mas, se ele tinha em vista a magn\u00edfica recompensa reservada aos que adormecem piedosamente, era um pensamento santo e piedoso. Eis por que ele mandou oferecer um sacrif\u00edcio expiat\u00f3rio pelos mortos, para que fossem absolvidos de seus pecados.&#8221;<\/em><\/p>\n<\/blockquote>\n\n\n\n<p>Esse ensinamento sustenta a doutrina do <strong>Purgat\u00f3rio<\/strong>, algo rejeitado pelo protestantismo. Se os protestantes aceitassem 2 Macabeus, teriam que aceitar tamb\u00e9m a ora\u00e7\u00e3o pelos falecidos e o processo de purifica\u00e7\u00e3o ap\u00f3s a morte, o que contradiz a doutrina da <strong>sola fide<\/strong> (salva\u00e7\u00e3o apenas pela f\u00e9).<\/p>\n\n\n\n<h3 class=\"wp-block-heading\"><strong>2. A Import\u00e2ncia das Boas Obras<\/strong><\/h3>\n\n\n\n<p>A teologia protestante insiste que <strong>somos salvos apenas pela f\u00e9 (sola fide)<\/strong>. No entanto, os livros deuterocan\u00f4nicos enfatizam a import\u00e2ncia das obras juntamente com a f\u00e9.<\/p>\n\n\n\n<p>Por exemplo, lemos em <strong>Eclesi\u00e1stico 15,16-17<\/strong>:<\/p>\n\n\n\n<blockquote class=\"wp-block-quote is-layout-flow wp-block-quote-is-layout-flow\">\n<p><em>&#8220;Se quiseres, guardar\u00e1s os mandamentos e permanecer\u00e1s fiel ao seu benepl\u00e1cito. Ele p\u00f4s diante de ti o fogo e a \u00e1gua: para o que quiseres, estender\u00e1s a m\u00e3o.&#8221;<\/em><\/p>\n<\/blockquote>\n\n\n\n<p>Essa passagem reafirma o ensino cat\u00f3lico de que temos <strong>livre arb\u00edtrio<\/strong> e que nossas escolhas s\u00e3o importantes para nossa salva\u00e7\u00e3o. Lutero, que ensinava a <strong>deprava\u00e7\u00e3o total do homem<\/strong>, rejeitou essa ideia e preferiu excluir esses livros da B\u00edblia.<\/p>\n\n\n\n<h3 class=\"wp-block-heading\"><strong>3. A Intercess\u00e3o dos Santos<\/strong><\/h3>\n\n\n\n<p>O livro de <strong>Baruc<\/strong> fala sobre como os justos podem interceder pelo povo:<\/p>\n\n\n\n<blockquote class=\"wp-block-quote is-layout-flow wp-block-quote-is-layout-flow\">\n<p><em>&#8220;Senhor Todo-Poderoso, Deus de Israel, ouve a ora\u00e7\u00e3o dos mortos de Israel e de seus filhos pecadores.&#8221;<\/em> (Baruc 3,4)<\/p>\n<\/blockquote>\n\n\n\n<p>Esse conceito de intercess\u00e3o \u00e9 central na teologia cat\u00f3lica, pois explica a comunh\u00e3o dos santos e o papel de Maria e dos santos como intercessores. Os protestantes, no entanto, rejeitam essa cren\u00e7a, e a remo\u00e7\u00e3o desses livros torna mais f\u00e1cil ignorar essa verdade.<\/p>\n\n\n\n<h3 class=\"wp-block-heading\"><strong>4. A Venera\u00e7\u00e3o das Imagens Sagradas<\/strong><\/h3>\n\n\n\n<p>Muitos protestantes afirmam que a B\u00edblia pro\u00edbe o uso de imagens, mas em <strong>Sabedoria 14,7<\/strong> encontramos uma passagem reveladora:<\/p>\n\n\n\n<blockquote class=\"wp-block-quote is-layout-flow wp-block-quote-is-layout-flow\">\n<p><em>&#8220;Bendito seja o madeiro pelo qual vem a justi\u00e7a.&#8221;<\/em><\/p>\n<\/blockquote>\n\n\n\n<p>Isso se refere aos objetos sagrados usados no culto a Deus e justifica o uso de imagens e est\u00e1tuas para fins piedosos.<\/p>\n\n\n\n<h2 class=\"wp-block-heading\"><strong>Quem Decidiu Quais Livros Fariam Parte da B\u00edblia?<\/strong><\/h2>\n\n\n\n<p>\u00c9 importante entender que a B\u00edblia n\u00e3o caiu do c\u00e9u j\u00e1 encadernada com 73 livros. <strong>A Igreja primitiva, sob a orienta\u00e7\u00e3o do Esp\u00edrito Santo, definiu o c\u00e2non b\u00edblico nos Conc\u00edlios de Roma (382), Hipona (393) e Cartago (397).<\/strong><\/p>\n\n\n\n<p>Santo Agostinho, grande defensor dos deuterocan\u00f4nicos, enfatizou sua inspira\u00e7\u00e3o divina. No entanto, Lutero decidiu <strong>unilateralmente<\/strong> exclu\u00ed-los para apoiar seus ensinamentos.<\/p>\n\n\n\n<p>Os protestantes argumentam que o c\u00e2non judaico, estabelecido no s\u00e9culo I d.C. no Conc\u00edlio de J\u00e2mnia, n\u00e3o inclu\u00eda esses livros. No entanto, <strong>os ap\u00f3stolos e a Igreja primitiva usavam a Septuaginta, que os continha<\/strong>.<\/p>\n\n\n\n<p>Em outras palavras, os protestantes seguem um c\u00e2non judeu <strong>definido ap\u00f3s Cristo<\/strong>, enquanto os cat\u00f3licos seguem o c\u00e2non utilizado pelos ap\u00f3stolos e pelos primeiros crist\u00e3os.<\/p>\n\n\n\n<h2 class=\"wp-block-heading\"><strong>Por Que Isso \u00c9 Importante Hoje?<\/strong><\/h2>\n\n\n\n<p>Algumas pessoas podem pensar: &#8220;Se eu acredito em Jesus, realmente importa quais livros est\u00e3o na B\u00edblia?&#8221;<\/p>\n\n\n\n<p>A resposta \u00e9 um <strong>sim absoluto<\/strong>.<\/p>\n\n\n\n<ol class=\"wp-block-list\">\n<li><strong>Se uma parte da B\u00edblia est\u00e1 faltando, uma parte da verdade tamb\u00e9m est\u00e1 faltando.<\/strong><\/li>\n\n\n\n<li><strong>As doutrinas protestantes s\u00e3o incompletas porque se baseiam em uma B\u00edblia incompleta.<\/strong><\/li>\n\n\n\n<li><strong>Os ensinamentos removidos afetam nossa compreens\u00e3o da f\u00e9, da salva\u00e7\u00e3o e da vida crist\u00e3.<\/strong><\/li>\n<\/ol>\n\n\n\n<p>Aceitar a B\u00edblia cat\u00f3lica significa aceitar <strong>a plenitude da Revela\u00e7\u00e3o<\/strong>. N\u00e3o podemos basear nossa f\u00e9 em uma vers\u00e3o reduzida da Palavra de Deus.<\/p>\n\n\n\n<h2 class=\"wp-block-heading\"><strong>O Que Voc\u00ea Pode Fazer Hoje?<\/strong><\/h2>\n\n\n\n<ol class=\"wp-block-list\">\n<li><strong>Se voc\u00ea \u00e9 cat\u00f3lico, aprofunde-se nos livros deuterocan\u00f4nicos.<\/strong> Muitas vezes eles s\u00e3o ignorados, at\u00e9 mesmo pelos cat\u00f3licos. Leia-os e descubra sua riqueza espiritual.<\/li>\n\n\n\n<li><strong>Se voc\u00ea \u00e9 protestante, pesquise por que sua B\u00edblia tem menos livros.<\/strong> Pergunte-se quem decidiu quais livros incluir e por qu\u00ea.<\/li>\n\n\n\n<li><strong>Compartilhe esse conhecimento.<\/strong> Muitos crist\u00e3os n\u00e3o sabem que sua B\u00edblia est\u00e1 incompleta. Ajude-os a descobrir a verdade.<\/li>\n<\/ol>\n\n\n\n<h2 class=\"wp-block-heading\"><strong>Conclus\u00e3o: A Plenitude da F\u00e9<\/strong><\/h2>\n\n\n\n<p>A B\u00edblia \u00e9 a Palavra de Deus, mas a B\u00edblia protestante <strong>n\u00e3o est\u00e1 completa<\/strong>. A remo\u00e7\u00e3o dos livros deuterocan\u00f4nicos <strong>n\u00e3o foi uma decis\u00e3o inspirada por Deus<\/strong>, mas uma escolha humana para justificar doutrinas contr\u00e1rias ao ensino apost\u00f3lico.<\/p>\n\n\n\n<p>Se queremos viver na plenitude da f\u00e9 crist\u00e3, devemos aceitar a B\u00edblia em sua totalidade, assim como foi transmitida pela Igreja desde o in\u00edcio.<\/p>\n\n\n\n<p>Que esse conhecimento nos ajude a nos aproximar de Deus e a viver uma f\u00e9 mais profunda e aut\u00eantica.<\/p>\n","protected":false},"excerpt":{"rendered":"<p>Quando abrimos uma B\u00edblia protestante e a comparamos com uma B\u00edblia cat\u00f3lica, notamos uma diferen\u00e7a fundamental: faltam livros. Isso n\u00e3o \u00e9 um mero detalhe insignificante, mas uma omiss\u00e3o crucial que afeta a compreens\u00e3o da f\u00e9 crist\u00e3. Mas o que isso significa? Por que esses livros foram removidos? Como isso afeta a teologia protestante? E, acima &hellip;<\/p>\n","protected":false},"author":3,"featured_media":2155,"comment_status":"open","ping_status":"open","sticky":false,"template":"","format":"standard","meta":{"_seopress_robots_primary_cat":"","_seopress_titles_title":"","_seopress_titles_desc":"","_seopress_robots_index":"","footnotes":""},"categories":[37,45],"tags":[557],"class_list":["post-2154","post","type-post","status-publish","format-standard","has-post-thumbnail","","category-doutrina-e-fe","category-sagradas-escrituras","tag-biblia-protestante"],"_links":{"self":[{"href":"https:\/\/catholicus.eu\/pt\/wp-json\/wp\/v2\/posts\/2154","targetHints":{"allow":["GET"]}}],"collection":[{"href":"https:\/\/catholicus.eu\/pt\/wp-json\/wp\/v2\/posts"}],"about":[{"href":"https:\/\/catholicus.eu\/pt\/wp-json\/wp\/v2\/types\/post"}],"author":[{"embeddable":true,"href":"https:\/\/catholicus.eu\/pt\/wp-json\/wp\/v2\/users\/3"}],"replies":[{"embeddable":true,"href":"https:\/\/catholicus.eu\/pt\/wp-json\/wp\/v2\/comments?post=2154"}],"version-history":[{"count":1,"href":"https:\/\/catholicus.eu\/pt\/wp-json\/wp\/v2\/posts\/2154\/revisions"}],"predecessor-version":[{"id":2156,"href":"https:\/\/catholicus.eu\/pt\/wp-json\/wp\/v2\/posts\/2154\/revisions\/2156"}],"wp:featuredmedia":[{"embeddable":true,"href":"https:\/\/catholicus.eu\/pt\/wp-json\/wp\/v2\/media\/2155"}],"wp:attachment":[{"href":"https:\/\/catholicus.eu\/pt\/wp-json\/wp\/v2\/media?parent=2154"}],"wp:term":[{"taxonomy":"category","embeddable":true,"href":"https:\/\/catholicus.eu\/pt\/wp-json\/wp\/v2\/categories?post=2154"},{"taxonomy":"post_tag","embeddable":true,"href":"https:\/\/catholicus.eu\/pt\/wp-json\/wp\/v2\/tags?post=2154"}],"curies":[{"name":"wp","href":"https:\/\/api.w.org\/{rel}","templated":true}]}}