{"id":2145,"date":"2025-02-09T14:16:18","date_gmt":"2025-02-09T13:16:18","guid":{"rendered":"https:\/\/catholicus.eu\/pt\/?p=2145"},"modified":"2025-02-09T14:16:18","modified_gmt":"2025-02-09T13:16:18","slug":"a-graca-santificante-como-ela-nos-transforma-em-filhos-de-deus","status":"publish","type":"post","link":"https:\/\/catholicus.eu\/pt\/a-graca-santificante-como-ela-nos-transforma-em-filhos-de-deus\/","title":{"rendered":"A Gra\u00e7a Santificante: Como Ela Nos Transforma em Filhos de Deus?"},"content":{"rendered":"\n<p>A doutrina da gra\u00e7a \u00e9 um dos ensinamentos centrais do cristianismo. Em particular, a gra\u00e7a santificante \u00e9 o dom divino que nos transforma interiormente, nos eleva acima da nossa natureza e nos torna participantes da vida divina. Neste artigo, exploraremos o que \u00e9 a gra\u00e7a santificante, como ela nos torna filhos de Deus e como podemos viv\u00ea-la em nossa vida cotidiana.<\/p>\n\n\n\n<h2 class=\"wp-block-heading\">1. O Que \u00e9 a Gra\u00e7a Santificante?<\/h2>\n\n\n\n<p>A gra\u00e7a santificante \u00e9 um dom sobrenatural infundido por Deus na alma do crente no momento do Batismo. \u00c9 uma participa\u00e7\u00e3o real na natureza divina (2 Pedro 1,4) que nos torna justos e santos diante de Deus. N\u00e3o \u00e9 apenas um favor exterior ou uma ajuda tempor\u00e1ria, mas uma transforma\u00e7\u00e3o interior que nos torna semelhantes a Cristo.<\/p>\n\n\n\n<p>S\u00e3o Paulo expressa isso claramente: &#8220;Se algu\u00e9m est\u00e1 em Cristo, \u00e9 uma nova criatura; as coisas velhas j\u00e1 passaram; eis que tudo se fez novo&#8221; (2 Cor\u00edntios 5,17). Isso significa que a gra\u00e7a santificante nos renova por dentro, concedendo-nos uma vida espiritual que antes n\u00e3o t\u00ednhamos.<\/p>\n\n\n\n<h3 class=\"wp-block-heading\">Caracter\u00edsticas da Gra\u00e7a Santificante<\/h3>\n\n\n\n<ol start=\"1\" class=\"wp-block-list\">\n<li><strong>\u00c9 habitual<\/strong>: Permanece na alma enquanto n\u00e3o se comete um pecado mortal.<\/li>\n\n\n\n<li><strong>Nos torna amigos de Deus<\/strong>: Nos introduz em uma rela\u00e7\u00e3o filial com o Pai.<\/li>\n\n\n\n<li><strong>Nos confere o direito ao C\u00e9u<\/strong>: Nos torna herdeiros da vida eterna.<\/li>\n\n\n\n<li><strong>\u00c9 o princ\u00edpio da santidade<\/strong>: Nos capacita a agir segundo Deus.<\/li>\n<\/ol>\n\n\n\n<h2 class=\"wp-block-heading\">2. A Gra\u00e7a Santificante Nos Torna Filhos de Deus<\/h2>\n\n\n\n<p>Um dos efeitos mais sublimes da gra\u00e7a santificante \u00e9 que ela nos torna filhos adotivos de Deus. Por natureza, Deus \u00e9 Pai apenas de Jesus Cristo, mas atrav\u00e9s da gra\u00e7a, Ele nos adota como seus filhos.<\/p>\n\n\n\n<p>S\u00e3o Jo\u00e3o afirma isso com clareza luminosa: &#8220;Mas, a todos os que o receberam, deu-lhes o poder de serem feitos filhos de Deus: aos que creem no seu nome&#8221; (Jo\u00e3o 1,12). Essa filia\u00e7\u00e3o divina n\u00e3o \u00e9 apenas simb\u00f3lica ou legal, mas real: recebemos uma nova vida que nos faz semelhantes a Cristo, o Filho Unig\u00eanito.<\/p>\n\n\n\n<h3 class=\"wp-block-heading\">Implica\u00e7\u00f5es de Ser Filhos de Deus<\/h3>\n\n\n\n<ul class=\"wp-block-list\">\n<li><strong>Nos introduz na fam\u00edlia divina<\/strong>: Somos membros da Igreja, que \u00e9 a fam\u00edlia de Deus na terra.<\/li>\n\n\n\n<li><strong>Nos confere a heran\u00e7a celestial<\/strong>: A vida eterna n\u00e3o \u00e9 apenas uma recompensa exterior, mas a consuma\u00e7\u00e3o da gra\u00e7a que j\u00e1 possu\u00edmos.<\/li>\n\n\n\n<li><strong>Nos d\u00e1 confian\u00e7a filial<\/strong>: Podemos nos aproximar de Deus com a certeza de sermos amados como seus filhos.<\/li>\n<\/ul>\n\n\n\n<h2 class=\"wp-block-heading\">3. A Gra\u00e7a na Vida Cotidiana<\/h2>\n\n\n\n<p>Viver na gra\u00e7a significa manter essa vida divina em n\u00f3s e faz\u00ea-la crescer. N\u00e3o \u00e9 algo te\u00f3rico ou reservado aos santos do passado, mas uma realidade acess\u00edvel a todos.<\/p>\n\n\n\n<h3 class=\"wp-block-heading\">Como Conservar e Aumentar a Gra\u00e7a Santificante?<\/h3>\n\n\n\n<ol start=\"1\" class=\"wp-block-list\">\n<li><strong>Receber frequentemente os sacramentos<\/strong>: A confiss\u00e3o restaura a gra\u00e7a perdida e a Eucaristia a fortalece.<\/li>\n\n\n\n<li><strong>Ora\u00e7\u00e3o constante<\/strong>: Falar com Deus nos ajuda a permanecer em Sua presen\u00e7a e a crescer em amizade com Ele.<\/li>\n\n\n\n<li><strong>Obras de caridade<\/strong>: &#8220;A f\u00e9 sem obras \u00e9 morta&#8221; (Tiago 2,26); viver na gra\u00e7a significa agir segundo o amor de Deus.<\/li>\n\n\n\n<li><strong>Evitar o pecado<\/strong>: O pecado mortal destr\u00f3i a gra\u00e7a; portanto, devemos lutar contra as ocasi\u00f5es de pecado.<\/li>\n<\/ol>\n\n\n\n<h2 class=\"wp-block-heading\">4. Um Chamado \u00e0 Santidade<\/h2>\n\n\n\n<p>A gra\u00e7a santificante n\u00e3o \u00e9 apenas um dom passivo, mas um chamado ativo \u00e0 santidade. Deus nos d\u00e1 Sua vida para que vivamos de acordo com Ele e sejamos transformados \u00e0 imagem de Seu Filho.<\/p>\n\n\n\n<p>Santa Teresinha do Menino Jesus resumiu isso assim: &#8220;A santidade n\u00e3o consiste em dizer coisas bonitas, mas em sofrer e sofrer tudo.&#8221; A vida crist\u00e3 n\u00e3o est\u00e1 isenta de dificuldades, mas com a gra\u00e7a de Deus, cada sacrif\u00edcio se torna uma oportunidade de crescimento espiritual.<\/p>\n\n\n\n<h3 class=\"wp-block-heading\">Testemunho e Apostolado<\/h3>\n\n\n\n<p>Quem vive na gra\u00e7a n\u00e3o pode guard\u00e1-la apenas para si. A alegria da filia\u00e7\u00e3o divina nos impulsiona a compartilhar nossa f\u00e9 com os outros, seja por meio de palavras, seja pelo testemunho de vida. Em um mundo que muitas vezes ignora ou rejeita Deus, viver na gra\u00e7a \u00e9 uma luz que ilumina e transforma.<\/p>\n\n\n\n<h2 class=\"wp-block-heading\">Conclus\u00e3o<\/h2>\n\n\n\n<p>A gra\u00e7a santificante \u00e9 o dom mais precioso que podemos receber. Ela nos torna filhos de Deus, nos transforma interiormente e nos prepara para a vida eterna. No entanto, n\u00e3o \u00e9 um tesouro est\u00e1tico, mas uma vida que deve crescer, ser fortalecida e compartilhada.<\/p>\n\n\n\n<p>Que nossa ora\u00e7\u00e3o seja sempre: &#8220;Senhor, d\u00e1-me a tua gra\u00e7a para que eu viva como teu filho e reflita a tua luz no mundo.&#8221;<\/p>\n","protected":false},"excerpt":{"rendered":"<p>A doutrina da gra\u00e7a \u00e9 um dos ensinamentos centrais do cristianismo. Em particular, a gra\u00e7a santificante \u00e9 o dom divino que nos transforma interiormente, nos eleva acima da nossa natureza e nos torna participantes da vida divina. Neste artigo, exploraremos o que \u00e9 a gra\u00e7a santificante, como ela nos torna filhos de Deus e como &hellip;<\/p>\n","protected":false},"author":3,"featured_media":2146,"comment_status":"open","ping_status":"open","sticky":false,"template":"","format":"standard","meta":{"_seopress_robots_primary_cat":"","_seopress_titles_title":"","_seopress_titles_desc":"","_seopress_robots_index":"","footnotes":""},"categories":[44,37],"tags":[555],"class_list":["post-2145","post","type-post","status-publish","format-standard","has-post-thumbnail","","category-dogmas-da-fe","category-doutrina-e-fe","tag-graca-santificante"],"_links":{"self":[{"href":"https:\/\/catholicus.eu\/pt\/wp-json\/wp\/v2\/posts\/2145","targetHints":{"allow":["GET"]}}],"collection":[{"href":"https:\/\/catholicus.eu\/pt\/wp-json\/wp\/v2\/posts"}],"about":[{"href":"https:\/\/catholicus.eu\/pt\/wp-json\/wp\/v2\/types\/post"}],"author":[{"embeddable":true,"href":"https:\/\/catholicus.eu\/pt\/wp-json\/wp\/v2\/users\/3"}],"replies":[{"embeddable":true,"href":"https:\/\/catholicus.eu\/pt\/wp-json\/wp\/v2\/comments?post=2145"}],"version-history":[{"count":1,"href":"https:\/\/catholicus.eu\/pt\/wp-json\/wp\/v2\/posts\/2145\/revisions"}],"predecessor-version":[{"id":2147,"href":"https:\/\/catholicus.eu\/pt\/wp-json\/wp\/v2\/posts\/2145\/revisions\/2147"}],"wp:featuredmedia":[{"embeddable":true,"href":"https:\/\/catholicus.eu\/pt\/wp-json\/wp\/v2\/media\/2146"}],"wp:attachment":[{"href":"https:\/\/catholicus.eu\/pt\/wp-json\/wp\/v2\/media?parent=2145"}],"wp:term":[{"taxonomy":"category","embeddable":true,"href":"https:\/\/catholicus.eu\/pt\/wp-json\/wp\/v2\/categories?post=2145"},{"taxonomy":"post_tag","embeddable":true,"href":"https:\/\/catholicus.eu\/pt\/wp-json\/wp\/v2\/tags?post=2145"}],"curies":[{"name":"wp","href":"https:\/\/api.w.org\/{rel}","templated":true}]}}