{"id":2139,"date":"2025-02-09T00:49:09","date_gmt":"2025-02-08T23:49:09","guid":{"rendered":"https:\/\/catholicus.eu\/pt\/?p=2139"},"modified":"2025-02-09T00:49:09","modified_gmt":"2025-02-08T23:49:09","slug":"a-intercessao-dos-santos-por-que-os-catolicos-pedem-sua-ajuda","status":"publish","type":"post","link":"https:\/\/catholicus.eu\/pt\/a-intercessao-dos-santos-por-que-os-catolicos-pedem-sua-ajuda\/","title":{"rendered":"A Intercess\u00e3o dos Santos: Por que os cat\u00f3licos pedem sua ajuda?"},"content":{"rendered":"\n<p>No vasto e profundo oceano da f\u00e9 cat\u00f3lica, um dos temas que mais intriga e fascina aqueles que se aproximam dela \u00e9 a intercess\u00e3o dos santos. Por que os cat\u00f3licos recorrem aos santos para pedir sua ajuda? N\u00e3o \u00e9 suficiente dirigir-se diretamente a Deus? Essas perguntas, embora v\u00e1lidas, revelam um desconhecimento da riqueza teol\u00f3gica e espiritual que sustenta essa pr\u00e1tica milenar. Neste artigo, exploraremos o fundamento b\u00edblico, a relev\u00e2ncia teol\u00f3gica e as aplica\u00e7\u00f5es pr\u00e1ticas da intercess\u00e3o dos santos, com o objetivo de educar, inspirar e guiar aqueles que buscam aprofundar sua rela\u00e7\u00e3o com Deus e com a comunh\u00e3o dos santos.<\/p>\n\n\n\n<h3 class=\"wp-block-heading\"><strong>O Fundamento B\u00edblico da Intercess\u00e3o dos Santos<\/strong><\/h3>\n\n\n\n<p>A intercess\u00e3o dos santos n\u00e3o \u00e9 uma inven\u00e7\u00e3o humana, mas uma pr\u00e1tica enraizada na Sagrada Escritura. No Antigo Testamento, vemos como os justos intercedem pelo povo. Por exemplo, Abra\u00e3o intercede por Sodoma (G\u00eanesis 18,22-33), e Mois\u00e9s intercede pelos israelitas (\u00caxodo 32,11-14). No Novo Testamento, S\u00e3o Paulo pede ora\u00e7\u00f5es por si mesmo (Romanos 15,30) e garante que ora pelos outros (Ef\u00e9sios 1,16). Al\u00e9m disso, o Apocalipse nos mostra os santos oferecendo as ora\u00e7\u00f5es dos fi\u00e9is a Deus (Apocalipse 5,8; 8,3-4).<\/p>\n\n\n\n<p>Esses trechos b\u00edblicos revelam uma verdade fundamental: a intercess\u00e3o \u00e9 uma realidade no plano de Deus. Os santos, como membros vivos do Corpo de Cristo, participam dessa obra de intercess\u00e3o. Eles, que alcan\u00e7aram a plenitude da vida em Cristo, est\u00e3o mais pr\u00f3ximos de Deus e, portanto, podem interceder por n\u00f3s com maior efic\u00e1cia.<\/p>\n\n\n\n<h3 class=\"wp-block-heading\"><strong>A Relev\u00e2ncia Teol\u00f3gica da Intercess\u00e3o dos Santos<\/strong><\/h3>\n\n\n\n<p>A intercess\u00e3o dos santos baseia-se em dois pilares teol\u00f3gicos essenciais: a comunh\u00e3o dos santos e a media\u00e7\u00e3o de Cristo.<\/p>\n\n\n\n<ol start=\"1\" class=\"wp-block-list\">\n<li><strong>A Comunh\u00e3o dos Santos<\/strong>: O Catecismo da Igreja Cat\u00f3lica nos ensina que a comunh\u00e3o dos santos \u00e9 a uni\u00e3o espiritual entre todos os membros da Igreja: os que peregrinam na terra, os que se purificam no purgat\u00f3rio e os que gozam da vis\u00e3o beat\u00edfica no c\u00e9u (CIC 946-959). Essa comunh\u00e3o n\u00e3o se limita \u00e0 terra, mas se estende ao c\u00e9u e ao purgat\u00f3rio. Os santos, longe de estarem isolados em sua gl\u00f3ria, est\u00e3o profundamente unidos a n\u00f3s e participam ativamente de nossa vida espiritual.<\/li>\n\n\n\n<li><strong>A Media\u00e7\u00e3o de Cristo<\/strong>: A intercess\u00e3o dos santos n\u00e3o substitui nem diminui a media\u00e7\u00e3o \u00fanica e universal de Cristo. Pelo contr\u00e1rio, a pressup\u00f5e e dela depende. Cristo \u00e9 o \u00fanico mediador entre Deus e os homens (1 Tim\u00f3teo 2,5), mas Ele mesmo quis associar sua Igreja \u00e0 sua obra de salva\u00e7\u00e3o. Os santos, como membros de seu Corpo, participam dessa media\u00e7\u00e3o de maneira subordinada e dependente de Cristo. Sua intercess\u00e3o \u00e9 um reflexo e uma extens\u00e3o da intercess\u00e3o de Cristo.<\/li>\n<\/ol>\n\n\n\n<h3 class=\"wp-block-heading\"><strong>As Aplica\u00e7\u00f5es Pr\u00e1ticas da Intercess\u00e3o dos Santos<\/strong><\/h3>\n\n\n\n<p>A intercess\u00e3o dos santos n\u00e3o \u00e9 uma mera devo\u00e7\u00e3o piedosa, mas uma pr\u00e1tica que tem profundas implica\u00e7\u00f5es para nossa vida espiritual. Aqui est\u00e3o algumas aplica\u00e7\u00f5es pr\u00e1ticas:<\/p>\n\n\n\n<ol start=\"1\" class=\"wp-block-list\">\n<li><strong>Fortalecer Nossa F\u00e9 e Esperan\u00e7a<\/strong>: Ao recorrer aos santos, lembramos que a vida eterna \u00e9 uma realidade alcan\u00e7\u00e1vel. Os santos s\u00e3o testemunhas vivas de que \u00e9 poss\u00edvel viver em santidade e alcan\u00e7ar a gl\u00f3ria de Deus. Seu exemplo nos encoraja a perseverar na f\u00e9 e a confiar nas promessas de Cristo.<\/li>\n\n\n\n<li><strong>Conectar-nos \u00e0 Tradi\u00e7\u00e3o Viva da Igreja<\/strong>: Os santos fazem parte da grande nuvem de testemunhas que nos rodeia (Hebreus 12,1). Ao invocar sua intercess\u00e3o, nos unimos \u00e0 tradi\u00e7\u00e3o viva da Igreja e nos sentimos parte de uma fam\u00edlia espiritual que transcende o tempo e o espa\u00e7o.<\/li>\n\n\n\n<li><strong>Ajudar-nos a Superar o Individualismo<\/strong>: Em um mundo marcado pelo individualismo, a intercess\u00e3o dos santos nos lembra que n\u00e3o estamos sozinhos. Fazemos parte de uma comunidade de crentes que se apoiam mutuamente na ora\u00e7\u00e3o. Os santos, como irm\u00e3os e irm\u00e3s mais velhos na f\u00e9, nos acompanham e nos sustentam em nosso caminho para Deus.<\/li>\n\n\n\n<li><strong>Oferecer-nos Modelos de Virtude<\/strong>: Cada santo \u00e9 um modelo de virtude e um reflexo da santidade de Deus. Ao conhecer suas vidas e pedir sua intercess\u00e3o, somos inspirados a imitar suas virtudes e a crescer em nossa pr\u00f3pria santidade.<\/li>\n<\/ol>\n\n\n\n<h3 class=\"wp-block-heading\"><strong>Como Aplicar a Intercess\u00e3o dos Santos na Vida Di\u00e1ria<\/strong><\/h3>\n\n\n\n<p>A intercess\u00e3o dos santos n\u00e3o \u00e9 uma pr\u00e1tica reservada para momentos de crise ou extrema necessidade. Ela pode e deve fazer parte de nossa vida di\u00e1ria. Aqui est\u00e3o algumas sugest\u00f5es para integrar essa pr\u00e1tica em sua rotina espiritual:<\/p>\n\n\n\n<ol start=\"1\" class=\"wp-block-list\">\n<li><strong>Escolha um Santo Padroeiro<\/strong>: Identifique um santo com quem voc\u00ea se sinta especialmente conectado, seja por sua vida, suas virtudes ou sua intercess\u00e3o em uma necessidade espec\u00edfica. Voc\u00ea pode escolher seu santo padroeiro com base em seu nome, sua profiss\u00e3o ou seus interesses pessoais.<\/li>\n\n\n\n<li><strong>Reze o Ros\u00e1rio com os Santos<\/strong>: O Ros\u00e1rio \u00e9 uma ora\u00e7\u00e3o maravilhosa que nos permite meditar nos mist\u00e9rios da vida de Cristo junto com a Virgem Maria. Voc\u00ea pode pedir a intercess\u00e3o dos santos enquanto reza cada mist\u00e9rio, oferecendo suas virtudes como modelo para sua vida.<\/li>\n\n\n\n<li><strong>Celebre as Festas dos Santos<\/strong>: As festas dos santos s\u00e3o uma oportunidade para aprofundar seu conhecimento sobre suas vidas e espiritualidade. Participe das celebra\u00e7\u00f5es lit\u00fargicas, leia sobre suas vidas e pe\u00e7a sua intercess\u00e3o em suas necessidades.<\/li>\n\n\n\n<li><strong>Pe\u00e7a sua Intercess\u00e3o nas Necessidades Cotidianas<\/strong>: N\u00e3o hesite em pedir a intercess\u00e3o dos santos nas necessidades concretas de sua vida. Seja no trabalho, na fam\u00edlia, pela sa\u00fade ou na luta contra o pecado, os santos est\u00e3o prontos para ajud\u00e1-lo.<\/li>\n\n\n\n<li><strong>Imite suas Virtudes<\/strong>: A melhor maneira de honrar os santos \u00e9 imitar suas virtudes. Identifique as virtudes que voc\u00ea mais admira neles e esforce-se para viv\u00ea-las em sua vida di\u00e1ria.<\/li>\n<\/ol>\n\n\n\n<h3 class=\"wp-block-heading\"><strong>Conclus\u00e3o: Unidos na Ora\u00e7\u00e3o<\/strong><\/h3>\n\n\n\n<p>A intercess\u00e3o dos santos \u00e9 um dom precioso que a Igreja nos oferece. Ela nos lembra que n\u00e3o estamos sozinhos em nosso caminho para Deus, mas fazemos parte de uma grande fam\u00edlia espiritual que nos acompanha e nos sustenta. Ao recorrer aos santos, n\u00e3o apenas recebemos sua ajuda, mas tamb\u00e9m nos unimos a seu louvor e a\u00e7\u00e3o de gra\u00e7as a Deus.<\/p>\n\n\n\n<p>Como nos diz o ap\u00f3stolo S\u00e3o Paulo: \u201cPor isso, desde o dia em que ouvimos falar de voc\u00eas, n\u00e3o cessamos de orar por voc\u00eas e de pedir que sejam cheios do pleno conhecimento da sua vontade, com toda a sabedoria e entendimento espiritual\u201d (Colossenses 1,9). Que este ensinamento sobre a intercess\u00e3o dos santos nos inspire a aprofundar nossa rela\u00e7\u00e3o com Deus e com a comunh\u00e3o dos santos, e nos encoraje a viver nossa f\u00e9 com maior fervor e esperan\u00e7a.<\/p>\n\n\n\n<p>Neste mundo cheio de desafios e dificuldades, lembremo-nos de que estamos cercados por uma grande nuvem de testemunhas que intercedem por n\u00f3s. Confiemos em sua ajuda e sigamos seu exemplo, para que um dia tamb\u00e9m possamos alcan\u00e7ar a gl\u00f3ria do c\u00e9u e nos unir a eles no louvor eterno a Deus. Am\u00e9m.<\/p>\n","protected":false},"excerpt":{"rendered":"<p>No vasto e profundo oceano da f\u00e9 cat\u00f3lica, um dos temas que mais intriga e fascina aqueles que se aproximam dela \u00e9 a intercess\u00e3o dos santos. Por que os cat\u00f3licos recorrem aos santos para pedir sua ajuda? N\u00e3o \u00e9 suficiente dirigir-se diretamente a Deus? Essas perguntas, embora v\u00e1lidas, revelam um desconhecimento da riqueza teol\u00f3gica e &hellip;<\/p>\n","protected":false},"author":3,"featured_media":2140,"comment_status":"open","ping_status":"open","sticky":false,"template":"","format":"standard","meta":{"_seopress_robots_primary_cat":"","_seopress_titles_title":"","_seopress_titles_desc":"","_seopress_robots_index":"","footnotes":""},"categories":[44,37],"tags":[553],"class_list":["post-2139","post","type-post","status-publish","format-standard","has-post-thumbnail","","category-dogmas-da-fe","category-doutrina-e-fe","tag-intercessao-dos-santos"],"_links":{"self":[{"href":"https:\/\/catholicus.eu\/pt\/wp-json\/wp\/v2\/posts\/2139","targetHints":{"allow":["GET"]}}],"collection":[{"href":"https:\/\/catholicus.eu\/pt\/wp-json\/wp\/v2\/posts"}],"about":[{"href":"https:\/\/catholicus.eu\/pt\/wp-json\/wp\/v2\/types\/post"}],"author":[{"embeddable":true,"href":"https:\/\/catholicus.eu\/pt\/wp-json\/wp\/v2\/users\/3"}],"replies":[{"embeddable":true,"href":"https:\/\/catholicus.eu\/pt\/wp-json\/wp\/v2\/comments?post=2139"}],"version-history":[{"count":1,"href":"https:\/\/catholicus.eu\/pt\/wp-json\/wp\/v2\/posts\/2139\/revisions"}],"predecessor-version":[{"id":2141,"href":"https:\/\/catholicus.eu\/pt\/wp-json\/wp\/v2\/posts\/2139\/revisions\/2141"}],"wp:featuredmedia":[{"embeddable":true,"href":"https:\/\/catholicus.eu\/pt\/wp-json\/wp\/v2\/media\/2140"}],"wp:attachment":[{"href":"https:\/\/catholicus.eu\/pt\/wp-json\/wp\/v2\/media?parent=2139"}],"wp:term":[{"taxonomy":"category","embeddable":true,"href":"https:\/\/catholicus.eu\/pt\/wp-json\/wp\/v2\/categories?post=2139"},{"taxonomy":"post_tag","embeddable":true,"href":"https:\/\/catholicus.eu\/pt\/wp-json\/wp\/v2\/tags?post=2139"}],"curies":[{"name":"wp","href":"https:\/\/api.w.org\/{rel}","templated":true}]}}