{"id":2123,"date":"2025-02-07T23:15:50","date_gmt":"2025-02-07T22:15:50","guid":{"rendered":"https:\/\/catholicus.eu\/pt\/?p=2123"},"modified":"2025-02-07T23:15:50","modified_gmt":"2025-02-07T22:15:50","slug":"a-inquisicao-entre-mito-e-verdade-o-que-a-historia-e-a-fe-nos-ensinam","status":"publish","type":"post","link":"https:\/\/catholicus.eu\/pt\/a-inquisicao-entre-mito-e-verdade-o-que-a-historia-e-a-fe-nos-ensinam\/","title":{"rendered":"A Inquisi\u00e7\u00e3o: Entre Mito e Verdade \u2013 O Que a Hist\u00f3ria e a F\u00e9 Nos Ensinam"},"content":{"rendered":"\n<p>A Inquisi\u00e7\u00e3o \u00e9 um dos temas mais distorcidos e mal compreendidos da hist\u00f3ria. Para muitos, essa palavra evoca imagens de fanatismo, fogueiras e torturas brutais. No entanto, o que muitas vezes \u00e9 omitido \u00e9 o contexto hist\u00f3rico, teol\u00f3gico e social em que a Inquisi\u00e7\u00e3o surgiu e operou. A realidade \u00e9 muito mais complexa e menos sensacionalista do que se costuma acreditar.<\/p>\n\n\n\n<p>Neste artigo, desmontaremos os mitos mais difundidos sobre a Inquisi\u00e7\u00e3o, especialmente a espanhola, e apresentaremos as verdades hist\u00f3ricas baseadas em documentos e estudos s\u00e9rios. Acompanhe-nos nesta viagem pela hist\u00f3ria da Igreja, da justi\u00e7a medieval e da f\u00e9 cat\u00f3lica.<\/p>\n\n\n\n<h2 class=\"wp-block-heading\"><strong>1. O que foi realmente a Inquisi\u00e7\u00e3o?<\/strong><\/h2>\n\n\n\n<p>A Inquisi\u00e7\u00e3o n\u00e3o era um \u00f3rg\u00e3o arbitr\u00e1rio de opress\u00e3o, mas uma institui\u00e7\u00e3o judicial criada para preservar a f\u00e9 cat\u00f3lica e proteger a sociedade crist\u00e3 da heresia. Numa \u00e9poca em que a religi\u00e3o era o pilar central da vida pol\u00edtica e social, a heresia n\u00e3o era apenas considerada um pecado, mas tamb\u00e9m um crime contra a ordem p\u00fablica.<\/p>\n\n\n\n<p>A partir do s\u00e9culo XII, a Igreja buscou um meio legal para enfrentar o crescimento de heresias, como o catarismo e o valdismo, que amea\u00e7avam a unidade da cristandade e promoviam doutrinas que poderiam levar ao caos social. Assim nasceu a Inquisi\u00e7\u00e3o, uma institui\u00e7\u00e3o encarregada de investigar, julgar e, em casos extremos, condenar os acusados de heresia.<\/p>\n\n\n\n<p>A Inquisi\u00e7\u00e3o medieval era, em sua ess\u00eancia, um tribunal eclesi\u00e1stico mais preocupado com a corre\u00e7\u00e3o dos erros doutrinais do que com a puni\u00e7\u00e3o f\u00edsica. Mais tarde, na Espanha, a Inquisi\u00e7\u00e3o assumiu caracter\u00edsticas pr\u00f3prias, tornando-se dependente da monarquia e desempenhando um papel importante na unidade do reino.<\/p>\n\n\n\n<h2 class=\"wp-block-heading\"><strong>2. O mito da Inquisi\u00e7\u00e3o como m\u00e1quina de exterm\u00ednio<\/strong><\/h2>\n\n\n\n<p>Um dos mitos mais propagados \u00e9 que a Inquisi\u00e7\u00e3o espanhola realizou execu\u00e7\u00f5es em massa e que a fogueira era sua principal forma de puni\u00e7\u00e3o. No entanto, documentos hist\u00f3ricos demonstram que, comparada a outros tribunais da \u00e9poca, a Inquisi\u00e7\u00e3o era muito mais met\u00f3dica e menos violenta do que se acredita.<\/p>\n\n\n\n<p>\ud83d\udd39 <strong>A realidade dos n\u00fameros<\/strong><br>Estudos modernos, como os do historiador Henry Kamen, revelam que, em seus tr\u00eas s\u00e9culos de exist\u00eancia, a Inquisi\u00e7\u00e3o espanhola executou entre 3.000 e 5.000 pessoas. Esse n\u00famero \u00e9 relativamente baixo em compara\u00e7\u00e3o com as persegui\u00e7\u00f5es religiosas em outras partes da Europa, onde as guerras de religi\u00e3o e os tribunais seculares causaram centenas de milhares de mortes.<\/p>\n\n\n\n<p>\ud83d\udd39 <strong>Procedimentos judiciais avan\u00e7ados<\/strong><br>Ao contr\u00e1rio do que se pensa, a Inquisi\u00e7\u00e3o espanhola tinha um sistema jur\u00eddico que oferecia mais garantias aos acusados do que muitos tribunais civis da \u00e9poca. Existia presun\u00e7\u00e3o de inoc\u00eancia, exigiam-se provas para uma condena\u00e7\u00e3o e o acusado tinha direito \u00e0 defesa. As den\u00fancias an\u00f4nimas eram proibidas e realizavam-se interrogat\u00f3rios detalhados.<\/p>\n\n\n\n<h2 class=\"wp-block-heading\"><strong>3. A tortura era um m\u00e9todo principal?<\/strong><\/h2>\n\n\n\n<p>Outro mito amplamente difundido \u00e9 que a Inquisi\u00e7\u00e3o utilizava a tortura de forma sistem\u00e1tica e brutal. Embora a tortura existisse, seu uso era limitado, regulamentado e muito menos frequente do que nos tribunais civis da \u00e9poca.<\/p>\n\n\n\n<p>\ud83d\udd39 <strong>Uma regulamenta\u00e7\u00e3o rigorosa<\/strong><br>A Inquisi\u00e7\u00e3o permitia o uso da tortura apenas em circunst\u00e2ncias excepcionais e sob regras r\u00edgidas:<\/p>\n\n\n\n<ul class=\"wp-block-list\">\n<li>N\u00e3o podia causar mutila\u00e7\u00f5es nem colocar a vida do acusado em perigo.<\/li>\n\n\n\n<li>N\u00e3o podia ser aplicada repetidamente.<\/li>\n\n\n\n<li>S\u00f3 era permitida se houvesse provas s\u00f3lidas de culpa.<\/li>\n<\/ul>\n\n\n\n<p>Por outro lado, os tribunais civis europeus utilizavam m\u00e9todos de tortura muito mais cru\u00e9is e frequentes, sem as restri\u00e7\u00f5es impostas pela Inquisi\u00e7\u00e3o.<\/p>\n\n\n\n<h2 class=\"wp-block-heading\"><strong>4. Por que foi criada a Inquisi\u00e7\u00e3o espanhola?<\/strong><\/h2>\n\n\n\n<p>A Inquisi\u00e7\u00e3o espanhola (1478-1834) foi institu\u00edda pelos Reis Cat\u00f3licos com um objetivo espec\u00edfico: manter a unidade religiosa do reino ap\u00f3s a Reconquista. Num contexto em que a monarquia buscava consolidar a identidade crist\u00e3 do pa\u00eds, a heresia era vista n\u00e3o apenas como um problema espiritual, mas tamb\u00e9m como uma amea\u00e7a pol\u00edtica.<\/p>\n\n\n\n<p>O tribunal concentrou-se principalmente em tr\u00eas grupos:<\/p>\n\n\n\n<ol class=\"wp-block-list\">\n<li><strong>Os conversos e mouriscos<\/strong>, que, ap\u00f3s sua convers\u00e3o ao cristianismo, eram suspeitos de praticar secretamente suas religi\u00f5es anteriores.<\/li>\n\n\n\n<li><strong>Os luteranos e protestantes<\/strong>, para impedir a dissemina\u00e7\u00e3o do protestantismo na Espanha.<\/li>\n\n\n\n<li><strong>A magia e a supersti\u00e7\u00e3o<\/strong>, embora em menor escala do que no resto da Europa, onde a ca\u00e7a \u00e0s bruxas foi muito mais intensa.<\/li>\n<\/ol>\n\n\n\n<p>\u00c9 essencial entender que a Inquisi\u00e7\u00e3o espanhola operava numa \u00e9poca em que a heresia era vista como uma amea\u00e7a \u00e0 ordem social e pol\u00edtica, em uma Europa abalada pelas guerras religiosas.<\/p>\n\n\n\n<h2 class=\"wp-block-heading\"><strong>5. A Inquisi\u00e7\u00e3o e as persegui\u00e7\u00f5es protestantes<\/strong><\/h2>\n\n\n\n<p>A Inquisi\u00e7\u00e3o \u00e9 frequentemente apresentada como o maior exemplo de intoler\u00e2ncia religiosa, mas muitas vezes se esquece que as persegui\u00e7\u00f5es protestantes foram muito mais severas.<\/p>\n\n\n\n<p>\ud83d\udd39 <strong>A ca\u00e7a \u00e0s bruxas no mundo protestante<\/strong><br>Em pa\u00edses como Alemanha, Su\u00ed\u00e7a e Inglaterra, as ca\u00e7as \u00e0s bruxas protestantes resultaram na execu\u00e7\u00e3o de dezenas de milhares de pessoas. Em compara\u00e7\u00e3o, a Inquisi\u00e7\u00e3o espanhola executou poucas pessoas por feiti\u00e7aria, pois a Igreja muitas vezes considerava essas acusa\u00e7\u00f5es simples supersti\u00e7\u00f5es populares sem fundamento real.<\/p>\n\n\n\n<p>\ud83d\udd39 <strong>A persegui\u00e7\u00e3o aos cat\u00f3licos em pa\u00edses protestantes<\/strong><br>Na Inglaterra, sob Elizabeth I, centenas de sacerdotes cat\u00f3licos foram executados simplesmente por celebrar a Missa. Nos Pa\u00edses Baixos e na Escandin\u00e1via, ser cat\u00f3lico podia significar a pena de morte.<\/p>\n\n\n\n<p>Isso demonstra que a intoler\u00e2ncia n\u00e3o era exclusiva do catolicismo, mas um fen\u00f4meno generalizado por toda a Europa.<\/p>\n\n\n\n<h2 class=\"wp-block-heading\"><strong>6. O que a Inquisi\u00e7\u00e3o nos ensina hoje?<\/strong><\/h2>\n\n\n\n<p>Hoje, a Inquisi\u00e7\u00e3o \u00e9 frequentemente usada como arma para atacar a Igreja, muitas vezes com informa\u00e7\u00f5es distorcidas. No entanto, ao analisarmos os fatos de forma objetiva, descobrimos que:<\/p>\n\n\n\n<p>\u2705 A Inquisi\u00e7\u00e3o era uma institui\u00e7\u00e3o judicial com procedimentos avan\u00e7ados para a \u00e9poca.<br>\u2705 N\u00e3o houve genoc\u00eddios nem massacres indiscriminados.<br>\u2705 A tortura era uma exce\u00e7\u00e3o e regulamentada.<br>\u2705 Outras persegui\u00e7\u00f5es religiosas foram muito mais brutais.<\/p>\n\n\n\n<p>Al\u00e9m dos mitos, a hist\u00f3ria da Inquisi\u00e7\u00e3o nos lembra da import\u00e2ncia de conhecer a verdade antes de aceitar narrativas simplificadas. Ela nos convida a refletir sobre a rela\u00e7\u00e3o entre f\u00e9 e justi\u00e7a e a aprender com os erros do passado para n\u00e3o repeti-los.<\/p>\n\n\n\n<p>Como cat\u00f3licos, somos chamados a buscar a verdade com honestidade, sem temer a hist\u00f3ria, porque a Igreja n\u00e3o tem medo da verdade. Como disse S\u00e3o Jo\u00e3o Paulo II:<\/p>\n\n\n\n<p><em>&#8220;A verdade vos libertar\u00e1&#8221; (Jo 8,32).<\/em><\/p>\n\n\n\n<h3 class=\"wp-block-heading\"><strong>Conclus\u00e3o<\/strong><\/h3>\n\n\n\n<p>O tema da Inquisi\u00e7\u00e3o est\u00e1 repleto de equ\u00edvocos propagados ao longo dos s\u00e9culos. No entanto, uma an\u00e1lise s\u00e9ria nos permite compreender que foi uma institui\u00e7\u00e3o com luzes e sombras, mas muito distante da &#8220;Lenda Negra&#8221; amplamente divulgada.<\/p>\n\n\n\n<p>Hoje, como cat\u00f3licos, nossa miss\u00e3o \u00e9 defender a verdade e transmiti-la com amor e fidelidade.<\/p>\n","protected":false},"excerpt":{"rendered":"<p>A Inquisi\u00e7\u00e3o \u00e9 um dos temas mais distorcidos e mal compreendidos da hist\u00f3ria. Para muitos, essa palavra evoca imagens de fanatismo, fogueiras e torturas brutais. No entanto, o que muitas vezes \u00e9 omitido \u00e9 o contexto hist\u00f3rico, teol\u00f3gico e social em que a Inquisi\u00e7\u00e3o surgiu e operou. A realidade \u00e9 muito mais complexa e menos &hellip;<\/p>\n","protected":false},"author":3,"featured_media":2124,"comment_status":"open","ping_status":"open","sticky":false,"template":"","format":"standard","meta":{"_seopress_robots_primary_cat":"","_seopress_titles_title":"","_seopress_titles_desc":"","_seopress_robots_index":"","footnotes":""},"categories":[48,38],"tags":[549],"class_list":["post-2123","post","type-post","status-publish","format-standard","has-post-thumbnail","","category-historia-da-igreja","category-historia-e-tradicao","tag-inquisicao"],"_links":{"self":[{"href":"https:\/\/catholicus.eu\/pt\/wp-json\/wp\/v2\/posts\/2123","targetHints":{"allow":["GET"]}}],"collection":[{"href":"https:\/\/catholicus.eu\/pt\/wp-json\/wp\/v2\/posts"}],"about":[{"href":"https:\/\/catholicus.eu\/pt\/wp-json\/wp\/v2\/types\/post"}],"author":[{"embeddable":true,"href":"https:\/\/catholicus.eu\/pt\/wp-json\/wp\/v2\/users\/3"}],"replies":[{"embeddable":true,"href":"https:\/\/catholicus.eu\/pt\/wp-json\/wp\/v2\/comments?post=2123"}],"version-history":[{"count":1,"href":"https:\/\/catholicus.eu\/pt\/wp-json\/wp\/v2\/posts\/2123\/revisions"}],"predecessor-version":[{"id":2125,"href":"https:\/\/catholicus.eu\/pt\/wp-json\/wp\/v2\/posts\/2123\/revisions\/2125"}],"wp:featuredmedia":[{"embeddable":true,"href":"https:\/\/catholicus.eu\/pt\/wp-json\/wp\/v2\/media\/2124"}],"wp:attachment":[{"href":"https:\/\/catholicus.eu\/pt\/wp-json\/wp\/v2\/media?parent=2123"}],"wp:term":[{"taxonomy":"category","embeddable":true,"href":"https:\/\/catholicus.eu\/pt\/wp-json\/wp\/v2\/categories?post=2123"},{"taxonomy":"post_tag","embeddable":true,"href":"https:\/\/catholicus.eu\/pt\/wp-json\/wp\/v2\/tags?post=2123"}],"curies":[{"name":"wp","href":"https:\/\/api.w.org\/{rel}","templated":true}]}}