{"id":2090,"date":"2025-02-06T23:20:04","date_gmt":"2025-02-06T22:20:04","guid":{"rendered":"https:\/\/catholicus.eu\/pt\/?p=2090"},"modified":"2025-02-06T23:20:04","modified_gmt":"2025-02-06T22:20:04","slug":"napoleao-e-o-papa-a-colisao-entre-poderes-temporais-e-espirituais","status":"publish","type":"post","link":"https:\/\/catholicus.eu\/pt\/napoleao-e-o-papa-a-colisao-entre-poderes-temporais-e-espirituais\/","title":{"rendered":"Napole\u00e3o e o Papa: A Colis\u00e3o entre Poderes Temporais e Espirituais"},"content":{"rendered":"\n<p>A hist\u00f3ria de Napole\u00e3o Bonaparte e sua rela\u00e7\u00e3o com o Papa, especialmente com Pio VII, \u00e9 uma das mais fascinantes na hist\u00f3ria da Igreja Cat\u00f3lica. \u00c9 o encontro de duas for\u00e7as poderosas: o imp\u00e9rio terreno de um homem cuja ambi\u00e7\u00e3o parecia n\u00e3o ter limites e o poder espiritual da Igreja, que transcende o humano e o temporal. Este encontro, cheio de tens\u00f5es, diplomacia, confrontos e momentos de profunda reflex\u00e3o teol\u00f3gica, continua sendo uma das li\u00e7\u00f5es mais claras sobre a luta pelo poder, a f\u00e9, a obedi\u00eancia e a liberdade.<\/p>\n\n\n\n<h3 class=\"wp-block-heading\">O Contexto Hist\u00f3rico: Napole\u00e3o e a Revolu\u00e7\u00e3o Francesa<\/h3>\n\n\n\n<p>Para entender a din\u00e2mica entre Napole\u00e3o e o Papa, \u00e9 essencial situarmo-nos no contexto hist\u00f3rico do in\u00edcio do s\u00e9culo XIX. A Revolu\u00e7\u00e3o Francesa, que come\u00e7ou em 1789, trouxe uma mudan\u00e7a dram\u00e1tica na rela\u00e7\u00e3o entre a Igreja e o Estado na Europa. A Igreja Cat\u00f3lica, que havia sido uma das institui\u00e7\u00f5es mais poderosas da Europa durante s\u00e9culos, encontrou-se em uma crise sem precedentes: a confisca\u00e7\u00e3o de seus bens, o ex\u00edlio do clero e o questionamento de sua autoridade.<\/p>\n\n\n\n<p>Quando Napole\u00e3o Bonaparte emergiu como l\u00edder em 1799, a Fran\u00e7a estava mergulhada em uma profunda instabilidade pol\u00edtica e social. Neste cen\u00e1rio, Napole\u00e3o, um estrategista e homem de a\u00e7\u00e3o, buscava n\u00e3o apenas consolidar seu poder pol\u00edtico, mas tamb\u00e9m restaurar a ordem em um pa\u00eds dividido. No entanto, suas aspira\u00e7\u00f5es o levariam a um confronto direto com a Igreja, uma institui\u00e7\u00e3o que n\u00e3o apenas havia sido um guia moral e espiritual para milh\u00f5es, mas tamb\u00e9m detinha um vasto poder pol\u00edtico.<\/p>\n\n\n\n<h3 class=\"wp-block-heading\">A Coroa\u00e7\u00e3o de Napole\u00e3o: Um Ato de Poder e Autonomia<\/h3>\n\n\n\n<p>A rela\u00e7\u00e3o de Napole\u00e3o com a Igreja come\u00e7ou de maneira amb\u00edgua. Em seus primeiros anos como l\u00edder da Fran\u00e7a, Napole\u00e3o buscou restabelecer certas rela\u00e7\u00f5es diplom\u00e1ticas com a Igreja, reconhecendo sua influ\u00eancia espiritual sobre o povo franc\u00eas. Em 1801, ele assinou a Concordata com o Papa Pio VII, que restabelecia alguns dos privil\u00e9gios da Igreja na Fran\u00e7a e reconhecia o catolicismo como a religi\u00e3o da maioria dos franceses. No entanto, Napole\u00e3o n\u00e3o hesitou em usar essa rela\u00e7\u00e3o para fortalecer seu pr\u00f3prio poder.<\/p>\n\n\n\n<p>Um ato simb\u00f3lico e cheio de significado foi sua coroa\u00e7\u00e3o como imperador em 1804. Em uma cerim\u00f4nia solene na Catedral de Notre-Dame, Napole\u00e3o coroou a si mesmo, tomando a coroa das m\u00e3os do Papa Pio VII. Este ato, que se afastava da tradicional coroa\u00e7\u00e3o papal, foi um claro desafio \u00e0 autoridade da Igreja. Napole\u00e3o n\u00e3o apenas rejeitava a autoridade do Papa para conferir-lhe o t\u00edtulo, mas, ao coroar-se a si mesmo, reafirmava seu dom\u00ednio absoluto sobre o imp\u00e9rio e suas aspira\u00e7\u00f5es divinas de governar com poder ilimitado.<\/p>\n\n\n\n<h3 class=\"wp-block-heading\">A Pris\u00e3o de Pio VII: O Conflito Aberto<\/h3>\n\n\n\n<p>\u00c0 medida que Napole\u00e3o consolidava seu poder na Europa, sua rela\u00e7\u00e3o com o Papa se deteriorava. Napole\u00e3o come\u00e7ou a interferir nos assuntos internos da Igreja, especialmente nas decis\u00f5es papais sobre a administra\u00e7\u00e3o dos territ\u00f3rios eclesi\u00e1sticos e a pol\u00edtica dos Estados Papais. Em 1809, depois que Pio VII se recusou a apoiar a pol\u00edtica de Napole\u00e3o na It\u00e1lia, Napole\u00e3o tomou uma medida dr\u00e1stica: sequestrou o Papa e o levou prisioneiro para a Fran\u00e7a.<\/p>\n\n\n\n<p>A pris\u00e3o de Pio VII, que durou at\u00e9 1814, foi um ponto de virada na rela\u00e7\u00e3o entre o papado e o imp\u00e9rio. Pio VII, um homem piedoso e devoto, foi submetido a um tratamento humilhante e a condi\u00e7\u00f5es de vida deplor\u00e1veis, mas manteve-se firme em sua f\u00e9 e em sua miss\u00e3o espiritual. Apesar dos esfor\u00e7os de Napole\u00e3o para quebrar sua vontade, o Papa nunca cedeu em seus princ\u00edpios.<\/p>\n\n\n\n<p>Este evento sublinha um dos grandes dilemas teol\u00f3gicos e pol\u00edticos da hist\u00f3ria: a rela\u00e7\u00e3o entre o poder temporal e o poder espiritual. Enquanto Napole\u00e3o, como muitos l\u00edderes antes dele, tentava controlar a Igreja para consolidar seu dom\u00ednio, o Papa representava a autoridade moral e religiosa que transcende os interesses dos governantes humanos. Em sua resist\u00eancia, Pio VII tornou-se um s\u00edmbolo de lealdade \u00e0 miss\u00e3o divina da Igreja, que n\u00e3o pode ser subjugada por nenhum poder terreno.<\/p>\n\n\n\n<h3 class=\"wp-block-heading\">A Relev\u00e2ncia Teol\u00f3gica do Conflito<\/h3>\n\n\n\n<p>Este conflito n\u00e3o foi apenas pol\u00edtico, mas profundamente teol\u00f3gico. Na tradi\u00e7\u00e3o cat\u00f3lica, o Papa \u00e9 considerado o sucessor de S\u00e3o Pedro, o l\u00edder da Igreja fundada por Cristo. O papado representa a continuidade do ensino e da autoridade espiritual que emanam da miss\u00e3o apost\u00f3lica. Portanto, qualquer tentativa de subjugar o Papa ou de interferir em sua miss\u00e3o n\u00e3o \u00e9 apenas um ato contra um l\u00edder pol\u00edtico, mas contra a pr\u00f3pria autoridade divina.<\/p>\n\n\n\n<p>A coroa\u00e7\u00e3o de Napole\u00e3o e a subsequente pris\u00e3o do Papa refletem uma luta entre dois conceitos de autoridade. Napole\u00e3o representava a autoridade temporal, que busca controlar e governar o mundo material. O Papa, por outro lado, representava a autoridade espiritual, que guia os fi\u00e9is para a salva\u00e7\u00e3o eterna. Neste conflito, Napole\u00e3o n\u00e3o apenas desafiava a pol\u00edtica da Igreja, mas, inconscientemente, desafiava a ordem divina estabelecida pelo pr\u00f3prio Cristo, que ensinou que o Seu Reino n\u00e3o \u00e9 deste mundo (Jo\u00e3o 18,36).<\/p>\n\n\n\n<h3 class=\"wp-block-heading\">A Liberta\u00e7\u00e3o de Pio VII e a Queda de Napole\u00e3o<\/h3>\n\n\n\n<p>Em 1814, ap\u00f3s a queda de Napole\u00e3o, o Papa foi libertado e retornou a Roma. O desfecho deste conflito hist\u00f3rico destaca a vit\u00f3ria da autoridade espiritual sobre o poder temporal. Napole\u00e3o, que havia conseguido conquistar grande parte da Europa, caiu diante das for\u00e7as aliadas, e seu imp\u00e9rio desmoronou. Pio VII, por sua vez, p\u00f4de retornar \u00e0 sua sede apost\u00f3lica, n\u00e3o apenas como l\u00edder temporal dos Estados Papais, mas como s\u00edmbolo da resist\u00eancia da Igreja diante dos abusos do poder humano.<\/p>\n\n\n\n<p>A restaura\u00e7\u00e3o do Papa n\u00e3o foi apenas um triunfo pol\u00edtico, mas tamb\u00e9m um lembrete profundo de que, embora os poderes terrenos possam parecer inabal\u00e1veis, a Igreja Cat\u00f3lica, como institui\u00e7\u00e3o fundada por Cristo, tem uma miss\u00e3o eterna que transcende as fronteiras humanas. A Igreja, atrav\u00e9s de seu ensino e autoridade espiritual, continua a guiar os fi\u00e9is para a salva\u00e7\u00e3o, independentemente das mudan\u00e7as temporais nos sistemas pol\u00edticos.<\/p>\n\n\n\n<h3 class=\"wp-block-heading\">Reflex\u00e3o Espiritual: A Li\u00e7\u00e3o de Napole\u00e3o e do Papa<\/h3>\n\n\n\n<p>O confronto entre Napole\u00e3o e Pio VII nos oferece uma li\u00e7\u00e3o importante em nossa vida espiritual. Vivemos em um mundo onde o poder temporal e as ideologias se entrela\u00e7am com a f\u00e9, e a tenta\u00e7\u00e3o de subordinar a f\u00e9 a interesses terrenos continua presente. No entanto, o testemunho de Pio VII nos lembra que a verdadeira autoridade vem de Deus e que nossa lealdade deve ser, antes de tudo, ao Seu Reino.<\/p>\n\n\n\n<p>Al\u00e9m disso, a resist\u00eancia do Papa diante das adversidades nos mostra o poder da f\u00e9 e da perseveran\u00e7a. Como Pio VII, n\u00f3s, como crist\u00e3os, somos chamados a ser firmes em nossas convic\u00e7\u00f5es, mesmo quando o mundo nos desafia ou nos submete a prova\u00e7\u00f5es dif\u00edceis. A hist\u00f3ria de Napole\u00e3o e do Papa n\u00e3o \u00e9 apenas uma cr\u00f4nica de um conflito pol\u00edtico, mas uma reflex\u00e3o sobre a natureza da verdadeira autoridade, a import\u00e2ncia da f\u00e9 inabal\u00e1vel e a necessidade de viver de acordo com os princ\u00edpios divinos, al\u00e9m de qualquer poder terreno.<\/p>\n\n\n\n<h3 class=\"wp-block-heading\">Conclus\u00e3o<\/h3>\n\n\n\n<p>O conflito entre Napole\u00e3o e o Papa n\u00e3o \u00e9 apenas uma li\u00e7\u00e3o de hist\u00f3ria, mas um convite para aprofundarmos nossa pr\u00f3pria rela\u00e7\u00e3o com a Igreja, a f\u00e9 e o poder divino. Ele nos ensina que, no final, o Reino de Deus \u00e9 o \u00fanico que perdura, enquanto os imp\u00e9rios e poderes terrenos s\u00e3o transit\u00f3rios. A vit\u00f3ria final \u00e9 sempre da verdade e da f\u00e9, que nos conduzem \u00e0 salva\u00e7\u00e3o eterna.<\/p>\n","protected":false},"excerpt":{"rendered":"<p>A hist\u00f3ria de Napole\u00e3o Bonaparte e sua rela\u00e7\u00e3o com o Papa, especialmente com Pio VII, \u00e9 uma das mais fascinantes na hist\u00f3ria da Igreja Cat\u00f3lica. \u00c9 o encontro de duas for\u00e7as poderosas: o imp\u00e9rio terreno de um homem cuja ambi\u00e7\u00e3o parecia n\u00e3o ter limites e o poder espiritual da Igreja, que transcende o humano e &hellip;<\/p>\n","protected":false},"author":3,"featured_media":2091,"comment_status":"open","ping_status":"open","sticky":false,"template":"","format":"standard","meta":{"_seopress_robots_primary_cat":"","_seopress_titles_title":"","_seopress_titles_desc":"","_seopress_robots_index":"","footnotes":""},"categories":[48,38],"tags":[538,534],"class_list":["post-2090","post","type-post","status-publish","format-standard","has-post-thumbnail","","category-historia-da-igreja","category-historia-e-tradicao","tag-napoleao","tag-papa"],"_links":{"self":[{"href":"https:\/\/catholicus.eu\/pt\/wp-json\/wp\/v2\/posts\/2090","targetHints":{"allow":["GET"]}}],"collection":[{"href":"https:\/\/catholicus.eu\/pt\/wp-json\/wp\/v2\/posts"}],"about":[{"href":"https:\/\/catholicus.eu\/pt\/wp-json\/wp\/v2\/types\/post"}],"author":[{"embeddable":true,"href":"https:\/\/catholicus.eu\/pt\/wp-json\/wp\/v2\/users\/3"}],"replies":[{"embeddable":true,"href":"https:\/\/catholicus.eu\/pt\/wp-json\/wp\/v2\/comments?post=2090"}],"version-history":[{"count":1,"href":"https:\/\/catholicus.eu\/pt\/wp-json\/wp\/v2\/posts\/2090\/revisions"}],"predecessor-version":[{"id":2092,"href":"https:\/\/catholicus.eu\/pt\/wp-json\/wp\/v2\/posts\/2090\/revisions\/2092"}],"wp:featuredmedia":[{"embeddable":true,"href":"https:\/\/catholicus.eu\/pt\/wp-json\/wp\/v2\/media\/2091"}],"wp:attachment":[{"href":"https:\/\/catholicus.eu\/pt\/wp-json\/wp\/v2\/media?parent=2090"}],"wp:term":[{"taxonomy":"category","embeddable":true,"href":"https:\/\/catholicus.eu\/pt\/wp-json\/wp\/v2\/categories?post=2090"},{"taxonomy":"post_tag","embeddable":true,"href":"https:\/\/catholicus.eu\/pt\/wp-json\/wp\/v2\/tags?post=2090"}],"curies":[{"name":"wp","href":"https:\/\/api.w.org\/{rel}","templated":true}]}}