{"id":2021,"date":"2025-02-03T22:57:37","date_gmt":"2025-02-03T21:57:37","guid":{"rendered":"https:\/\/catholicus.eu\/pt\/?p=2021"},"modified":"2025-02-03T22:57:37","modified_gmt":"2025-02-03T21:57:37","slug":"a-teologia-da-libertacao-uma-critica-a-partir-da-apologetica-catolica-tradicional","status":"publish","type":"post","link":"https:\/\/catholicus.eu\/pt\/a-teologia-da-libertacao-uma-critica-a-partir-da-apologetica-catolica-tradicional\/","title":{"rendered":"A teologia da liberta\u00e7\u00e3o: uma cr\u00edtica a partir da apolog\u00e9tica cat\u00f3lica tradicional"},"content":{"rendered":"\n<p>A teologia da liberta\u00e7\u00e3o \u00e9 um movimento teol\u00f3gico que surgiu na Am\u00e9rica Latina na d\u00e9cada de 1960, com o objetivo de responder \u00e0s injusti\u00e7as sociais e econ\u00f4micas a partir de uma perspectiva crist\u00e3. Embora sua inten\u00e7\u00e3o de defender os pobres e promover a justi\u00e7a social seja louv\u00e1vel, esse movimento tem sido alvo de cr\u00edticas e preocupa\u00e7\u00f5es dentro da Igreja Cat\u00f3lica, especialmente por sua tend\u00eancia a reduzir a mensagem do Evangelho a uma luta pol\u00edtica e a adotar elementos do marxismo, uma ideologia incompat\u00edvel com a f\u00e9 crist\u00e3. Neste artigo, examinaremos a teologia da liberta\u00e7\u00e3o a partir da perspectiva da apolog\u00e9tica cat\u00f3lica tradicional, analisando seus erros doutrin\u00e1rios, riscos espirituais e como os fi\u00e9is podem viver autenticamente a op\u00e7\u00e3o preferencial pelos pobres sem cair em desvios ideol\u00f3gicos. O objetivo \u00e9 educar, inspirar e oferecer um guia espiritual para nos ajudar a discernir e permanecer fi\u00e9is ao ensino magisterial da Igreja.<\/p>\n\n\n\n<hr class=\"wp-block-separator has-alpha-channel-opacity\"\/>\n\n\n\n<h3 class=\"wp-block-heading\"><strong>Origens e contexto hist\u00f3rico da teologia da liberta\u00e7\u00e3o<\/strong><\/h3>\n\n\n\n<p>A teologia da liberta\u00e7\u00e3o surgiu em um contexto marcado por pobreza extrema, desigualdades sociais e opress\u00e3o pol\u00edtica na Am\u00e9rica Latina. Nas d\u00e9cadas de 1960 e 1970, muitos pa\u00edses da regi\u00e3o enfrentavam ditaduras militares, sistemas econ\u00f4micos injustos e um profundo abismo entre ricos e pobres. Nesse cen\u00e1rio, alguns te\u00f3logos e l\u00edderes cat\u00f3licos, influenciados pelo marxismo, come\u00e7aram a interpretar o Evangelho como um chamado \u00e0 luta revolucion\u00e1ria contra estruturas de poder opressivas.<\/p>\n\n\n\n<p>Entre os principais expoentes desse movimento est\u00e3o Gustavo Guti\u00e9rrez, Leonardo Boff e Jon Sobrino. Esses te\u00f3logos se inspiraram no Conc\u00edlio Vaticano II (1962-1965) e na Confer\u00eancia Geral do Episcopado Latino-americano em Medell\u00edn (1968), onde foi enfatizada a import\u00e2ncia da justi\u00e7a social e da op\u00e7\u00e3o preferencial pelos pobres. No entanto, seu foco na &#8220;pr\u00e1xis&#8221; (a\u00e7\u00e3o transformadora) e o uso de ferramentas marxistas para analisar a realidade social geraram tens\u00f5es e preocupa\u00e7\u00f5es dentro da Igreja.<\/p>\n\n\n\n<hr class=\"wp-block-separator has-alpha-channel-opacity\"\/>\n\n\n\n<h3 class=\"wp-block-heading\"><strong>Erros doutrin\u00e1rios da teologia da liberta\u00e7\u00e3o<\/strong><\/h3>\n\n\n\n<p>Do ponto de vista da apolog\u00e9tica cat\u00f3lica tradicional, a teologia da liberta\u00e7\u00e3o apresenta v\u00e1rios erros doutrin\u00e1rios que a afastam do ensino aut\u00eantico da Igreja. A seguir, analisamos alguns dos mais graves:<\/p>\n\n\n\n<ol start=\"1\" class=\"wp-block-list\">\n<li><strong>Reducionismo da mensagem evang\u00e9lica<\/strong>: A teologia da liberta\u00e7\u00e3o tende a reduzir o Evangelho a uma luta pol\u00edtica pela justi\u00e7a social, esquecendo que a salva\u00e7\u00e3o oferecida por Cristo \u00e9 integral, ou seja, abrange tanto a dimens\u00e3o espiritual quanto a temporal. Como destacou a Congrega\u00e7\u00e3o para a Doutrina da F\u00e9 em sua\u00a0<em>Instru\u00e7\u00e3o sobre alguns aspectos da teologia da liberta\u00e7\u00e3o<\/em>\u00a0(1984), esse movimento corre o risco de transformar a mensagem crist\u00e3 em um projeto meramente humano, focado na liberta\u00e7\u00e3o material em vez da reden\u00e7\u00e3o espiritual.<\/li>\n\n\n\n<li><strong>Ado\u00e7\u00e3o do marxismo<\/strong>: Um dos aspectos mais problem\u00e1ticos da teologia da liberta\u00e7\u00e3o \u00e9 o uso da an\u00e1lise marxista, que inclui conceitos como a luta de classes e a revolu\u00e7\u00e3o violenta. O marxismo, como ideologia materialista e ateia, \u00e9 incompat\u00edvel com a f\u00e9 crist\u00e3, pois nega a transcend\u00eancia, a dignidade da pessoa humana e o papel de Deus na hist\u00f3ria. A Igreja tem repetidamente alertado sobre os perigos de adotar ideologias que contradizem os princ\u00edpios fundamentais do Evangelho.<\/li>\n\n\n\n<li><strong>Confus\u00e3o entre o Reino de Deus e projetos pol\u00edticos<\/strong>: A teologia da liberta\u00e7\u00e3o frequentemente confunde o Reino de Deus, que \u00e9 de natureza espiritual e escatol\u00f3gica, com projetos pol\u00edticos ou sociais concretos. Isso leva a uma politiza\u00e7\u00e3o da f\u00e9, em que a Igreja \u00e9 vista como um instrumento de mudan\u00e7a social em vez de uma m\u00e3e que guia seus filhos para a salva\u00e7\u00e3o eterna.<\/li>\n\n\n\n<li><strong>Desprezo pela tradi\u00e7\u00e3o e pelo Magist\u00e9rio<\/strong>: Alguns defensores da teologia da liberta\u00e7\u00e3o mostraram uma atitude de desconfian\u00e7a em rela\u00e7\u00e3o \u00e0 tradi\u00e7\u00e3o e ao Magist\u00e9rio da Igreja, preferindo interpretar o Evangelho a partir de uma perspectiva ideol\u00f3gica. Isso contradiz o princ\u00edpio cat\u00f3lico de que a Igreja, guiada pelo Esp\u00edrito Santo, \u00e9 a guardi\u00e3 aut\u00eantica da Revela\u00e7\u00e3o.<\/li>\n<\/ol>\n\n\n\n<hr class=\"wp-block-separator has-alpha-channel-opacity\"\/>\n\n\n\n<h3 class=\"wp-block-heading\"><strong>Riscos espirituais da teologia da liberta\u00e7\u00e3o<\/strong><\/h3>\n\n\n\n<p>Al\u00e9m de seus erros doutrin\u00e1rios, a teologia da liberta\u00e7\u00e3o apresenta v\u00e1rios riscos espirituais que podem afastar os fi\u00e9is da verdadeira f\u00e9:<\/p>\n\n\n\n<ol start=\"1\" class=\"wp-block-list\">\n<li><strong>Perda do sentido sobrenatural<\/strong>: Ao se concentrar excessivamente na liberta\u00e7\u00e3o material, a teologia da liberta\u00e7\u00e3o corre o risco de perder de vista a dimens\u00e3o sobrenatural da f\u00e9. A Igreja ensina que a verdadeira liberta\u00e7\u00e3o come\u00e7a com a convers\u00e3o do cora\u00e7\u00e3o e se realiza plenamente na vida eterna.<\/li>\n\n\n\n<li><strong>Divis\u00e3o e conflito<\/strong>: A ado\u00e7\u00e3o da luta de classes e da ret\u00f3rica revolucion\u00e1ria pode gerar divis\u00f5es e conflitos dentro da comunidade crist\u00e3, em vez de promover a unidade e a caridade que Cristo nos ordenou.<\/li>\n\n\n\n<li><strong>Seculariza\u00e7\u00e3o da f\u00e9<\/strong>: Ao reduzir o cristianismo a um projeto pol\u00edtico, a teologia da liberta\u00e7\u00e3o pode levar a uma seculariza\u00e7\u00e3o da f\u00e9, em que Deus \u00e9 relegado a um segundo plano e a religi\u00e3o se torna um instrumento a servi\u00e7o de ideologias humanas.<\/li>\n<\/ol>\n\n\n\n<hr class=\"wp-block-separator has-alpha-channel-opacity\"\/>\n\n\n\n<h3 class=\"wp-block-heading\"><strong>A aut\u00eantica op\u00e7\u00e3o preferencial pelos pobres<\/strong><\/h3>\n\n\n\n<p>A Igreja Cat\u00f3lica sempre defendeu a op\u00e7\u00e3o preferencial pelos pobres, entendida como um chamado a amar e servir os mais necessitados, seguindo o exemplo de Jesus. No entanto, essa op\u00e7\u00e3o deve ser vivida em comunh\u00e3o com o ensino magisterial e sem cair em desvios ideol\u00f3gicos. Aqui est\u00e3o algumas chaves para viver esse compromisso de maneira aut\u00eantica:<\/p>\n\n\n\n<ol start=\"1\" class=\"wp-block-list\">\n<li><strong>Fundamentar a caridade no Evangelho<\/strong>: A caridade crist\u00e3 n\u00e3o se limita \u00e0 justi\u00e7a social; \u00e9 um ato de amor que brota da f\u00e9 em Cristo. Como disse S\u00e3o Jo\u00e3o Paulo II, &#8220;o amor \u00e9 a for\u00e7a mais revolucion\u00e1ria que existe&#8221;.<\/li>\n\n\n\n<li><strong>Rejeitar o marxismo e outras ideologias<\/strong>: Os cat\u00f3licos devem rejeitar qualquer ideologia que contradiga os princ\u00edpios do Evangelho, como o materialismo, o ate\u00edsmo ou a luta de classes. Em vez disso, devemos promover uma cultura da vida, da solidariedade e do bem comum.<\/li>\n\n\n\n<li><strong>Viver a doutrina social da Igreja<\/strong>: A Igreja oferece um rico corpo de ensino social que nos guia na constru\u00e7\u00e3o de uma sociedade mais justa e humana. Documentos como a\u00a0<em>Rerum Novarum<\/em>\u00a0de Le\u00e3o XIII ou a\u00a0<em>Caritas in Veritate<\/em>\u00a0de Bento XVI s\u00e3o recursos valiosos para discernir como agir no mundo.<\/li>\n\n\n\n<li><strong>Praticar a caridade com humildade<\/strong>: A verdadeira caridade n\u00e3o busca impor solu\u00e7\u00f5es de cima para baixo, mas acompanhar os pobres com respeito e humildade, reconhecendo sua dignidade e sua capacidade de serem protagonistas de seu pr\u00f3prio desenvolvimento.<\/li>\n\n\n\n<li><strong>Rezar pela justi\u00e7a e pela paz<\/strong>: A ora\u00e7\u00e3o \u00e9 uma arma poderosa na luta pela justi\u00e7a. Podemos rezar por aqueles que sofrem devido \u00e0 pobreza, \u00e0 viol\u00eancia ou \u00e0 discrimina\u00e7\u00e3o e pedir a Deus que nos guie em nosso compromisso com os mais necessitados.<\/li>\n<\/ol>\n\n\n\n<hr class=\"wp-block-separator has-alpha-channel-opacity\"\/>\n\n\n\n<h3 class=\"wp-block-heading\"><strong>Conclus\u00e3o: fidelidade a Cristo e \u00e0 sua Igreja<\/strong><\/h3>\n\n\n\n<p>A teologia da liberta\u00e7\u00e3o, embora bem-intencionada, caiu em erros doutrin\u00e1rios e riscos espirituais que a afastam da f\u00e9 cat\u00f3lica aut\u00eantica. Como fi\u00e9is cat\u00f3licos, somos chamados a viver a op\u00e7\u00e3o preferencial pelos pobres a partir de uma perspectiva integral, que n\u00e3o separe a justi\u00e7a social da salva\u00e7\u00e3o espiritual. Que a Virgem Maria, M\u00e3e dos Pobres, nos guie nesse caminho de f\u00e9 e caridade, e que o Esp\u00edrito Santo nos d\u00ea a sabedoria para discernir e a coragem de ser testemunhas aut\u00eanticas do Evangelho em um mundo que tanto precisa da luz de Cristo.&nbsp;<strong>Am\u00e9m.<\/strong><\/p>\n","protected":false},"excerpt":{"rendered":"<p>A teologia da liberta\u00e7\u00e3o \u00e9 um movimento teol\u00f3gico que surgiu na Am\u00e9rica Latina na d\u00e9cada de 1960, com o objetivo de responder \u00e0s injusti\u00e7as sociais e econ\u00f4micas a partir de uma perspectiva crist\u00e3. Embora sua inten\u00e7\u00e3o de defender os pobres e promover a justi\u00e7a social seja louv\u00e1vel, esse movimento tem sido alvo de cr\u00edticas e &hellip;<\/p>\n","protected":false},"author":3,"featured_media":2022,"comment_status":"open","ping_status":"open","sticky":false,"template":"","format":"standard","meta":{"_seopress_robots_primary_cat":"","_seopress_titles_title":"","_seopress_titles_desc":"","_seopress_robots_index":"","footnotes":""},"categories":[66,41],"tags":[515],"class_list":["post-2021","post","type-post","status-publish","format-standard","has-post-thumbnail","","category-cultura-popular-e-catolicismo","category-fe-e-cultura","tag-teologia-da-libertacao"],"_links":{"self":[{"href":"https:\/\/catholicus.eu\/pt\/wp-json\/wp\/v2\/posts\/2021","targetHints":{"allow":["GET"]}}],"collection":[{"href":"https:\/\/catholicus.eu\/pt\/wp-json\/wp\/v2\/posts"}],"about":[{"href":"https:\/\/catholicus.eu\/pt\/wp-json\/wp\/v2\/types\/post"}],"author":[{"embeddable":true,"href":"https:\/\/catholicus.eu\/pt\/wp-json\/wp\/v2\/users\/3"}],"replies":[{"embeddable":true,"href":"https:\/\/catholicus.eu\/pt\/wp-json\/wp\/v2\/comments?post=2021"}],"version-history":[{"count":1,"href":"https:\/\/catholicus.eu\/pt\/wp-json\/wp\/v2\/posts\/2021\/revisions"}],"predecessor-version":[{"id":2023,"href":"https:\/\/catholicus.eu\/pt\/wp-json\/wp\/v2\/posts\/2021\/revisions\/2023"}],"wp:featuredmedia":[{"embeddable":true,"href":"https:\/\/catholicus.eu\/pt\/wp-json\/wp\/v2\/media\/2022"}],"wp:attachment":[{"href":"https:\/\/catholicus.eu\/pt\/wp-json\/wp\/v2\/media?parent=2021"}],"wp:term":[{"taxonomy":"category","embeddable":true,"href":"https:\/\/catholicus.eu\/pt\/wp-json\/wp\/v2\/categories?post=2021"},{"taxonomy":"post_tag","embeddable":true,"href":"https:\/\/catholicus.eu\/pt\/wp-json\/wp\/v2\/tags?post=2021"}],"curies":[{"name":"wp","href":"https:\/\/api.w.org\/{rel}","templated":true}]}}