{"id":1950,"date":"2025-01-29T16:22:45","date_gmt":"2025-01-29T15:22:45","guid":{"rendered":"https:\/\/catholicus.eu\/pt\/?p=1950"},"modified":"2025-01-29T16:22:46","modified_gmt":"2025-01-29T15:22:46","slug":"vaidade-o-miragem-que-nos-afasta-de-deus-em-um-mundo-obcecado-pela-imagem","status":"publish","type":"post","link":"https:\/\/catholicus.eu\/pt\/vaidade-o-miragem-que-nos-afasta-de-deus-em-um-mundo-obcecado-pela-imagem\/","title":{"rendered":"Vaidade: O Miragem Que Nos Afasta de Deus em um Mundo Obcecado pela Imagem"},"content":{"rendered":"\n<p>Na era das redes sociais, onde a apar\u00eancia parece ser tudo, a vaidade se tornou uma tenta\u00e7\u00e3o onipresente. Somos bombardeados com imagens de perfei\u00e7\u00e3o, sucesso e reconhecimento, que nos levam a medir nosso valor pelos \u201clikes\u201d e pela aprova\u00e7\u00e3o dos outros. Mas o que a f\u00e9 cat\u00f3lica diz sobre a vaidade? Como podemos combater essa ilus\u00e3o que nos afasta de Deus?<\/p>\n\n\n\n<h2 class=\"wp-block-heading\"><strong>O Que \u00e9 a Vaidade?<\/strong><\/h2>\n\n\n\n<p>A vaidade \u00e9 uma forma de orgulho que busca reconhecimento e elogios dos outros. S\u00e3o Tom\u00e1s de Aquino a define como o desejo desordenado da gl\u00f3ria humana, ou seja, uma sede excessiva de admira\u00e7\u00e3o em vez de buscar a verdadeira gl\u00f3ria que vem de Deus.<\/p>\n\n\n\n<p>No fundo, a vaidade \u00e9 uma mentira: ela nos faz acreditar que nosso valor depende da opini\u00e3o dos outros, e n\u00e3o da identidade que Deus nos deu.<\/p>\n\n\n\n<p>Santo Agostinho dizia: <strong>&#8220;A vaidade \u00e9 um vento que incha sem subst\u00e2ncia.&#8221;<\/strong> Ela nos eleva por um momento, mas, no final, nos deixa vazios.<\/p>\n\n\n\n<h2 class=\"wp-block-heading\"><strong>A Vaidade na Sociedade Atual<\/strong><\/h2>\n\n\n\n<p>Nunca antes na hist\u00f3ria a vaidade foi t\u00e3o promovida como hoje. As redes sociais incentivam um estilo de vida onde a imagem \u00e9 tudo. As pessoas filtram sua realidade para mostrar apenas o que h\u00e1 de melhor, criando uma ilus\u00e3o de sucesso e felicidade.<\/p>\n\n\n\n<p>Esse fen\u00f4meno tem consequ\u00eancias espirituais e psicol\u00f3gicas muito graves:<\/p>\n\n\n\n<ul class=\"wp-block-list\">\n<li><strong>Nos torna escravos da aprova\u00e7\u00e3o dos outros<\/strong>, em vez de buscarmos o olhar de Deus.<\/li>\n\n\n\n<li><strong>Nos priva de autenticidade<\/strong>, pois vivemos de acordo com o que agrada aos outros, e n\u00e3o segundo a verdade.<\/li>\n\n\n\n<li><strong>Nos enche de ansiedade<\/strong>, porque a gl\u00f3ria do mundo \u00e9 passageira e nunca satisfaz o cora\u00e7\u00e3o.<\/li>\n<\/ul>\n\n\n\n<h2 class=\"wp-block-heading\"><strong>O Que a B\u00edblia Diz Sobre a Vaidade?<\/strong><\/h2>\n\n\n\n<p>As Escrituras nos alertam repetidamente contra a vaidade:<\/p>\n\n\n\n<ul class=\"wp-block-list\">\n<li><strong>&#8220;Vaidade das vaidades, tudo \u00e9 vaidade&#8221; (Eclesiastes 1,2)<\/strong>. Salom\u00e3o, o homem mais s\u00e1bio, entendeu que a gl\u00f3ria terrena n\u00e3o tem valor sem Deus.<\/li>\n\n\n\n<li><strong>&#8220;N\u00e3o vos conformeis com este mundo&#8221; (Romanos 12,2)<\/strong>. S\u00e3o Paulo nos exorta a n\u00e3o cair na superficialidade do mundo, mas a renovar nossas mentes em Cristo.<\/li>\n\n\n\n<li><strong>&#8220;O Senhor olha para o cora\u00e7\u00e3o&#8221; (1 Samuel 16,7)<\/strong>. Deus n\u00e3o se fixa na apar\u00eancia, mas na pureza da nossa alma.<\/li>\n<\/ul>\n\n\n\n<h2 class=\"wp-block-heading\"><strong>Como Vencer a Vaidade e Crescer na Humildade<\/strong><\/h2>\n\n\n\n<p>N\u00e3o se combate a vaidade com o desprezo por si mesmo, mas sim com a humildade, que \u00e9 a virtude que nos coloca na verdade. Aqui est\u00e3o algumas chaves essenciais:<\/p>\n\n\n\n<h3 class=\"wp-block-heading\"><strong>1. Buscar a Gl\u00f3ria de Deus, N\u00e3o a Pr\u00f3pria<\/strong><\/h3>\n\n\n\n<p>Jesus nos ensina: <strong>&#8220;Quem se humilha ser\u00e1 exaltado&#8221; (Lucas 14,11).<\/strong> A verdadeira grandeza est\u00e1 em viver para Deus e n\u00e3o para a admira\u00e7\u00e3o do mundo.<\/p>\n\n\n\n<h3 class=\"wp-block-heading\"><strong>2. Praticar a Mod\u00e9stia e a Simplicidade<\/strong><\/h3>\n\n\n\n<p>Isso n\u00e3o significa se descuidar, mas evitar a obsess\u00e3o com a imagem. S\u00e3o Francisco de Sales dizia que a eleg\u00e2ncia deve estar a servi\u00e7o da dignidade, e n\u00e3o da vaidade.<\/p>\n\n\n\n<h3 class=\"wp-block-heading\"><strong>3. Servir em Segredo<\/strong><\/h3>\n\n\n\n<p>Jesus nos exorta: <strong>&#8220;Que tua m\u00e3o esquerda n\u00e3o saiba o que faz a direita&#8221; (Mateus 6,3).<\/strong> Quando fazemos o bem sem buscar reconhecimento, nos libertamos do desejo de sermos vistos.<\/p>\n\n\n\n<h3 class=\"wp-block-heading\"><strong>4. Lembrar-se da Brevidade da Vida<\/strong><\/h3>\n\n\n\n<p>Nada neste mundo \u00e9 eterno. S\u00e3o Jo\u00e3o da Cruz expressava isso assim: <strong>&#8220;Ao entardecer da vida, seremos julgados pelo amor.&#8221;<\/strong><\/p>\n\n\n\n<h2 class=\"wp-block-heading\"><strong>Conclus\u00e3o: A Verdadeira Beleza Est\u00e1 na Alma<\/strong><\/h2>\n\n\n\n<p>A vaidade \u00e9 uma ilus\u00e3o que nos distrai do verdadeiro prop\u00f3sito da nossa exist\u00eancia: amar e servir a Deus. Nossa identidade n\u00e3o est\u00e1 na opini\u00e3o dos outros, mas no amor com que Deus nos criou.<\/p>\n\n\n\n<p>Em um mundo obcecado pela imagem, os crist\u00e3os s\u00e3o chamados a testemunhar uma beleza mais profunda: a beleza de uma alma em estado de gra\u00e7a, reflexo da luz de Cristo.<\/p>\n\n\n\n<p>Que a Virgem Maria, modelo de humildade, nos ajude a viver na verdade, sem buscar a gl\u00f3ria do mundo, mas sim a gl\u00f3ria de Deus.<\/p>\n","protected":false},"excerpt":{"rendered":"<p>Na era das redes sociais, onde a apar\u00eancia parece ser tudo, a vaidade se tornou uma tenta\u00e7\u00e3o onipresente. Somos bombardeados com imagens de perfei\u00e7\u00e3o, sucesso e reconhecimento, que nos levam a medir nosso valor pelos \u201clikes\u201d e pela aprova\u00e7\u00e3o dos outros. Mas o que a f\u00e9 cat\u00f3lica diz sobre a vaidade? Como podemos combater essa &hellip;<\/p>\n","protected":false},"author":3,"featured_media":1951,"comment_status":"open","ping_status":"open","sticky":false,"template":"","format":"standard","meta":{"_seopress_robots_primary_cat":"","_seopress_titles_title":"","_seopress_titles_desc":"","_seopress_robots_index":"","footnotes":""},"categories":[54,39],"tags":[486],"class_list":["post-1950","post","type-post","status-publish","format-standard","has-post-thumbnail","","category-bioetica-e-questoes-contemporaneas","category-moral-e-vida-crista","tag-vaidade"],"_links":{"self":[{"href":"https:\/\/catholicus.eu\/pt\/wp-json\/wp\/v2\/posts\/1950","targetHints":{"allow":["GET"]}}],"collection":[{"href":"https:\/\/catholicus.eu\/pt\/wp-json\/wp\/v2\/posts"}],"about":[{"href":"https:\/\/catholicus.eu\/pt\/wp-json\/wp\/v2\/types\/post"}],"author":[{"embeddable":true,"href":"https:\/\/catholicus.eu\/pt\/wp-json\/wp\/v2\/users\/3"}],"replies":[{"embeddable":true,"href":"https:\/\/catholicus.eu\/pt\/wp-json\/wp\/v2\/comments?post=1950"}],"version-history":[{"count":1,"href":"https:\/\/catholicus.eu\/pt\/wp-json\/wp\/v2\/posts\/1950\/revisions"}],"predecessor-version":[{"id":1952,"href":"https:\/\/catholicus.eu\/pt\/wp-json\/wp\/v2\/posts\/1950\/revisions\/1952"}],"wp:featuredmedia":[{"embeddable":true,"href":"https:\/\/catholicus.eu\/pt\/wp-json\/wp\/v2\/media\/1951"}],"wp:attachment":[{"href":"https:\/\/catholicus.eu\/pt\/wp-json\/wp\/v2\/media?parent=1950"}],"wp:term":[{"taxonomy":"category","embeddable":true,"href":"https:\/\/catholicus.eu\/pt\/wp-json\/wp\/v2\/categories?post=1950"},{"taxonomy":"post_tag","embeddable":true,"href":"https:\/\/catholicus.eu\/pt\/wp-json\/wp\/v2\/tags?post=1950"}],"curies":[{"name":"wp","href":"https:\/\/api.w.org\/{rel}","templated":true}]}}