{"id":1789,"date":"2025-01-10T23:29:37","date_gmt":"2025-01-10T22:29:37","guid":{"rendered":"https:\/\/catholicus.eu\/pt\/?p=1789"},"modified":"2025-01-10T23:29:37","modified_gmt":"2025-01-10T22:29:37","slug":"mitos-e-realidades-sobre-a-infalibilidade-papal-o-que-voce-precisa-saber","status":"publish","type":"post","link":"https:\/\/catholicus.eu\/pt\/mitos-e-realidades-sobre-a-infalibilidade-papal-o-que-voce-precisa-saber\/","title":{"rendered":"Mitos e realidades sobre a infalibilidade papal: O que voc\u00ea precisa saber"},"content":{"rendered":"\n<h2 class=\"wp-block-heading\">Introdu\u00e7\u00e3o: Contexto e import\u00e2ncia do tema<\/h2>\n\n\n\n<p>A infalibilidade papal \u00e9 um dos conceitos mais discutidos e frequentemente mal compreendidos dentro da Igreja Cat\u00f3lica. Este dogma, formalmente definido durante o Conc\u00edlio Vaticano I em 1870, n\u00e3o concede ao Papa nem um poder absoluto nem imunidade a erros pessoais. Em vez disso, est\u00e1 enraizado em um contexto teol\u00f3gico e espiritual que destaca a orienta\u00e7\u00e3o do Esp\u00edrito Santo na Igreja. Em uma \u00e9poca de mudan\u00e7as r\u00e1pidas e constante questionamento da autoridade religiosa, \u00e9 fundamental entender o que realmente significa a infalibilidade papal para viver uma f\u00e9 s\u00f3lida e madura.<\/p>\n\n\n\n<p>Este artigo busca desmistificar este dogma, explorando suas ra\u00edzes hist\u00f3ricas e b\u00edblicas, e oferecer reflex\u00f5es sobre sua relev\u00e2ncia teol\u00f3gica e pr\u00e1tica na vida crist\u00e3 de hoje. Al\u00e9m da teoria, veremos tamb\u00e9m como este conceito pode nos inspirar a confiar na promessa de Cristo de guiar sua Igreja rumo \u00e0 verdade.<\/p>\n\n\n\n<h2 class=\"wp-block-heading\">Contexto hist\u00f3rico e b\u00edblico<\/h2>\n\n\n\n<h3 class=\"wp-block-heading\">A origem da infalibilidade papal<\/h3>\n\n\n\n<p>A ideia de que o Papa tem uma orienta\u00e7\u00e3o especial do Esp\u00edrito Santo para proclamar a verdade n\u00e3o surgiu do nada. Ela encontra suas ra\u00edzes na promessa de Cristo a S\u00e3o Pedro: &#8220;E eu te digo: tu \u00e9s Pedro, e sobre esta pedra edificarei a minha Igreja, e as portas do inferno n\u00e3o prevalecer\u00e3o contra ela. Eu te darei as chaves do Reino dos c\u00e9us&#8221; (Mt 16,18-19). Este trecho estabelece Pedro como o fundamento vis\u00edvel da unidade e da verdade na Igreja.<\/p>\n\n\n\n<p>Outro texto central encontra-se no Evangelho de Lucas: &#8220;Mas eu roguei por ti, para que a tua f\u00e9 n\u00e3o desfale\u00e7a; e tu, quando te converteres, fortalece os teus irm\u00e3os&#8221; (Lc 22,32). Aqui, Cristo reza especificamente para que Pedro seja um apoio firme para os outros na f\u00e9, interpretado como uma prote\u00e7\u00e3o divina contra erros graves em quest\u00f5es doutrin\u00e1rias quando o Papa fala &#8220;ex cathedra&#8221;.<\/p>\n\n\n\n<h3 class=\"wp-block-heading\">Desenvolvimento hist\u00f3rico<\/h3>\n\n\n\n<p>Embora os primeiros s\u00e9culos do cristianismo n\u00e3o utilizassem termos como &#8220;infalibilidade papal&#8221;, os Padres da Igreja reconheciam uma autoridade particular ao bispo de Roma. Por exemplo, Santo Irineu de Lyon, no s\u00e9culo II, falava da Igreja de Roma como aquela que &#8220;preside na caridade&#8221; e cuja f\u00e9 &#8220;\u00e9 proclamada por todas as Igrejas&#8221;. Com o tempo, essa autoridade tornou-se mais evidente, especialmente durante controv\u00e9rsias doutrin\u00e1rias como as heresias ariana e nestoriana.<\/p>\n\n\n\n<p>Durante o Conc\u00edlio Vaticano I, a infalibilidade papal foi proclamada como dogma, especificando que ela se aplica apenas em condi\u00e7\u00f5es muito espec\u00edficas:<\/p>\n\n\n\n<ol start=\"1\" class=\"wp-block-list\">\n<li>O Papa deve falar &#8220;ex cathedra&#8221;, ou seja, como sucessor de Pedro e pastor supremo da Igreja.<\/li>\n\n\n\n<li>A defini\u00e7\u00e3o deve tratar exclusivamente de uma doutrina de f\u00e9 ou moral.<\/li>\n\n\n\n<li>O Papa deve declarar inequivocamente que o ensinamento \u00e9 vinculante para todos os fi\u00e9is.<\/li>\n<\/ol>\n\n\n\n<p>Um exemplo concreto dessa aplica\u00e7\u00e3o \u00e9 a proclama\u00e7\u00e3o dos dogmas da Imaculada Concei\u00e7\u00e3o de Maria (1854) e da Assun\u00e7\u00e3o de Maria ao c\u00e9u (1950). Esses dois dogmas foram definidos pelos Papas Pio IX e Pio XII e atendiam \u00e0s condi\u00e7\u00f5es da infalibilidade &#8220;ex cathedra&#8221;.<\/p>\n\n\n\n<h2 class=\"wp-block-heading\">Relev\u00e2ncia teol\u00f3gica<\/h2>\n\n\n\n<h3 class=\"wp-block-heading\">Um sinal da fidelidade de Deus<\/h3>\n\n\n\n<p>O dogma da infalibilidade papal destaca uma verdade fundamental: a fidelidade de Deus \u00e0 sua Igreja. N\u00e3o se trata da perfei\u00e7\u00e3o humana do Papa, mas da promessa divina de proteger a f\u00e9 dos fi\u00e9is. Essa prote\u00e7\u00e3o nos assegura que, apesar das limita\u00e7\u00f5es humanas, a Igreja permanece uma fortaleza da verdade.<\/p>\n\n\n\n<p>A infalibilidade reflete tamb\u00e9m a natureza comunit\u00e1ria da f\u00e9 cat\u00f3lica. Servindo \u00e0 unidade da verdade, ela ajuda os fi\u00e9is a viverem em comunh\u00e3o com Cristo e entre si, especialmente em um mundo onde interpreta\u00e7\u00f5es pessoais correm o risco de dividir a f\u00e9.<\/p>\n\n\n\n<h3 class=\"wp-block-heading\">Um testemunho de humildade<\/h3>\n\n\n\n<p>Ao contr\u00e1rio do que alguns podem pensar, a infalibilidade papal n\u00e3o \u00e9 um ato de orgulho ou poder, mas de humildade. Quando o Papa exerce esse carisma, ele n\u00e3o age de acordo com sua opini\u00e3o pessoal, mas como instrumento da vontade de Deus. Nesse sentido, a infalibilidade nos lembra que todos somos chamados a buscar a verdade, n\u00e3o segundo nossas prefer\u00eancias, mas seguindo a orienta\u00e7\u00e3o do Esp\u00edrito Santo.<\/p>\n\n\n\n<h2 class=\"wp-block-heading\">Aplica\u00e7\u00f5es pr\u00e1ticas<\/h2>\n\n\n\n<h3 class=\"wp-block-heading\">Viver com confian\u00e7a na Igreja<\/h3>\n\n\n\n<p>Os cat\u00f3licos podem encontrar na infalibilidade papal um motivo para confiar na orienta\u00e7\u00e3o da Igreja. Em um mundo cheio de incertezas, saber que os ensinamentos fundamentais da f\u00e9 e da moral est\u00e3o protegidos por Deus nos convida a viver com esperan\u00e7a e seguran\u00e7a.<\/p>\n\n\n\n<p>Por exemplo, diante de debates morais complexos, podemos recorrer ao magist\u00e9rio da Igreja, que atua como um guia confi\u00e1vel e reflete a verdade de Cristo. Essa confian\u00e7a nos liberta do peso de depender exclusivamente de nossas opini\u00f5es ou de tend\u00eancias culturais mut\u00e1veis.<\/p>\n\n\n\n<h3 class=\"wp-block-heading\">Promover a unidade<\/h3>\n\n\n\n<p>A infalibilidade papal tamb\u00e9m nos desafia a viver em unidade com nossos irm\u00e3os na f\u00e9. Em vez de cair em disputas intermin\u00e1veis sobre quest\u00f5es doutrin\u00e1rias, somos chamados a buscar uma base comum, fundamentada nos ensinamentos da Igreja. Isso n\u00e3o significa evitar debates, mas participar deles com um cora\u00e7\u00e3o aberto e um esp\u00edrito que busca a verdade.<\/p>\n\n\n\n<h3 class=\"wp-block-heading\">Inspirar-se nos Papas<\/h3>\n\n\n\n<p>Muitos Papas, no exerc\u00edcio de seu minist\u00e9rio, deram exemplos de humildade, coragem e amor pela verdade. Refletir sobre suas vidas e ensinamentos pode nos inspirar a enfrentar nossos pr\u00f3prios desafios com f\u00e9 e determina\u00e7\u00e3o. Por exemplo, S\u00e3o Jo\u00e3o Paulo II foi um incans\u00e1vel testemunho da dignidade humana, enquanto o Papa Francisco nos convida constantemente a viver uma f\u00e9 que se manifesta em miseric\u00f3rdia e justi\u00e7a.<\/p>\n\n\n\n<h2 class=\"wp-block-heading\">Reflex\u00e3o contempor\u00e2nea<\/h2>\n\n\n\n<h3 class=\"wp-block-heading\">A infalibilidade no mundo moderno<\/h3>\n\n\n\n<p>Hoje, mais do que nunca, a f\u00e9 cat\u00f3lica enfrenta perguntas e cr\u00edticas. Em um contexto em que opini\u00f5es pessoais e ideologias competem por nossa aten\u00e7\u00e3o, a infalibilidade papal nos lembra que a verdade n\u00e3o \u00e9 relativa. Essa certeza nos desafia a viver de forma coerente e a testemunhar nossa f\u00e9 de maneira cativante e convincente.<\/p>\n\n\n\n<p>Ao mesmo tempo, o Papa enfrenta o desafio de comunicar a verdade com amor e clareza. Isso nos lembra que o di\u00e1logo e o testemunho pessoal s\u00e3o essenciais para a evangeliza\u00e7\u00e3o. A verdade n\u00e3o deve ser imposta, mas oferecida com respeito e paci\u00eancia.<\/p>\n\n\n\n<h3 class=\"wp-block-heading\">O desafio da unidade na diversidade<\/h3>\n\n\n\n<p>A infalibilidade papal tamb\u00e9m nos convida a refletir sobre a unidade da Igreja em um mundo diversificado. Como cat\u00f3licos, somos chamados a abra\u00e7ar a diversidade cultural e espiritual dentro da Igreja, sem perder de vista nossa unidade na f\u00e9. Isso exige um cora\u00e7\u00e3o aberto e uma profunda confian\u00e7a de que o Esp\u00edrito Santo continua a guiar sua Igreja atrav\u00e9s do minist\u00e9rio petrino.<\/p>\n\n\n\n<h2 class=\"wp-block-heading\">Conclus\u00e3o: Uma f\u00e9 s\u00f3lida e cheia de esperan\u00e7a<\/h2>\n\n\n\n<p>A infalibilidade papal n\u00e3o \u00e9 um privil\u00e9gio humano, mas um dom divino \u00e0 Igreja. Ela nos lembra que Cristo, apesar de nossas fraquezas, permanece fiel \u00e0 sua promessa de guiar sua Igreja rumo \u00e0 verdade. Este dogma, longe de ser uma quest\u00e3o te\u00f3rica ou abstrata, tem implica\u00e7\u00f5es pr\u00e1ticas e espirituais que nos convidam a viver nossa f\u00e9 com confian\u00e7a, humildade e unidade.<\/p>\n\n\n\n<p>Em um mundo cheio de ru\u00eddo e confus\u00e3o, voltemo-nos \u00e0 orienta\u00e7\u00e3o segura da Igreja e renovemos nosso compromisso de ser testemunhas da verdade em nossa vida cotidiana. Como nos ensina S\u00e3o Paulo: &#8220;Permanecei firmes na f\u00e9, comportai-vos como homens, sede fortes. Tudo seja feito entre v\u00f3s na caridade&#8221; (1 Cor 16,13-14).<\/p>\n","protected":false},"excerpt":{"rendered":"<p>Introdu\u00e7\u00e3o: Contexto e import\u00e2ncia do tema A infalibilidade papal \u00e9 um dos conceitos mais discutidos e frequentemente mal compreendidos dentro da Igreja Cat\u00f3lica. Este dogma, formalmente definido durante o Conc\u00edlio Vaticano I em 1870, n\u00e3o concede ao Papa nem um poder absoluto nem imunidade a erros pessoais. Em vez disso, est\u00e1 enraizado em um contexto &hellip;<\/p>\n","protected":false},"author":3,"featured_media":1790,"comment_status":"open","ping_status":"open","sticky":false,"template":"","format":"standard","meta":{"_seopress_robots_primary_cat":"","_seopress_titles_title":"","_seopress_titles_desc":"","_seopress_robots_index":"","footnotes":""},"categories":[44,37],"tags":[430],"class_list":["post-1789","post","type-post","status-publish","format-standard","has-post-thumbnail","","category-dogmas-da-fe","category-doutrina-e-fe","tag-infalibilidade-papal"],"_links":{"self":[{"href":"https:\/\/catholicus.eu\/pt\/wp-json\/wp\/v2\/posts\/1789","targetHints":{"allow":["GET"]}}],"collection":[{"href":"https:\/\/catholicus.eu\/pt\/wp-json\/wp\/v2\/posts"}],"about":[{"href":"https:\/\/catholicus.eu\/pt\/wp-json\/wp\/v2\/types\/post"}],"author":[{"embeddable":true,"href":"https:\/\/catholicus.eu\/pt\/wp-json\/wp\/v2\/users\/3"}],"replies":[{"embeddable":true,"href":"https:\/\/catholicus.eu\/pt\/wp-json\/wp\/v2\/comments?post=1789"}],"version-history":[{"count":1,"href":"https:\/\/catholicus.eu\/pt\/wp-json\/wp\/v2\/posts\/1789\/revisions"}],"predecessor-version":[{"id":1791,"href":"https:\/\/catholicus.eu\/pt\/wp-json\/wp\/v2\/posts\/1789\/revisions\/1791"}],"wp:featuredmedia":[{"embeddable":true,"href":"https:\/\/catholicus.eu\/pt\/wp-json\/wp\/v2\/media\/1790"}],"wp:attachment":[{"href":"https:\/\/catholicus.eu\/pt\/wp-json\/wp\/v2\/media?parent=1789"}],"wp:term":[{"taxonomy":"category","embeddable":true,"href":"https:\/\/catholicus.eu\/pt\/wp-json\/wp\/v2\/categories?post=1789"},{"taxonomy":"post_tag","embeddable":true,"href":"https:\/\/catholicus.eu\/pt\/wp-json\/wp\/v2\/tags?post=1789"}],"curies":[{"name":"wp","href":"https:\/\/api.w.org\/{rel}","templated":true}]}}