{"id":1767,"date":"2025-01-08T21:28:53","date_gmt":"2025-01-08T20:28:53","guid":{"rendered":"https:\/\/catholicus.eu\/pt\/?p=1767"},"modified":"2025-01-08T21:28:53","modified_gmt":"2025-01-08T20:28:53","slug":"a-ressurreicao-dos-mortos-compreender-a-promessa-da-vida-eterna-no-credo","status":"publish","type":"post","link":"https:\/\/catholicus.eu\/pt\/a-ressurreicao-dos-mortos-compreender-a-promessa-da-vida-eterna-no-credo\/","title":{"rendered":"A Ressurrei\u00e7\u00e3o dos Mortos: Compreender a Promessa da Vida Eterna no Credo"},"content":{"rendered":"\n<p>A ressurrei\u00e7\u00e3o dos mortos \u00e9 uma das verdades centrais do cristianismo e uma declara\u00e7\u00e3o que fazemos toda vez que recitamos o Credo: \u201cCreio na ressurrei\u00e7\u00e3o da carne\u201d. Embora essa doutrina seja fundamental, sua dimens\u00e3o corporal \u00e9 frequentemente mal compreendida ou reduzida a um conceito abstrato. No entanto, compreender este mist\u00e9rio n\u00e3o \u00e9 apenas essencial para a nossa f\u00e9, mas tamb\u00e9m pode transformar nossa vis\u00e3o da vida, da morte e do nosso relacionamento com Deus.<\/p>\n\n\n\n<h3 class=\"wp-block-heading\"><strong>O que significa a ressurrei\u00e7\u00e3o dos mortos?<\/strong><\/h3>\n\n\n\n<p>A ressurrei\u00e7\u00e3o dos mortos n\u00e3o \u00e9 apenas um conceito espiritual. De acordo com o ensinamento da Igreja Cat\u00f3lica, no final dos tempos, todos os seres humanos ressuscitar\u00e3o com seus corpos. Esses corpos, embora glorificados e transformados, ser\u00e3o os mesmos que habitamos nesta vida. Esse aspecto f\u00edsico da ressurrei\u00e7\u00e3o \u00e9 muitas vezes mal compreendido ou ignorado, mas possui implica\u00e7\u00f5es teol\u00f3gicas e pr\u00e1ticas profundas.<\/p>\n\n\n\n<h4 class=\"wp-block-heading\"><strong>A base b\u00edblica e teol\u00f3gica<\/strong><\/h4>\n\n\n\n<p>A ideia da ressurrei\u00e7\u00e3o corporal n\u00e3o \u00e9 uma inven\u00e7\u00e3o moderna; ela est\u00e1 profundamente enraizada nas Escrituras. S\u00e3o Paulo, em sua Primeira Carta aos Cor\u00edntios (15, 42-44), explica que nossos corpos ressuscitar\u00e3o transformados: de corrupt\u00edveis a incorrupt\u00edveis, de fracos a gloriosos, de naturais a espirituais. O pr\u00f3prio Jesus confirmou essa realidade: \u201cN\u00e3o vos maravilheis disso, porque vem a hora em que todos os que est\u00e3o nos t\u00famulos ouvir\u00e3o a sua voz e sair\u00e3o\u201d (Jo 5, 28-29).<\/p>\n\n\n\n<p>O evento central que fundamenta nossa f\u00e9 na ressurrei\u00e7\u00e3o \u00e9, naturalmente, a ressurrei\u00e7\u00e3o de Jesus Cristo. Como ensina o Catecismo da Igreja Cat\u00f3lica, Cristo \u00e9 \u201cas prim\u00edcias dos que morreram\u201d (1 Cor 15, 20). Sua ressurrei\u00e7\u00e3o n\u00e3o foi apenas espiritual; os disc\u00edpulos o reconheceram em seu corpo glorificado, que ainda trazia os sinais da crucifica\u00e7\u00e3o (Jo 20, 27).<\/p>\n\n\n\n<h4 class=\"wp-block-heading\"><strong>Como ser\u00e3o os corpos ressuscitados?<\/strong><\/h4>\n\n\n\n<p>A Igreja ensina que nossos corpos ressuscitados ser\u00e3o transformados e glorificados, livres das limita\u00e7\u00f5es do sofrimento, do pecado e da morte. S\u00e3o Paulo usa a met\u00e1fora de uma semente plantada na terra que se transforma em uma planta para ilustrar que, embora haja continuidade entre o corpo terreno e o corpo glorificado, tamb\u00e9m existe uma renova\u00e7\u00e3o radical.<\/p>\n\n\n\n<p>Os Padres da Igreja refletiram profundamente sobre esse tema. Santo Agostinho imaginava um estado de perfeita sa\u00fade e beleza nos corpos ressuscitados, enquanto Santo Tom\u00e1s de Aquino ensinava que esses corpos possuir\u00e3o qualidades como impassibilidade (incapacidade de sofrer), claridade (brilho), agilidade e sutileza.<\/p>\n\n\n\n<h3 class=\"wp-block-heading\"><strong>O significado teol\u00f3gico da ressurrei\u00e7\u00e3o corporal<\/strong><\/h3>\n\n\n\n<p>A ressurrei\u00e7\u00e3o corporal n\u00e3o \u00e9 um detalhe acess\u00f3rio da nossa f\u00e9; ela nos lembra que Deus criou todo o nosso ser \u2013 corpo e alma \u2013 e que ambos est\u00e3o destinados \u00e0 reden\u00e7\u00e3o. Esse fato desafia vis\u00f5es dualistas que desprezam o corpo como algo inferior ou secund\u00e1rio.<\/p>\n\n\n\n<h4 class=\"wp-block-heading\"><strong>A dignidade do corpo humano<\/strong><\/h4>\n\n\n\n<p>Se nossos corpos est\u00e3o destinados \u00e0 gl\u00f3ria eterna, isso implica que eles possuem um valor e uma dignidade intr\u00ednsecos. Essa verdade tem implica\u00e7\u00f5es pr\u00e1ticas imediatas: nos convida a tratar nossos corpos e os dos outros com respeito, a combater abusos, explora\u00e7\u00e3o e viol\u00eancia, e a promover uma cultura de vida que valorize cada pessoa, desde a concep\u00e7\u00e3o at\u00e9 a morte natural.<\/p>\n\n\n\n<h4 class=\"wp-block-heading\"><strong>Um chamado \u00e0 esperan\u00e7a<\/strong><\/h4>\n\n\n\n<p>A doutrina da ressurrei\u00e7\u00e3o dos mortos \u00e9 tamb\u00e9m uma fonte de esperan\u00e7a. Vivemos em um mundo onde o sofrimento, a doen\u00e7a e a morte frequentemente parecem ter a \u00faltima palavra. Mas o Evangelho nos assegura que a morte n\u00e3o \u00e9 o fim. Em Cristo, tudo ser\u00e1 renovado. Essa esperan\u00e7a nos permite enfrentar nossas prova\u00e7\u00f5es com coragem e consolo, sabendo que o que parece perdido ser\u00e1 gloriosamente restaurado.<\/p>\n\n\n\n<h3 class=\"wp-block-heading\"><strong>Aplica\u00e7\u00f5es pr\u00e1ticas: viver \u00e0 luz da ressurrei\u00e7\u00e3o<\/strong><\/h3>\n\n\n\n<p>Compreender a ressurrei\u00e7\u00e3o dos mortos n\u00e3o \u00e9 apenas um exerc\u00edcio teol\u00f3gico; \u00e9 um convite para transformar nossa vida cotidiana.<\/p>\n\n\n\n<h4 class=\"wp-block-heading\"><strong>1. Cuidar do corpo e da alma<\/strong><\/h4>\n\n\n\n<p>Sabendo que nosso corpo \u00e9 templo do Esp\u00edrito Santo e destinado \u00e0 gl\u00f3ria, somos chamados a trat\u00e1-lo com respeito. Isso inclui h\u00e1bitos saud\u00e1veis, mas tamb\u00e9m uma vida moral que reflita nossa dignidade como filhos de Deus. Al\u00e9m disso, somos convidados a cuidar de nossa alma por meio dos sacramentos, da ora\u00e7\u00e3o e da caridade.<\/p>\n\n\n\n<h4 class=\"wp-block-heading\"><strong>2. Uma perspectiva crist\u00e3 sobre a morte<\/strong><\/h4>\n\n\n\n<p>A ressurrei\u00e7\u00e3o nos convida a ver a morte n\u00e3o como uma trag\u00e9dia definitiva, mas como uma passagem para a vida eterna. Isso n\u00e3o significa negar a dor da perda, mas enfrent\u00e1-la com esperan\u00e7a crist\u00e3. Podemos encontrar consolo nas palavras de Jesus: \u201cEu sou a ressurrei\u00e7\u00e3o e a vida; quem cr\u00ea em mim, mesmo que morra, viver\u00e1\u201d (Jo 11, 25).<\/p>\n\n\n\n<h4 class=\"wp-block-heading\"><strong>3. Compromisso com a justi\u00e7a e a caridade<\/strong><\/h4>\n\n\n\n<p>A promessa da ressurrei\u00e7\u00e3o nos encoraja a trabalhar por um mundo onde a dignidade humana seja respeitada. Se acreditamos que cada pessoa ressuscitar\u00e1, somos chamados a tratar todos com amor, especialmente os mais vulner\u00e1veis.<\/p>\n\n\n\n<h4 class=\"wp-block-heading\"><strong>4. Preparar-se para a vida eterna<\/strong><\/h4>\n\n\n\n<p>Por fim, a doutrina da ressurrei\u00e7\u00e3o \u00e9 um lembrete constante de que nossa vida na terra \u00e9 apenas um prel\u00fadio para algo muito maior. Isso nos convida a refletir sobre nossas prioridades, a viver com um cora\u00e7\u00e3o voltado para Deus e a buscar a santidade nas coisas do dia a dia.<\/p>\n\n\n\n<h3 class=\"wp-block-heading\"><strong>Uma mensagem para o nosso tempo<\/strong><\/h3>\n\n\n\n<p>Em um mundo marcado pela superficialidade, materialismo e perda do sentido do transcendente, a doutrina da ressurrei\u00e7\u00e3o dos mortos oferece uma vis\u00e3o profunda e cheia de esperan\u00e7a. Ela nos lembra que nossa exist\u00eancia tem um prop\u00f3sito eterno e que cada a\u00e7\u00e3o, por menor que seja, ressoa na eternidade.<\/p>\n\n\n\n<p>No final dos tempos, quando Cristo voltar em gl\u00f3ria, todos aqueles que creram Nele experimentar\u00e3o a plenitude de sua promessa: uma vida eterna em comunh\u00e3o com Deus, corpo e alma, em um estado de alegria e paz incompar\u00e1veis. Essa \u00e9 a esperan\u00e7a que proclamamos no Credo e a esperan\u00e7a que somos chamados a viver e compartilhar com o mundo.<\/p>\n\n\n\n<p>Que este mist\u00e9rio inspire em n\u00f3s o desejo de nos aproximarmos de Deus, de cuidar de Sua cria\u00e7\u00e3o e de viver com alegria a f\u00e9 que nos foi transmitida. Na ressurrei\u00e7\u00e3o encontramos o cora\u00e7\u00e3o do Evangelho: a vit\u00f3ria do amor e da vida sobre o pecado e a morte.<\/p>\n","protected":false},"excerpt":{"rendered":"<p>A ressurrei\u00e7\u00e3o dos mortos \u00e9 uma das verdades centrais do cristianismo e uma declara\u00e7\u00e3o que fazemos toda vez que recitamos o Credo: \u201cCreio na ressurrei\u00e7\u00e3o da carne\u201d. Embora essa doutrina seja fundamental, sua dimens\u00e3o corporal \u00e9 frequentemente mal compreendida ou reduzida a um conceito abstrato. No entanto, compreender este mist\u00e9rio n\u00e3o \u00e9 apenas essencial para &hellip;<\/p>\n","protected":false},"author":3,"featured_media":1768,"comment_status":"open","ping_status":"open","sticky":false,"template":"","format":"standard","meta":{"_seopress_robots_primary_cat":"","_seopress_titles_title":"","_seopress_titles_desc":"","_seopress_robots_index":"","footnotes":""},"categories":[44,37],"tags":[422],"class_list":["post-1767","post","type-post","status-publish","format-standard","has-post-thumbnail","","category-dogmas-da-fe","category-doutrina-e-fe","tag-ressurreicao-dos-mortos"],"_links":{"self":[{"href":"https:\/\/catholicus.eu\/pt\/wp-json\/wp\/v2\/posts\/1767","targetHints":{"allow":["GET"]}}],"collection":[{"href":"https:\/\/catholicus.eu\/pt\/wp-json\/wp\/v2\/posts"}],"about":[{"href":"https:\/\/catholicus.eu\/pt\/wp-json\/wp\/v2\/types\/post"}],"author":[{"embeddable":true,"href":"https:\/\/catholicus.eu\/pt\/wp-json\/wp\/v2\/users\/3"}],"replies":[{"embeddable":true,"href":"https:\/\/catholicus.eu\/pt\/wp-json\/wp\/v2\/comments?post=1767"}],"version-history":[{"count":1,"href":"https:\/\/catholicus.eu\/pt\/wp-json\/wp\/v2\/posts\/1767\/revisions"}],"predecessor-version":[{"id":1769,"href":"https:\/\/catholicus.eu\/pt\/wp-json\/wp\/v2\/posts\/1767\/revisions\/1769"}],"wp:featuredmedia":[{"embeddable":true,"href":"https:\/\/catholicus.eu\/pt\/wp-json\/wp\/v2\/media\/1768"}],"wp:attachment":[{"href":"https:\/\/catholicus.eu\/pt\/wp-json\/wp\/v2\/media?parent=1767"}],"wp:term":[{"taxonomy":"category","embeddable":true,"href":"https:\/\/catholicus.eu\/pt\/wp-json\/wp\/v2\/categories?post=1767"},{"taxonomy":"post_tag","embeddable":true,"href":"https:\/\/catholicus.eu\/pt\/wp-json\/wp\/v2\/tags?post=1767"}],"curies":[{"name":"wp","href":"https:\/\/api.w.org\/{rel}","templated":true}]}}