{"id":1743,"date":"2025-01-06T15:20:31","date_gmt":"2025-01-06T14:20:31","guid":{"rendered":"https:\/\/catholicus.eu\/pt\/?p=1743"},"modified":"2025-01-06T15:20:31","modified_gmt":"2025-01-06T14:20:31","slug":"a-historia-do-relicario-dos-reis-magos-um-tesouro-do-cristianismo","status":"publish","type":"post","link":"https:\/\/catholicus.eu\/pt\/a-historia-do-relicario-dos-reis-magos-um-tesouro-do-cristianismo\/","title":{"rendered":"A Hist\u00f3ria do Relic\u00e1rio dos Reis Magos: Um Tesouro do Cristianismo"},"content":{"rendered":"\n<p>No cora\u00e7\u00e3o da Catedral de Col\u00f4nia, na Alemanha, encontra-se um dos tesouros mais venerados do cristianismo: o Relic\u00e1rio dos Reis Magos. Este relic\u00e1rio, que guarda as rel\u00edquias atribu\u00eddas aos tr\u00eas s\u00e1bios que visitaram o Menino Jesus em Bel\u00e9m, n\u00e3o \u00e9 apenas uma obra-prima da arte medieval, mas tamb\u00e9m um testemunho tang\u00edvel da f\u00e9 e da tradi\u00e7\u00e3o crist\u00e3s. Neste artigo, exploraremos sua fascinante hist\u00f3ria, seu significado teol\u00f3gico e o que ele pode nos ensinar hoje sobre a busca por Deus em nossas vidas.<\/p>\n\n\n\n<h3 class=\"wp-block-heading\">Os Reis Magos na Tradi\u00e7\u00e3o Crist\u00e3<\/h3>\n\n\n\n<p>Os Reis Magos ocupam um lugar especial no relato do Evangelho de S\u00e3o Mateus (Mt 2,1-12). Esses s\u00e1bios vindos do Oriente, guiados por uma estrela, viajaram at\u00e9 Bel\u00e9m para adorar o Menino Jesus, oferecendo-lhe presentes: ouro, incenso e mirra. Ao longo dos s\u00e9culos, a tradi\u00e7\u00e3o crist\u00e3 atribuiu-lhes nomes \u2014 Melquior, Gaspar e Baltazar \u2014 e reconheceu-os como representantes das na\u00e7\u00f5es pag\u00e3s que reconhecem Cristo como Salvador.<\/p>\n\n\n\n<p>Teologicamente, os Magos simbolizam a universalidade da salva\u00e7\u00e3o. Sua jornada \u00e9 uma met\u00e1fora da busca humana por Deus: um caminho repleto de f\u00e9, esfor\u00e7o e adora\u00e7\u00e3o sincera. Esses s\u00e1bios nos convidam a refletir sobre nosso pr\u00f3prio compromisso com Cristo, reconhecendo-o como Rei (ouro), Deus (incenso) e Redentor (mirra).<\/p>\n\n\n\n<h3 class=\"wp-block-heading\">O Relic\u00e1rio dos Reis Magos: Origem e Jornada at\u00e9 Col\u00f4nia<\/h3>\n\n\n\n<p>A hist\u00f3ria das rel\u00edquias dos Reis Magos \u00e9 t\u00e3o intrigante quanto o relato b\u00edblico que os menciona. Segundo a tradi\u00e7\u00e3o, seus restos mortais foram descobertos na P\u00e9rsia por Santa Helena, m\u00e3e do imperador Constantino, que tamb\u00e9m encontrou a Verdadeira Cruz. As rel\u00edquias foram posteriormente transferidas para Constantinopla e, em seguida, para Mil\u00e3o, sob a guarda de Santo Ambr\u00f3sio.<\/p>\n\n\n\n<p>Em 1164, o imperador Frederico Barbarossa ofereceu as rel\u00edquias ao arcebispo de Col\u00f4nia, Rainaldo de Dassel, num gesto de prest\u00edgio pol\u00edtico e religioso. Desde ent\u00e3o, as rel\u00edquias tornaram-se o centro de grandes peregrina\u00e7\u00f5es, consolidando Col\u00f4nia como um dos principais destinos espirituais da Europa.<\/p>\n\n\n\n<p>O relic\u00e1rio, encomendado para abrigar essas rel\u00edquias, \u00e9 uma obra-prima da arte g\u00f3tica. Criado por ourives da escola de Nicolau de Verdun, \u00e9 feito de ouro, prata e pedras preciosas, e foi conclu\u00eddo no s\u00e9culo XIII. Com sua forma de bas\u00edlica e decora\u00e7\u00f5es elaboradas que retratam cenas b\u00edblicas, o relic\u00e1rio n\u00e3o \u00e9 apenas um recipiente para rel\u00edquias, mas tamb\u00e9m um catecismo visual que inspira devo\u00e7\u00e3o e aprendizado.<\/p>\n\n\n\n<h3 class=\"wp-block-heading\">O Significado Teol\u00f3gico do Relic\u00e1rio<\/h3>\n\n\n\n<p>O Relic\u00e1rio dos Reis Magos possui um significado teol\u00f3gico profundo que transcende seu valor art\u00edstico e hist\u00f3rico. Em primeiro lugar, ele comemora a Encarna\u00e7\u00e3o de Cristo e o mist\u00e9rio da Epifania, quando Deus se revelou ao mundo por meio de seu Filho. O ato de adora\u00e7\u00e3o dos Magos destaca a centralidade de Cristo como luz para todas as na\u00e7\u00f5es.<\/p>\n\n\n\n<p>Em segundo lugar, as rel\u00edquias s\u00e3o um sinal tang\u00edvel da comunh\u00e3o dos santos. A venera\u00e7\u00e3o de rel\u00edquias n\u00e3o \u00e9 adora\u00e7\u00e3o, mas um ato de respeito por aqueles que viveram plenamente sua f\u00e9. Os Reis Magos, embora figuras hist\u00f3ricas envoltas em tradi\u00e7\u00e3o, representam a resposta da humanidade ao chamado de Deus.<\/p>\n\n\n\n<p>Por fim, o relic\u00e1rio evidencia o poder da arte em elevar a alma ao divino. Cada detalhe desta obra-prima visa glorificar a Deus e conduzir os fi\u00e9is a uma experi\u00eancia mais profunda de sua presen\u00e7a.<\/p>\n\n\n\n<h3 class=\"wp-block-heading\">Uma Li\u00e7\u00e3o para os Dias de Hoje<\/h3>\n\n\n\n<p>Num mundo frequentemente dividido por fronteiras, culturas e cren\u00e7as, o Relic\u00e1rio dos Reis Magos nos lembra da unidade encontrada em Cristo. Assim como os Magos superaram dist\u00e2ncias e desafios para encontrar o Salvador, tamb\u00e9m somos chamados a busc\u00e1-lo em nossa vida cotidiana, deixando de lado distra\u00e7\u00f5es e preconceitos.<\/p>\n\n\n\n<p>O relic\u00e1rio tamb\u00e9m \u00e9 um lembrete da import\u00e2ncia da peregrina\u00e7\u00e3o, n\u00e3o apenas como jornada f\u00edsica, mas como experi\u00eancia espiritual. Em nossa sociedade acelerada, tirar um tempo para refletir sobre nossa rela\u00e7\u00e3o com Deus pode transformar nossas vidas. A jornada dos Magos nos encoraja a seguir a estrela que guia nossas vidas em dire\u00e7\u00e3o \u00e0 eternidade.<\/p>\n\n\n\n<h3 class=\"wp-block-heading\">Uma Inspira\u00e7\u00e3o para Hoje<\/h3>\n\n\n\n<p>O Relic\u00e1rio dos Reis Magos continua a atrair milh\u00f5es de peregrinos todos os anos, n\u00e3o apenas por seu esplendor, mas pela profunda f\u00e9 que representa. Ao contempl\u00e1-lo, somos convidados a nos perguntar: o que estamos dispostos a oferecer a Deus? Que presentes trazemos aos seus p\u00e9s? Os Magos ofereceram o melhor que possu\u00edam; n\u00f3s tamb\u00e9m podemos oferecer nosso tempo, talentos e amor como ato de adora\u00e7\u00e3o.<\/p>\n\n\n\n<p>No fim, o Relic\u00e1rio dos Reis Magos \u00e9 um testemunho de esperan\u00e7a e da busca por Deus. Ele nos inspira a empreender nossa pr\u00f3pria jornada rumo a Cristo, com cora\u00e7\u00f5es abertos e prontos para encontr\u00e1-lo nos lugares mais inesperados.<\/p>\n\n\n\n<p>Que este tesouro do cristianismo continue iluminando a f\u00e9 dos fi\u00e9is, lembrando-nos de que, como os Magos, estamos sempre a caminho da Luz do Mundo.<\/p>\n","protected":false},"excerpt":{"rendered":"<p>No cora\u00e7\u00e3o da Catedral de Col\u00f4nia, na Alemanha, encontra-se um dos tesouros mais venerados do cristianismo: o Relic\u00e1rio dos Reis Magos. Este relic\u00e1rio, que guarda as rel\u00edquias atribu\u00eddas aos tr\u00eas s\u00e1bios que visitaram o Menino Jesus em Bel\u00e9m, n\u00e3o \u00e9 apenas uma obra-prima da arte medieval, mas tamb\u00e9m um testemunho tang\u00edvel da f\u00e9 e da &hellip;<\/p>\n","protected":false},"author":3,"featured_media":1744,"comment_status":"open","ping_status":"open","sticky":false,"template":"","format":"standard","meta":{"_seopress_robots_primary_cat":"","_seopress_titles_title":"","_seopress_titles_desc":"","_seopress_robots_index":"","footnotes":""},"categories":[40,62],"tags":[404,409],"class_list":["post-1743","post","type-post","status-publish","format-standard","has-post-thumbnail","","category-oracao-e-espiritualidade","category-sacramentais-e-peregrinacoes","tag-reis-magos","tag-relicario"],"_links":{"self":[{"href":"https:\/\/catholicus.eu\/pt\/wp-json\/wp\/v2\/posts\/1743","targetHints":{"allow":["GET"]}}],"collection":[{"href":"https:\/\/catholicus.eu\/pt\/wp-json\/wp\/v2\/posts"}],"about":[{"href":"https:\/\/catholicus.eu\/pt\/wp-json\/wp\/v2\/types\/post"}],"author":[{"embeddable":true,"href":"https:\/\/catholicus.eu\/pt\/wp-json\/wp\/v2\/users\/3"}],"replies":[{"embeddable":true,"href":"https:\/\/catholicus.eu\/pt\/wp-json\/wp\/v2\/comments?post=1743"}],"version-history":[{"count":1,"href":"https:\/\/catholicus.eu\/pt\/wp-json\/wp\/v2\/posts\/1743\/revisions"}],"predecessor-version":[{"id":1745,"href":"https:\/\/catholicus.eu\/pt\/wp-json\/wp\/v2\/posts\/1743\/revisions\/1745"}],"wp:featuredmedia":[{"embeddable":true,"href":"https:\/\/catholicus.eu\/pt\/wp-json\/wp\/v2\/media\/1744"}],"wp:attachment":[{"href":"https:\/\/catholicus.eu\/pt\/wp-json\/wp\/v2\/media?parent=1743"}],"wp:term":[{"taxonomy":"category","embeddable":true,"href":"https:\/\/catholicus.eu\/pt\/wp-json\/wp\/v2\/categories?post=1743"},{"taxonomy":"post_tag","embeddable":true,"href":"https:\/\/catholicus.eu\/pt\/wp-json\/wp\/v2\/tags?post=1743"}],"curies":[{"name":"wp","href":"https:\/\/api.w.org\/{rel}","templated":true}]}}