{"id":1740,"date":"2025-01-06T14:42:50","date_gmt":"2025-01-06T13:42:50","guid":{"rendered":"https:\/\/catholicus.eu\/pt\/?p=1740"},"modified":"2025-01-06T14:42:50","modified_gmt":"2025-01-06T13:42:50","slug":"os-nomes-dos-reis-magos-origem-e-historia","status":"publish","type":"post","link":"https:\/\/catholicus.eu\/pt\/os-nomes-dos-reis-magos-origem-e-historia\/","title":{"rendered":"Os Nomes dos Reis Magos: Origem e Hist\u00f3ria"},"content":{"rendered":"\n<p>A hist\u00f3ria dos Reis Magos \u00e9 um dos elementos mais fascinantes do relato evang\u00e9lico e da tradi\u00e7\u00e3o crist\u00e3. Todos os anos, sua chegada ao pres\u00e9pio durante a festa da Epifania nos recorda a universalidade da salva\u00e7\u00e3o em Cristo. Mas qual \u00e9 a origem dos nomes Melquior, Gaspar e Baltazar? Quando e onde apareceram pela primeira vez? Este artigo explora a rica hist\u00f3ria desses misteriosos s\u00e1bios vindos do Oriente, ligando seu desenvolvimento \u00e0 tradi\u00e7\u00e3o crist\u00e3 e ao seu simbolismo espiritual.<\/p>\n\n\n\n<h4 class=\"wp-block-heading\">Os Magos no Evangelho de Mateus<\/h4>\n\n\n\n<p>O Evangelho de Mateus (2,1-12) \u00e9 a \u00fanica fonte b\u00edblica que menciona os Magos, e o faz de forma breve. Mateus relata como &#8220;uns Magos vieram do Oriente&#8221; a Jerusal\u00e9m, guiados por uma estrela, buscando o &#8220;rei dos judeus que nasceu&#8221;. No entanto, o texto n\u00e3o especifica quantos eram, seus nomes ou se eram reis. Apenas os presentes que ofereceram \u2014 ouro, incenso e mirra \u2014 s\u00e3o mencionados.<\/p>\n\n\n\n<p>A tradi\u00e7\u00e3o posterior associou o n\u00famero tr\u00eas a esses presentes, e o termo <em>Magos<\/em> (do grego <em>magoi<\/em>) refere-se a s\u00e1bios ou astr\u00f3logos, provavelmente vindos da P\u00e9rsia ou Babil\u00f4nia. Sua descri\u00e7\u00e3o vaga e origem incerta alimentaram s\u00e9culos de especula\u00e7\u00f5es e interpreta\u00e7\u00f5es.<\/p>\n\n\n\n<h4 class=\"wp-block-heading\">A Origem dos Nomes: Melquior, Gaspar e Baltazar<\/h4>\n\n\n\n<p>Os nomes dos Magos n\u00e3o aparecem nas Escrituras, mas desenvolveram-se ao longo dos s\u00e9culos dentro da tradi\u00e7\u00e3o crist\u00e3. A primeira men\u00e7\u00e3o conhecida de seus nomes est\u00e1 em um manuscrito do s\u00e9culo VI chamado <em>Excerpta Latina Barbari<\/em>, um texto em latim que compila tradi\u00e7\u00f5es populares e ap\u00f3crifas. Segundo este documento, os Magos se chamavam Melquior, Gaspar e Baltazar.<\/p>\n\n\n\n<p>No s\u00e9culo IX, esses nomes j\u00e1 eram amplamente reconhecidos na Europa e integraram-se nos textos lit\u00fargicos e devocionais. A obra <em>Historia Trium Regum<\/em> (<em>Hist\u00f3ria dos Tr\u00eas Reis<\/em>), escrita pelo cl\u00e9rigo alem\u00e3o Jo\u00e3o de Hildesheim no s\u00e9culo XIV, popularizou os nomes e atribuiu-lhes descri\u00e7\u00f5es detalhadas:<\/p>\n\n\n\n<ul class=\"wp-block-list\">\n<li><strong>Melquior<\/strong>: Um homem idoso com barba branca, vindo da Europa, que ofereceu ouro como s\u00edmbolo da realeza de Cristo.<\/li>\n\n\n\n<li><strong>Gaspar<\/strong>: Um jovem sem barba, origin\u00e1rio da \u00c1sia, que trouxe incenso para honrar a divindade de Cristo.<\/li>\n\n\n\n<li><strong>Baltazar<\/strong>: Um homem de pele escura, da \u00c1frica, que apresentou mirra como sinal da humanidade e do sofrimento de Cristo.<\/li>\n<\/ul>\n\n\n\n<h4 class=\"wp-block-heading\">Simbolismo e Desenvolvimento na Tradi\u00e7\u00e3o Crist\u00e3<\/h4>\n\n\n\n<p>A atribui\u00e7\u00e3o de nomes e caracter\u00edsticas aos Magos n\u00e3o foi arbitr\u00e1ria, mas refletia uma profunda inten\u00e7\u00e3o teol\u00f3gica. Eles representam os tr\u00eas continentes conhecidos na Antiguidade (Europa, \u00c1sia e \u00c1frica) e destacam a universalidade da salva\u00e7\u00e3o trazida por Cristo para toda a humanidade. Seus presentes simbolizam os aspectos fundamentais da miss\u00e3o de Jesus: ouro para sua realeza, incenso para sua divindade e mirra para seu sacrif\u00edcio redentor.<\/p>\n\n\n\n<p>Al\u00e9m disso, sua diversidade \u00e9tnica destaca que a mensagem crist\u00e3 transcende as barreiras culturais e raciais. Na arte crist\u00e3 medieval e renascentista, essa vis\u00e3o foi vividamente representada, enfatizando as diferen\u00e7as de idade, apar\u00eancia e origem dos Magos.<\/p>\n\n\n\n<h4 class=\"wp-block-heading\">Os Nomes na Devo\u00e7\u00e3o Popular e Lit\u00fargica<\/h4>\n\n\n\n<p>A devo\u00e7\u00e3o aos Reis Magos cresceu significativamente durante a Idade M\u00e9dia, em parte devido \u00e0s rel\u00edquias que lhes foram atribu\u00eddas. Segundo a tradi\u00e7\u00e3o, seus restos mortais foram transportados para a cidade de Col\u00f4nia no s\u00e9culo XII, onde ainda s\u00e3o venerados na catedral. Essa venera\u00e7\u00e3o popular ajudou a consolidar a identidade de Melquior, Gaspar e Baltazar como figuras centrais na celebra\u00e7\u00e3o da Epifania.<\/p>\n\n\n\n<p>Em muitas culturas, os Reis Magos tornaram-se os portadores de presentes para as crian\u00e7as, especialmente na Espanha e na Am\u00e9rica Latina, onde tradi\u00e7\u00f5es como a &#8220;Cavalcada dos Reis&#8221; e a entrega de presentes em 6 de janeiro permanecem vivas.<\/p>\n\n\n\n<h4 class=\"wp-block-heading\">O Significado de Seus Nomes Hoje<\/h4>\n\n\n\n<p>Embora os nomes dos Reis Magos n\u00e3o provenham diretamente dos Evangelhos, sua ado\u00e7\u00e3o na tradi\u00e7\u00e3o crist\u00e3 possui um valor simb\u00f3lico e espiritual. Eles representam a resposta da humanidade ao chamado de Deus: uma busca incessante pela verdade e pela luz. Lembrar de Melquior, Gaspar e Baltazar evoca n\u00e3o apenas sua jornada f\u00edsica at\u00e9 Bel\u00e9m, mas tamb\u00e9m nossa pr\u00f3pria peregrina\u00e7\u00e3o espiritual rumo a Cristo.<\/p>\n\n\n\n<h4 class=\"wp-block-heading\">Conclus\u00e3o<\/h4>\n\n\n\n<p>Os nomes dos Reis Magos \u2014 Melquior, Gaspar e Baltazar \u2014 surgiram s\u00e9culos ap\u00f3s os eventos narrados no Evangelho de Mateus, mas sua integra\u00e7\u00e3o na tradi\u00e7\u00e3o crist\u00e3 enriquece a compreens\u00e3o dessa hist\u00f3ria. Al\u00e9m de sua origem hist\u00f3rica, esses nomes falam de unidade na diversidade, da busca por Deus e da humilde adora\u00e7\u00e3o ao Salvador do mundo.<\/p>\n\n\n\n<p>Na festa da Epifania, enquanto meditamos sobre o mist\u00e9rio dos Magos, somos convidados a seguir seu exemplo: buscar a verdade com perseveran\u00e7a, reconhecer Cristo como Rei, Deus e Redentor, e oferecer o melhor de n\u00f3s mesmos a Ele. Assim como eles, tamb\u00e9m podemos ser testemunhas da luz que transforma o mundo.<\/p>\n","protected":false},"excerpt":{"rendered":"<p>A hist\u00f3ria dos Reis Magos \u00e9 um dos elementos mais fascinantes do relato evang\u00e9lico e da tradi\u00e7\u00e3o crist\u00e3. Todos os anos, sua chegada ao pres\u00e9pio durante a festa da Epifania nos recorda a universalidade da salva\u00e7\u00e3o em Cristo. Mas qual \u00e9 a origem dos nomes Melquior, Gaspar e Baltazar? Quando e onde apareceram pela primeira &hellip;<\/p>\n","protected":false},"author":3,"featured_media":1741,"comment_status":"open","ping_status":"open","sticky":false,"template":"","format":"standard","meta":{"_seopress_robots_primary_cat":"","_seopress_titles_title":"","_seopress_titles_desc":"","_seopress_robots_index":"","footnotes":""},"categories":[66,41],"tags":[404],"class_list":["post-1740","post","type-post","status-publish","format-standard","has-post-thumbnail","","category-cultura-popular-e-catolicismo","category-fe-e-cultura","tag-reis-magos"],"_links":{"self":[{"href":"https:\/\/catholicus.eu\/pt\/wp-json\/wp\/v2\/posts\/1740","targetHints":{"allow":["GET"]}}],"collection":[{"href":"https:\/\/catholicus.eu\/pt\/wp-json\/wp\/v2\/posts"}],"about":[{"href":"https:\/\/catholicus.eu\/pt\/wp-json\/wp\/v2\/types\/post"}],"author":[{"embeddable":true,"href":"https:\/\/catholicus.eu\/pt\/wp-json\/wp\/v2\/users\/3"}],"replies":[{"embeddable":true,"href":"https:\/\/catholicus.eu\/pt\/wp-json\/wp\/v2\/comments?post=1740"}],"version-history":[{"count":1,"href":"https:\/\/catholicus.eu\/pt\/wp-json\/wp\/v2\/posts\/1740\/revisions"}],"predecessor-version":[{"id":1742,"href":"https:\/\/catholicus.eu\/pt\/wp-json\/wp\/v2\/posts\/1740\/revisions\/1742"}],"wp:featuredmedia":[{"embeddable":true,"href":"https:\/\/catholicus.eu\/pt\/wp-json\/wp\/v2\/media\/1741"}],"wp:attachment":[{"href":"https:\/\/catholicus.eu\/pt\/wp-json\/wp\/v2\/media?parent=1740"}],"wp:term":[{"taxonomy":"category","embeddable":true,"href":"https:\/\/catholicus.eu\/pt\/wp-json\/wp\/v2\/categories?post=1740"},{"taxonomy":"post_tag","embeddable":true,"href":"https:\/\/catholicus.eu\/pt\/wp-json\/wp\/v2\/tags?post=1740"}],"curies":[{"name":"wp","href":"https:\/\/api.w.org\/{rel}","templated":true}]}}