{"id":1707,"date":"2025-01-02T22:31:12","date_gmt":"2025-01-02T21:31:12","guid":{"rendered":"https:\/\/catholicus.eu\/pt\/?p=1707"},"modified":"2025-01-02T22:31:13","modified_gmt":"2025-01-02T21:31:13","slug":"a-clausula-filioque-significado-historia-e-relevancia-para-a-fe-crista","status":"publish","type":"post","link":"https:\/\/catholicus.eu\/pt\/a-clausula-filioque-significado-historia-e-relevancia-para-a-fe-crista\/","title":{"rendered":"A Cl\u00e1usula Filioque: Significado, Hist\u00f3ria e Relev\u00e2ncia para a F\u00e9 Crist\u00e3"},"content":{"rendered":"\n<h3 class=\"wp-block-heading\">Introdu\u00e7\u00e3o: Contexto e Relev\u00e2ncia do Filioque<\/h3>\n\n\n\n<p>A cl\u00e1usula <em>Filioque<\/em> (do latim &#8220;e do Filho&#8221;) \u00e9 uma express\u00e3o teol\u00f3gica que desempenhou um papel crucial na hist\u00f3ria do cristianismo, especialmente na teologia trinit\u00e1ria. Sua inclus\u00e3o no Credo Niceno-Constantinopolitano gerou debates teol\u00f3gicos e divis\u00f5es eclesiais, mas tamb\u00e9m oferece uma perspectiva profunda sobre a comunh\u00e3o divina e suas implica\u00e7\u00f5es para a vida crist\u00e3.<\/p>\n\n\n\n<p>O <em>Filioque<\/em> afirma que o Esp\u00edrito Santo procede n\u00e3o apenas do Pai, como declarado no Credo original, mas tamb\u00e9m do Filho. Embora este conceito possa parecer t\u00e9cnico, ele traz implica\u00e7\u00f5es espirituais e teol\u00f3gicas profundas, ajudando-nos a compreender melhor a rela\u00e7\u00e3o dentro da Trindade e, consequentemente, nosso relacionamento com Deus. Neste artigo, exploraremos sua hist\u00f3ria, significado e como esse ensinamento pode nos inspirar a viver nossa f\u00e9 de maneira mais profunda.<\/p>\n\n\n\n<hr class=\"wp-block-separator has-alpha-channel-opacity\"\/>\n\n\n\n<h3 class=\"wp-block-heading\">Hist\u00f3ria e Contexto B\u00edblico do Filioque<\/h3>\n\n\n\n<p>A express\u00e3o <em>Filioque<\/em> tem suas origens no desenvolvimento do dogma crist\u00e3o. O Credo Niceno-Constantinopolitano, formulado nos Conc\u00edlios de Niceia (325) e de Constantinopla (381), originalmente afirmava que o Esp\u00edrito Santo &#8220;procede do Pai&#8221;. Esta declara\u00e7\u00e3o baseia-se em passagens b\u00edblicas como Jo\u00e3o 15:26, onde Jesus diz: &#8220;Quando vier o Consolador, que eu enviarei a voc\u00eas da parte do Pai, o Esp\u00edrito da Verdade, que procede do Pai, ele testificar\u00e1 a meu respeito.&#8221;<\/p>\n\n\n\n<p>No entanto, no s\u00e9culo VI, a Igreja Ocidental come\u00e7ou a adicionar a cl\u00e1usula <em>Filioque<\/em> em algumas regi\u00f5es, afirmando que o Esp\u00edrito Santo procede &#8220;do Pai e do Filho&#8221;. Esta adi\u00e7\u00e3o foi motivada, em parte, pela necessidade de combater a heresia ariana, que negava a plena divindade do Filho. Ao incluir o <em>Filioque<\/em>, os te\u00f3logos ocidentais enfatizavam a igualdade das tr\u00eas Pessoas da Trindade, destacando que o Filho participa plenamente da comunh\u00e3o do Esp\u00edrito.<\/p>\n\n\n\n<p>A controv\u00e9rsia surgiu no s\u00e9culo IX, quando a Igreja Oriental rejeitou esta adi\u00e7\u00e3o, argumentando que constitu\u00eda uma altera\u00e7\u00e3o n\u00e3o autorizada do Credo original e comprometia a doutrina da process\u00e3o \u00fanica do Pai. Este debate contribuiu para a crescente divis\u00e3o entre Oriente e Ocidente, culminando no Grande Cisma de 1054.<\/p>\n\n\n\n<hr class=\"wp-block-separator has-alpha-channel-opacity\"\/>\n\n\n\n<h3 class=\"wp-block-heading\">Significado Teol\u00f3gico do Filioque<\/h3>\n\n\n\n<p>O <em>Filioque<\/em> n\u00e3o \u00e9 apenas uma quest\u00e3o de palavras, mas toca o cora\u00e7\u00e3o da compreens\u00e3o crist\u00e3 da Trindade. Ele afirma que o Esp\u00edrito Santo, como v\u00ednculo de amor entre o Pai e o Filho, n\u00e3o \u00e9 um ser independente, mas procede eternamente de ambos. Isso destaca a unidade e a comunh\u00e3o perfeita dentro da Trindade.<\/p>\n\n\n\n<p>Do ponto de vista espiritual, este ensinamento tem implica\u00e7\u00f5es pr\u00e1ticas. Se o Esp\u00edrito Santo procede do Pai e do Filho, somos chamados a viver um relacionamento de comunh\u00e3o com Deus que reflita essa din\u00e2mica trinit\u00e1ria. Isso significa que nossa f\u00e9 n\u00e3o \u00e9 um esfor\u00e7o solit\u00e1rio, mas uma participa\u00e7\u00e3o na vida divina, caracterizada por amor, unidade e miss\u00e3o compartilhada.<\/p>\n\n\n\n<p>Teologicamente, o <em>Filioque<\/em> ilumina tamb\u00e9m a miss\u00e3o do Esp\u00edrito no mundo. Enviado pelo Pai e pelo Filho, o Esp\u00edrito Santo age para unir a humanidade a Deus. Essa compreens\u00e3o nos convida a ser instrumentos de reconcilia\u00e7\u00e3o e comunh\u00e3o em nossas comunidades, refletindo o amor divino.<\/p>\n\n\n\n<hr class=\"wp-block-separator has-alpha-channel-opacity\"\/>\n\n\n\n<h3 class=\"wp-block-heading\">Aplica\u00e7\u00f5es Pr\u00e1ticas: Vivendo a Comunh\u00e3o Trinit\u00e1ria<\/h3>\n\n\n\n<p>Como podemos integrar o significado do <em>Filioque<\/em> em nossa vida cotidiana? Aqui est\u00e3o algumas reflex\u00f5es pr\u00e1ticas:<\/p>\n\n\n\n<ol class=\"wp-block-list\">\n<li><strong>Promover unidade em nossos relacionamentos<\/strong>: A comunh\u00e3o trinit\u00e1ria \u00e9 um modelo para nossos relacionamentos humanos. Ao nos lembrarmos de que o Esp\u00edrito procede do Pai e do Filho, podemos nos esfor\u00e7ar para construir la\u00e7os de amor e respeito m\u00fatuo em nossas fam\u00edlias, comunidades e locais de trabalho.<\/li>\n\n\n\n<li><strong>Abrir-nos \u00e0 a\u00e7\u00e3o do Esp\u00edrito Santo<\/strong>: O Esp\u00edrito, como v\u00ednculo de amor, nos convida a estarmos abertos \u00e0 sua orienta\u00e7\u00e3o. Isso implica buscar a vontade de Deus atrav\u00e9s da ora\u00e7\u00e3o, do discernimento e da obedi\u00eancia em nossas decis\u00f5es di\u00e1rias.<\/li>\n\n\n\n<li><strong>Ser instrumentos de reconcilia\u00e7\u00e3o<\/strong>: Assim como o Esp\u00edrito Santo une o Pai e o Filho em uma comunh\u00e3o perfeita, somos chamados a ser instrumentos de paz e unidade em um mundo dividido. Isso pode se traduzir em atos concretos de perd\u00e3o, empatia e justi\u00e7a.<\/li>\n\n\n\n<li><strong>Participar da miss\u00e3o da Igreja<\/strong>: O Esp\u00edrito Santo nos impele a sermos testemunhas do Evangelho. Inspirados pelo <em>Filioque<\/em>, podemos reconhecer que nossa miss\u00e3o n\u00e3o \u00e9 individualista, mas uma colabora\u00e7\u00e3o com Cristo e sua Igreja para transformar o mundo.<\/li>\n<\/ol>\n\n\n\n<hr class=\"wp-block-separator has-alpha-channel-opacity\"\/>\n\n\n\n<h3 class=\"wp-block-heading\">Reflex\u00e3o Contempor\u00e2nea: O Filioque e os Desafios Atuais<\/h3>\n\n\n\n<p>Em um mundo marcado por divis\u00f5es, o <em>Filioque<\/em> nos lembra que unidade n\u00e3o significa uniformidade, mas comunh\u00e3o. A process\u00e3o do Esp\u00edrito do Pai e do Filho \u00e9 uma imagem poderosa de como pessoas diferentes podem colaborar para um objetivo comum sem perder sua identidade.<\/p>\n\n\n\n<p>Hoje, os crist\u00e3os enfrentam o desafio de viver sua f\u00e9 em contextos polarizados, sejam sociais, pol\u00edticos ou eclesiais. O <em>Filioque<\/em> nos inspira a superar essas divis\u00f5es, buscando o amor e a verdade e permitindo que o Esp\u00edrito Santo nos guie para uma maior unidade em Cristo.<\/p>\n\n\n\n<p>Al\u00e9m disso, esta doutrina traz uma mensagem de esperan\u00e7a em tempos de crise. Ela nos lembra que o Esp\u00edrito Santo, que procede do Pai e do Filho, continua a agir no mundo, renovando a cria\u00e7\u00e3o e nos guiando para o Reino de Deus. Isso nos d\u00e1 a confian\u00e7a necess\u00e1ria para enfrentar os desafios com f\u00e9 e perseveran\u00e7a.<\/p>\n\n\n\n<hr class=\"wp-block-separator has-alpha-channel-opacity\"\/>\n\n\n\n<h3 class=\"wp-block-heading\">Conclus\u00e3o: Um Convite \u00e0 Comunh\u00e3o<\/h3>\n\n\n\n<p>A cl\u00e1usula <em>Filioque<\/em>, longe de ser um detalhe t\u00e9cnico, \u00e9 uma porta para uma compreens\u00e3o mais profunda da vida trinit\u00e1ria e de nossa voca\u00e7\u00e3o como crist\u00e3os. Ela nos convida a viver em comunh\u00e3o com Deus e com os outros, permitindo que o Esp\u00edrito Santo transforme nossas vidas.<\/p>\n\n\n\n<p>Ao refletirmos sobre o <em>Filioque<\/em>, podemos nos perguntar: Como vivo a unidade e o amor em meus relacionamentos? Estou aberto \u00e0 a\u00e7\u00e3o do Esp\u00edrito em minha vida? Estou disposto a ser um instrumento de reconcilia\u00e7\u00e3o em um mundo que busca paz?<\/p>\n\n\n\n<p>Que este ensinamento nos inspire a nos aproximarmos de Deus e dos outros, refletindo em nossas vidas a perfeita comunh\u00e3o do Pai, do Filho e do Esp\u00edrito Santo. Como escreve S\u00e3o Paulo: &#8220;O amor de Deus foi derramado em nossos cora\u00e7\u00f5es pelo Esp\u00edrito Santo que nos foi dado&#8221; (Romanos 5,5). Vivamos, portanto, como verdadeiras testemunhas deste amor divino.<\/p>\n","protected":false},"excerpt":{"rendered":"<p>Introdu\u00e7\u00e3o: Contexto e Relev\u00e2ncia do Filioque A cl\u00e1usula Filioque (do latim &#8220;e do Filho&#8221;) \u00e9 uma express\u00e3o teol\u00f3gica que desempenhou um papel crucial na hist\u00f3ria do cristianismo, especialmente na teologia trinit\u00e1ria. Sua inclus\u00e3o no Credo Niceno-Constantinopolitano gerou debates teol\u00f3gicos e divis\u00f5es eclesiais, mas tamb\u00e9m oferece uma perspectiva profunda sobre a comunh\u00e3o divina e suas implica\u00e7\u00f5es &hellip;<\/p>\n","protected":false},"author":3,"featured_media":1708,"comment_status":"open","ping_status":"open","sticky":false,"template":"","format":"standard","meta":{"_seopress_robots_primary_cat":"","_seopress_titles_title":"","_seopress_titles_desc":"","_seopress_robots_index":"","footnotes":""},"categories":[44,37],"tags":[397],"class_list":["post-1707","post","type-post","status-publish","format-standard","has-post-thumbnail","","category-dogmas-da-fe","category-doutrina-e-fe","tag-clausula-filioque"],"_links":{"self":[{"href":"https:\/\/catholicus.eu\/pt\/wp-json\/wp\/v2\/posts\/1707","targetHints":{"allow":["GET"]}}],"collection":[{"href":"https:\/\/catholicus.eu\/pt\/wp-json\/wp\/v2\/posts"}],"about":[{"href":"https:\/\/catholicus.eu\/pt\/wp-json\/wp\/v2\/types\/post"}],"author":[{"embeddable":true,"href":"https:\/\/catholicus.eu\/pt\/wp-json\/wp\/v2\/users\/3"}],"replies":[{"embeddable":true,"href":"https:\/\/catholicus.eu\/pt\/wp-json\/wp\/v2\/comments?post=1707"}],"version-history":[{"count":1,"href":"https:\/\/catholicus.eu\/pt\/wp-json\/wp\/v2\/posts\/1707\/revisions"}],"predecessor-version":[{"id":1709,"href":"https:\/\/catholicus.eu\/pt\/wp-json\/wp\/v2\/posts\/1707\/revisions\/1709"}],"wp:featuredmedia":[{"embeddable":true,"href":"https:\/\/catholicus.eu\/pt\/wp-json\/wp\/v2\/media\/1708"}],"wp:attachment":[{"href":"https:\/\/catholicus.eu\/pt\/wp-json\/wp\/v2\/media?parent=1707"}],"wp:term":[{"taxonomy":"category","embeddable":true,"href":"https:\/\/catholicus.eu\/pt\/wp-json\/wp\/v2\/categories?post=1707"},{"taxonomy":"post_tag","embeddable":true,"href":"https:\/\/catholicus.eu\/pt\/wp-json\/wp\/v2\/tags?post=1707"}],"curies":[{"name":"wp","href":"https:\/\/api.w.org\/{rel}","templated":true}]}}