{"id":1704,"date":"2025-01-02T22:08:19","date_gmt":"2025-01-02T21:08:19","guid":{"rendered":"https:\/\/catholicus.eu\/pt\/?p=1704"},"modified":"2025-01-02T22:08:19","modified_gmt":"2025-01-02T21:08:19","slug":"o-que-o-catecismo-diz-sobre-sua-vida-digital","status":"publish","type":"post","link":"https:\/\/catholicus.eu\/pt\/o-que-o-catecismo-diz-sobre-sua-vida-digital\/","title":{"rendered":"O Que o Catecismo Diz Sobre Sua Vida Digital?"},"content":{"rendered":"\n<p>Em uma era dominada por redes sociais, algoritmos e notifica\u00e7\u00f5es incessantes, muitos se perguntam: a Igreja tem algo a dizer sobre nossas vidas digitais? Embora isso possa parecer um tema moderno e distante dos textos cl\u00e1ssicos, o <strong>Catecismo da Igreja Cat\u00f3lica<\/strong> oferece princ\u00edpios que iluminam como enfrentar os desafios \u00e9ticos, espirituais e sociais do mundo digital. Este artigo explora como os ensinamentos da Igreja podem nos ajudar a usar a tecnologia com f\u00e9, equil\u00edbrio e prop\u00f3sito.<\/p>\n\n\n\n<hr class=\"wp-block-separator has-alpha-channel-opacity\"\/>\n\n\n\n<h3 class=\"wp-block-heading\">Vida Digital e o Catecismo: Onde Eles se Encontrem?<\/h3>\n\n\n\n<p>O Catecismo n\u00e3o menciona explicitamente redes sociais, smartphones ou intelig\u00eancia artificial, pois foi publicado em 1992, antes do advento da tecnologia moderna. No entanto, seu objetivo \u00e9 atemporal: ser um guia para viver em comunh\u00e3o com Deus e com os outros, em qualquer circunst\u00e2ncia.<\/p>\n\n\n\n<p>Os princ\u00edpios que ele aborda \u2013 como a dignidade humana, a verdade, a justi\u00e7a e o bem comum \u2013 s\u00e3o totalmente aplic\u00e1veis \u00e0s nossas vidas digitais. Vamos descobrir como.<\/p>\n\n\n\n<hr class=\"wp-block-separator has-alpha-channel-opacity\"\/>\n\n\n\n<h3 class=\"wp-block-heading\">Fundamentos \u00c9ticos do Catecismo Aplicados \u00e0 Tecnologia<\/h3>\n\n\n\n<ol class=\"wp-block-list\">\n<li><strong>A Dignidade da Pessoa Humana<\/strong><br>O Catecismo nos lembra que cada ser humano \u00e9 criado \u00e0 imagem e semelhan\u00e7a de Deus (<em>Gn 1,26-27<\/em>). Isso significa que nossas intera\u00e7\u00f5es digitais devem respeitar essa dignidade intr\u00ednseca, tanto a nossa quanto a dos outros.<strong>Aplica\u00e7\u00f5es pr\u00e1ticas:<\/strong>\n<ul class=\"wp-block-list\">\n<li>Evitar <strong>cyberbullying<\/strong>, desinforma\u00e7\u00e3o e coment\u00e1rios ofensivos.<\/li>\n\n\n\n<li>Promover espa\u00e7os online onde prevale\u00e7am o respeito e a gentileza.<\/li>\n<\/ul>\n<\/li>\n\n\n\n<li><strong>Uso Respons\u00e1vel dos Bens da Cria\u00e7\u00e3o<\/strong><br>A tecnologia \u00e9 um dom de Deus, fruto da intelig\u00eancia humana. Mas, como qualquer bem, deve ser usada de maneira respons\u00e1vel. O Catecismo alerta contra a idolatria e a depend\u00eancia excessiva de bens materiais (<em>CIC 2113<\/em>).<strong>Aplica\u00e7\u00f5es pr\u00e1ticas:<\/strong>\n<ul class=\"wp-block-list\">\n<li>Refletir sobre o tempo gasto online e evitar o <strong>uso excessivo<\/strong> de dispositivos.<\/li>\n\n\n\n<li>Encarar a tecnologia como uma ferramenta, e n\u00e3o como um fim em si mesma.<\/li>\n<\/ul>\n<\/li>\n\n\n\n<li><strong>Verdade e Comunica\u00e7\u00e3o<\/strong><br>Segundo o Catecismo, a verdade \u00e9 essencial para a conviv\u00eancia humana (<em>CIC 2467<\/em>). Em um mundo digital repleto de fake news e manipula\u00e7\u00f5es, os cat\u00f3licos s\u00e3o chamados a ser testemunhas da verdade.<strong>Aplica\u00e7\u00f5es pr\u00e1ticas:<\/strong>\n<ul class=\"wp-block-list\">\n<li>Verificar as fontes antes de compartilhar informa\u00e7\u00f5es.<\/li>\n\n\n\n<li>Participar de discuss\u00f5es online com honestidade e respeito.<\/li>\n<\/ul>\n<\/li>\n<\/ol>\n\n\n\n<hr class=\"wp-block-separator has-alpha-channel-opacity\"\/>\n\n\n\n<h3 class=\"wp-block-heading\">Desafios \u00c9ticos no Mundo Digital<\/h3>\n\n\n\n<ol class=\"wp-block-list\">\n<li><strong>O Perigo do Narcisismo e da Imagem Pessoal<\/strong><br>As redes sociais nos incentivam a criar uma &#8220;marca pessoal&#8221;, a mostrar sempre o nosso melhor lado. Isso pode levar \u00e0 vaidade e a uma necessidade constante de aprova\u00e7\u00e3o, afastando-nos da nossa verdadeira identidade como filhos de Deus (<em>CIC 1701<\/em>).<strong>Dica pr\u00e1tica:<\/strong> Antes de postar algo online, pergunte-se: Isso reflete meu verdadeiro eu? Est\u00e1 alinhado com meus valores crist\u00e3os?<\/li>\n\n\n\n<li><strong>Intimidade e Privacidade<\/strong><br>A exposi\u00e7\u00e3o digital pode comprometer nossa privacidade. O Catecismo enfatiza a import\u00e2ncia de proteger tanto nossa intimidade quanto a dos outros (<em>CIC 2521-2523<\/em>).<strong>Dica pr\u00e1tica:<\/strong> Seja prudente com o que compartilha. Proteja suas informa\u00e7\u00f5es pessoais e respeite as dos outros.<\/li>\n\n\n\n<li><strong>Consumo de Conte\u00fados T\u00f3xicos<\/strong><br>O acesso ilimitado \u00e0 internet tamb\u00e9m traz a tenta\u00e7\u00e3o de consumir conte\u00fados imorais ou que distorcem nossa percep\u00e7\u00e3o da realidade. O Catecismo nos convida a guardar nossos sentidos e nossa mente (<em>CIC 2514-2516<\/em>).<strong>Dica pr\u00e1tica:<\/strong> Use filtros em seus dispositivos e afaste-se conscientemente de conte\u00fados que n\u00e3o elevam o esp\u00edrito.<\/li>\n<\/ol>\n\n\n\n<hr class=\"wp-block-separator has-alpha-channel-opacity\"\/>\n\n\n\n<h3 class=\"wp-block-heading\">A Vida Digital como Espa\u00e7o de Evangeliza\u00e7\u00e3o<\/h3>\n\n\n\n<p>A tecnologia n\u00e3o \u00e9 apenas um desafio; \u00e9 tamb\u00e9m uma oportunidade incr\u00edvel para espalhar o Evangelho. O Papa Francisco nos encoraja a sermos \u201cmission\u00e1rios digitais\u201d, usando as plataformas online para compartilhar uma mensagem de esperan\u00e7a, amor e f\u00e9.<\/p>\n\n\n\n<ol class=\"wp-block-list\">\n<li><strong>Criar conte\u00fado edificante:<\/strong> Compartilhe mensagens que inspirem, eduquem ou encorajem os outros a buscar a Deus.<\/li>\n\n\n\n<li><strong>Participar de comunidades digitais:<\/strong> Existem f\u00f3runs, grupos e plataformas cat\u00f3licas onde voc\u00ea pode crescer na f\u00e9 e acompanhar outros em suas jornadas espirituais.<\/li>\n\n\n\n<li><strong>Ser uma testemunha aut\u00eantica:<\/strong> Viva sua f\u00e9 com coer\u00eancia, tanto na vida real quanto online.<\/li>\n<\/ol>\n\n\n\n<hr class=\"wp-block-separator has-alpha-channel-opacity\"\/>\n\n\n\n<h3 class=\"wp-block-heading\">Como Aplicar os Princ\u00edpios do Catecismo \u00e0 Sua Vida Digital<\/h3>\n\n\n\n<ol class=\"wp-block-list\">\n<li><strong>Discernimento di\u00e1rio:<\/strong> Antes de usar seus dispositivos, pergunte-se: Qual \u00e9 o prop\u00f3sito do meu tempo online hoje?<\/li>\n\n\n\n<li><strong>Desenvolver o h\u00e1bito de desconex\u00e3o:<\/strong> Dedique momentos ao sil\u00eancio e \u00e0 ora\u00e7\u00e3o longe da tecnologia.<\/li>\n\n\n\n<li><strong>Comprometer-se com o bem comum:<\/strong> Use suas plataformas para promover paz, justi\u00e7a e respeito.<\/li>\n<\/ol>\n\n\n\n<hr class=\"wp-block-separator has-alpha-channel-opacity\"\/>\n\n\n\n<h3 class=\"wp-block-heading\">Conclus\u00e3o: Viver a F\u00e9 em um Mundo Conectado<\/h3>\n\n\n\n<p>O Catecismo da Igreja Cat\u00f3lica n\u00e3o \u00e9 um texto ultrapassado; \u00e9 um guia repleto de sabedoria para enfrentar at\u00e9 mesmo os desafios mais modernos. Em nossas vidas digitais, somos chamados a ser testemunhas de Cristo, vivendo com integridade, amor e um profundo compromisso com a verdade e o bem comum.<\/p>\n\n\n\n<p>Que o uso da tecnologia se torne uma oportunidade para crescer na f\u00e9 e nos aproximar dos outros, transformando o mundo digital em um espa\u00e7o de encontro com Deus.<\/p>\n","protected":false},"excerpt":{"rendered":"<p>Em uma era dominada por redes sociais, algoritmos e notifica\u00e7\u00f5es incessantes, muitos se perguntam: a Igreja tem algo a dizer sobre nossas vidas digitais? Embora isso possa parecer um tema moderno e distante dos textos cl\u00e1ssicos, o Catecismo da Igreja Cat\u00f3lica oferece princ\u00edpios que iluminam como enfrentar os desafios \u00e9ticos, espirituais e sociais do mundo &hellip;<\/p>\n","protected":false},"author":3,"featured_media":1705,"comment_status":"open","ping_status":"open","sticky":false,"template":"","format":"standard","meta":{"_seopress_robots_primary_cat":"","_seopress_titles_title":"","_seopress_titles_desc":"","_seopress_robots_index":"","footnotes":""},"categories":[43,37],"tags":[178,396],"class_list":["post-1704","post","type-post","status-publish","format-standard","has-post-thumbnail","","category-catecismo-da-igreja-catolica","category-doutrina-e-fe","tag-catecismo","tag-vida-digital"],"_links":{"self":[{"href":"https:\/\/catholicus.eu\/pt\/wp-json\/wp\/v2\/posts\/1704","targetHints":{"allow":["GET"]}}],"collection":[{"href":"https:\/\/catholicus.eu\/pt\/wp-json\/wp\/v2\/posts"}],"about":[{"href":"https:\/\/catholicus.eu\/pt\/wp-json\/wp\/v2\/types\/post"}],"author":[{"embeddable":true,"href":"https:\/\/catholicus.eu\/pt\/wp-json\/wp\/v2\/users\/3"}],"replies":[{"embeddable":true,"href":"https:\/\/catholicus.eu\/pt\/wp-json\/wp\/v2\/comments?post=1704"}],"version-history":[{"count":1,"href":"https:\/\/catholicus.eu\/pt\/wp-json\/wp\/v2\/posts\/1704\/revisions"}],"predecessor-version":[{"id":1706,"href":"https:\/\/catholicus.eu\/pt\/wp-json\/wp\/v2\/posts\/1704\/revisions\/1706"}],"wp:featuredmedia":[{"embeddable":true,"href":"https:\/\/catholicus.eu\/pt\/wp-json\/wp\/v2\/media\/1705"}],"wp:attachment":[{"href":"https:\/\/catholicus.eu\/pt\/wp-json\/wp\/v2\/media?parent=1704"}],"wp:term":[{"taxonomy":"category","embeddable":true,"href":"https:\/\/catholicus.eu\/pt\/wp-json\/wp\/v2\/categories?post=1704"},{"taxonomy":"post_tag","embeddable":true,"href":"https:\/\/catholicus.eu\/pt\/wp-json\/wp\/v2\/tags?post=1704"}],"curies":[{"name":"wp","href":"https:\/\/api.w.org\/{rel}","templated":true}]}}