{"id":1698,"date":"2025-01-01T20:26:25","date_gmt":"2025-01-01T19:26:25","guid":{"rendered":"https:\/\/catholicus.eu\/pt\/?p=1698"},"modified":"2025-01-01T20:26:25","modified_gmt":"2025-01-01T19:26:25","slug":"7-chaves-do-catecismo-que-vao-transformar-a-sua-visao-de-mundo","status":"publish","type":"post","link":"https:\/\/catholicus.eu\/pt\/7-chaves-do-catecismo-que-vao-transformar-a-sua-visao-de-mundo\/","title":{"rendered":"7 Chaves do Catecismo que V\u00e3o Transformar a Sua Vis\u00e3o de Mundo"},"content":{"rendered":"\n<p>O Catecismo da Igreja Cat\u00f3lica \u00e9 muito mais do que um livro de doutrina. \u00c9 um guia espiritual que nos convida a mergulhar no mist\u00e9rio de Deus, compreender a nossa f\u00e9 e viv\u00ea-la de forma aut\u00eantica. Em suas p\u00e1ginas, encontram-se p\u00e9rolas de sabedoria capazes de transformar a maneira como enxergamos o mundo e o nosso lugar nele. Aqui apresento sete chaves essenciais que, se meditadas e aplicadas, mudar\u00e3o a sua perspectiva de vida e te conduzir\u00e3o a uma exist\u00eancia mais profunda e enraizada no Evangelho.<\/p>\n\n\n\n<hr class=\"wp-block-separator has-alpha-channel-opacity\"\/>\n\n\n\n<h3 class=\"wp-block-heading\">1. <strong>Deus \u00e9 Amor (CIC 221)<\/strong><\/h3>\n\n\n\n<p>O Catecismo nos recorda que a ess\u00eancia de Deus \u00e9 o amor \u2013 n\u00e3o um amor abstrato ou distante, mas um amor pr\u00f3ximo, concreto e pessoal. Isso significa que tudo o que existe, incluindo a nossa vida, tem sua origem e destino nesse amor infinito.<\/p>\n\n\n\n<p><strong>Relev\u00e2ncia hoje:<\/strong> Em um mundo onde frequentemente nos sentimos insuficientes ou n\u00e3o amados, essa verdade \u00e9 revolucion\u00e1ria. Saber que somos amados incondicionalmente por Deus pode transformar a nossa vis\u00e3o sobre n\u00f3s mesmos e sobre o pr\u00f3ximo.<\/p>\n\n\n\n<p><strong>Aplica\u00e7\u00e3o pr\u00e1tica:<\/strong> Reserve alguns minutos di\u00e1rios para refletir sobre essa realidade em ora\u00e7\u00e3o. Aceite que voc\u00ea \u00e9 amado como \u00e9 e compartilhe esse amor com os outros por meio de gestos concretos de bondade e compaix\u00e3o.<\/p>\n\n\n\n<hr class=\"wp-block-separator has-alpha-channel-opacity\"\/>\n\n\n\n<h3 class=\"wp-block-heading\">2. <strong>O Ser Humano \u00e9 Chamado \u00e0 Felicidade (CIC 1716)<\/strong><\/h3>\n\n\n\n<p>A f\u00e9 \u00e9 muitas vezes vista como um conjunto de regras que limitam a nossa liberdade. No entanto, o Catecismo ensina que essas regras existem para nos guiar rumo \u00e0 verdadeira felicidade: a plena comunh\u00e3o com Deus.<\/p>\n\n\n\n<p><strong>Relev\u00e2ncia hoje:<\/strong> Em uma sociedade que busca a felicidade no sucesso, no consumo ou na aprova\u00e7\u00e3o dos outros, essa chave nos convida a direcionar a nossa busca para aquilo que realmente satisfaz o cora\u00e7\u00e3o humano.<\/p>\n\n\n\n<p><strong>Aplica\u00e7\u00e3o pr\u00e1tica:<\/strong> Reflita sobre suas prioridades. Voc\u00ea tem buscado a felicidade em coisas passageiras? Dedique tempo a atividades que nutram o seu esp\u00edrito, como a ora\u00e7\u00e3o, o servi\u00e7o ao pr\u00f3ximo ou a leitura espiritual.<\/p>\n\n\n\n<hr class=\"wp-block-separator has-alpha-channel-opacity\"\/>\n\n\n\n<h3 class=\"wp-block-heading\">3. <strong>A Dignidade Inalien\u00e1vel de Cada Pessoa (CIC 1700)<\/strong><\/h3>\n\n\n\n<p>O Catecismo afirma que cada ser humano foi criado \u00e0 imagem e semelhan\u00e7a de Deus, o que confere a cada vida uma dignidade infinita. Essa verdade nos chama a respeitar, proteger e promover a vida em todas as suas formas.<\/p>\n\n\n\n<p><strong>Relev\u00e2ncia hoje:<\/strong> Em uma \u00e9poca marcada por divis\u00f5es, desigualdades e desprezo pela vida, essa chave nos desafia a construir uma cultura de encontro e dignidade.<\/p>\n\n\n\n<p><strong>Aplica\u00e7\u00e3o pr\u00e1tica:<\/strong> Examine suas atitudes em rela\u00e7\u00e3o aos outros, especialmente aqueles que s\u00e3o diferentes de voc\u00ea. Como voc\u00ea pode agir com mais respeito e empatia em suas intera\u00e7\u00f5es di\u00e1rias?<\/p>\n\n\n\n<hr class=\"wp-block-separator has-alpha-channel-opacity\"\/>\n\n\n\n<h3 class=\"wp-block-heading\">4. <strong>A F\u00e9 N\u00e3o \u00e9 Apenas Individual, mas Comunit\u00e1ria (CIC 751-752)<\/strong><\/h3>\n\n\n\n<p>Ser crist\u00e3o n\u00e3o \u00e9 um caminho solit\u00e1rio. A Igreja \u00e9 o Corpo de Cristo e, como tal, somos chamados a viver a nossa f\u00e9 em comunidade, apoiando-nos mutuamente e testemunhando Cristo no mundo.<\/p>\n\n\n\n<p><strong>Relev\u00e2ncia hoje:<\/strong> O individualismo extremo da nossa \u00e9poca pode nos fazer esquecer a import\u00e2ncia da comunidade. Redescobrir o sentimento de perten\u00e7a \u00e0 Igreja pode renovar a nossa f\u00e9 e fortalecer os nossos la\u00e7os com os outros.<\/p>\n\n\n\n<p><strong>Aplica\u00e7\u00e3o pr\u00e1tica:<\/strong> Participe ativamente da sua par\u00f3quia ou de um grupo pastoral. Procure formas de colaborar na miss\u00e3o da Igreja, seja em atividades lit\u00fargicas, caritativas ou formativas.<\/p>\n\n\n\n<hr class=\"wp-block-separator has-alpha-channel-opacity\"\/>\n\n\n\n<h3 class=\"wp-block-heading\">5. <strong>A Centralidade da Eucaristia (CIC 1324)<\/strong><\/h3>\n\n\n\n<p>A Eucaristia \u00e9 a \u201cfonte e \u00e1pice de toda a vida crist\u00e3\u201d. \u00c9 o encontro mais profundo com Cristo, que se faz presente para nos alimentar e transformar.<\/p>\n\n\n\n<p><strong>Relev\u00e2ncia hoje:<\/strong> Em um mundo onde frequentemente nos sentimos vazios ou desconectados, a Eucaristia nos oferece uma comunh\u00e3o viva com o amor de Deus.<\/p>\n\n\n\n<p><strong>Aplica\u00e7\u00e3o pr\u00e1tica:<\/strong> Fa\u00e7a da missa dominical uma prioridade inegoci\u00e1vel na sua vida. Se poss\u00edvel, participe tamb\u00e9m durante a semana e dedique tempo \u00e0 adora\u00e7\u00e3o eucar\u00edstica.<\/p>\n\n\n\n<hr class=\"wp-block-separator has-alpha-channel-opacity\"\/>\n\n\n\n<h3 class=\"wp-block-heading\">6. <strong>A Moral Crist\u00e3 \u00e9 uma Resposta de Amor (CIC 1950)<\/strong><\/h3>\n\n\n\n<p>A moralidade n\u00e3o consiste em seguir regras por obriga\u00e7\u00e3o, mas em responder com amor ao amor que recebemos. O Catecismo ensina que os mandamentos s\u00e3o um caminho para a liberdade e a plenitude.<\/p>\n\n\n\n<p><strong>Relev\u00e2ncia hoje:<\/strong> Em uma \u00e9poca que valoriza a autonomia, essa perspectiva nos convida a enxergar a obedi\u00eancia n\u00e3o como um peso, mas como uma express\u00e3o de confian\u00e7a em Deus.<\/p>\n\n\n\n<p><strong>Aplica\u00e7\u00e3o pr\u00e1tica:<\/strong> Reflita sobre sua vida moral e pergunte-se: Eu obede\u00e7o por medo ou por amor? Procure renovar o seu relacionamento com os mandamentos a partir dessa perspectiva de amor.<\/p>\n\n\n\n<hr class=\"wp-block-separator has-alpha-channel-opacity\"\/>\n\n\n\n<h3 class=\"wp-block-heading\">7. <strong>A Esperan\u00e7a da Vida Eterna (CIC 1024)<\/strong><\/h3>\n\n\n\n<p>A promessa da vida eterna nos lembra que a nossa exist\u00eancia n\u00e3o termina aqui. O Catecismo descreve o c\u00e9u como a comunh\u00e3o perfeita com Deus, onde todos os nossos desejos ser\u00e3o plenamente realizados.<\/p>\n\n\n\n<p><strong>Relev\u00e2ncia hoje:<\/strong> Diante das incertezas e sofrimentos do mundo, essa esperan\u00e7a nos d\u00e1 for\u00e7a para perseverar e viver com prop\u00f3sito.<\/p>\n\n\n\n<p><strong>Aplica\u00e7\u00e3o pr\u00e1tica:<\/strong> Cultive a esperan\u00e7a em seu cora\u00e7\u00e3o, lembrando-se de que o nosso destino final \u00e9 estar com Deus. Reze pelos falecidos e confie na miseric\u00f3rdia divina.<\/p>\n\n\n\n<hr class=\"wp-block-separator has-alpha-channel-opacity\"\/>\n\n\n\n<h3 class=\"wp-block-heading\">Conclus\u00e3o<\/h3>\n\n\n\n<p>O Catecismo da Igreja Cat\u00f3lica n\u00e3o \u00e9 apenas um livro para estudiosos ou l\u00edderes religiosos. \u00c9 um guia pr\u00e1tico para viver uma vida plena, enraizada no amor de Deus e orientada para a eternidade. Essas sete chaves s\u00e3o um ponto de partida para descobrir a riqueza da nossa f\u00e9 e aplic\u00e1-la no dia a dia. Que o Esp\u00edrito Santo ilumine o seu caminho enquanto voc\u00ea mergulha nesse tesouro de sabedoria. Tenha coragem de permitir que o Catecismo transforme a sua vida!<\/p>\n","protected":false},"excerpt":{"rendered":"<p>O Catecismo da Igreja Cat\u00f3lica \u00e9 muito mais do que um livro de doutrina. \u00c9 um guia espiritual que nos convida a mergulhar no mist\u00e9rio de Deus, compreender a nossa f\u00e9 e viv\u00ea-la de forma aut\u00eantica. Em suas p\u00e1ginas, encontram-se p\u00e9rolas de sabedoria capazes de transformar a maneira como enxergamos o mundo e o nosso &hellip;<\/p>\n","protected":false},"author":3,"featured_media":1699,"comment_status":"open","ping_status":"open","sticky":false,"template":"","format":"standard","meta":{"_seopress_robots_primary_cat":"","_seopress_titles_title":"","_seopress_titles_desc":"","_seopress_robots_index":"","footnotes":""},"categories":[43,37],"tags":[178],"class_list":["post-1698","post","type-post","status-publish","format-standard","has-post-thumbnail","","category-catecismo-da-igreja-catolica","category-doutrina-e-fe","tag-catecismo"],"_links":{"self":[{"href":"https:\/\/catholicus.eu\/pt\/wp-json\/wp\/v2\/posts\/1698","targetHints":{"allow":["GET"]}}],"collection":[{"href":"https:\/\/catholicus.eu\/pt\/wp-json\/wp\/v2\/posts"}],"about":[{"href":"https:\/\/catholicus.eu\/pt\/wp-json\/wp\/v2\/types\/post"}],"author":[{"embeddable":true,"href":"https:\/\/catholicus.eu\/pt\/wp-json\/wp\/v2\/users\/3"}],"replies":[{"embeddable":true,"href":"https:\/\/catholicus.eu\/pt\/wp-json\/wp\/v2\/comments?post=1698"}],"version-history":[{"count":1,"href":"https:\/\/catholicus.eu\/pt\/wp-json\/wp\/v2\/posts\/1698\/revisions"}],"predecessor-version":[{"id":1700,"href":"https:\/\/catholicus.eu\/pt\/wp-json\/wp\/v2\/posts\/1698\/revisions\/1700"}],"wp:featuredmedia":[{"embeddable":true,"href":"https:\/\/catholicus.eu\/pt\/wp-json\/wp\/v2\/media\/1699"}],"wp:attachment":[{"href":"https:\/\/catholicus.eu\/pt\/wp-json\/wp\/v2\/media?parent=1698"}],"wp:term":[{"taxonomy":"category","embeddable":true,"href":"https:\/\/catholicus.eu\/pt\/wp-json\/wp\/v2\/categories?post=1698"},{"taxonomy":"post_tag","embeddable":true,"href":"https:\/\/catholicus.eu\/pt\/wp-json\/wp\/v2\/tags?post=1698"}],"curies":[{"name":"wp","href":"https:\/\/api.w.org\/{rel}","templated":true}]}}