{"id":1646,"date":"2024-12-14T00:27:53","date_gmt":"2024-12-13T23:27:53","guid":{"rendered":"https:\/\/catholicus.eu\/pt\/?p=1646"},"modified":"2024-12-14T00:34:46","modified_gmt":"2024-12-13T23:34:46","slug":"pater-noster","status":"publish","type":"post","link":"https:\/\/catholicus.eu\/pt\/pater-noster\/","title":{"rendered":"Pater noster."},"content":{"rendered":"\n<h3 class=\"wp-block-heading\">1. <strong>Pater Noster, qui es in caelis<\/strong><\/h3>\n\n\n\n<ul class=\"wp-block-list\">\n<li><strong>Grego:<\/strong> \u03a0\u03b1\u03c4\u1f74\u03c1 \u1f21\u03bc\u1ff6\u03bd, \u1f41 \u1f10\u03bd \u03c4\u03bf\u1fd6\u03c2 \u03bf\u1f50\u03c1\u03b1\u03bd\u03bf\u1fd6\u03c2<br><strong>Tradu\u00e7\u00e3o:<\/strong> Pai nosso, que est\u00e1s nos c\u00e9us.<br><strong>Significado:<\/strong><br>Esta invoca\u00e7\u00e3o inicial estabelece uma rela\u00e7\u00e3o \u00edntima e filial com Deus, chamando-o de &#8220;Pai&#8221;. Em latim, <strong>Pater<\/strong> expressa tanto autoridade quanto ternura. Em grego, <strong>\u03a0\u03b1\u03c4\u1f74\u03c1<\/strong> transmite esta proximidade paternal. Ao mencionar que Deus est\u00e1 &#8220;nos c\u00e9us&#8221; (<strong>caelis<\/strong>, <strong>\u03c4\u03bf\u1fd6\u03c2 \u03bf\u1f50\u03c1\u03b1\u03bd\u03bf\u1fd6\u03c2<\/strong>), reconhece-se a sua transcend\u00eancia, n\u00e3o como uma dist\u00e2ncia f\u00edsica, mas como sua majestade divina e onipresen\u00e7a.<\/li>\n<\/ul>\n\n\n\n<hr class=\"wp-block-separator has-alpha-channel-opacity\"\/>\n\n\n\n<h3 class=\"wp-block-heading\">2. <strong>Sanctificetur nomen tuum<\/strong><\/h3>\n\n\n\n<ul class=\"wp-block-list\">\n<li><strong>Grego:<\/strong> \u1f09\u03b3\u03b9\u03b1\u03c3\u03b8\u03ae\u03c4\u03c9 \u03c4\u1f78 \u1f44\u03bd\u03bf\u03bc\u03ac \u03c3\u03bf\u03c5<br><strong>Tradu\u00e7\u00e3o:<\/strong> Santificado seja o teu nome.<br><strong>Significado:<\/strong><br>Esta frase expressa o desejo de que o nome de Deus seja reconhecido, honrado e glorificado como santo. Em latim, <strong>sanctificetur<\/strong> \u00e9 um subjuntivo passivo, indicando o desejo de que a humanidade participe desta santifica\u00e7\u00e3o. Em grego, o verbo <strong>\u1f09\u03b3\u03b9\u03b1\u03c3\u03b8\u03ae\u03c4\u03c9<\/strong> possui a mesma for\u00e7a, significando que a santidade de Deus deve ser refletida no mundo.<\/li>\n<\/ul>\n\n\n\n<hr class=\"wp-block-separator has-alpha-channel-opacity\"\/>\n\n\n\n<h3 class=\"wp-block-heading\">3. <strong>Adveniat regnum tuum<\/strong><\/h3>\n\n\n\n<ul class=\"wp-block-list\">\n<li><strong>Grego:<\/strong> \u1f18\u03bb\u03b8\u03ad\u03c4\u03c9 \u1f21 \u03b2\u03b1\u03c3\u03b9\u03bb\u03b5\u03af\u03b1 \u03c3\u03bf\u03c5<br><strong>Tradu\u00e7\u00e3o:<\/strong> Venha o teu reino.<br><strong>Significado:<\/strong><br>Este pedido clama para que o Reino de Deus, entendido como sua soberania e justi\u00e7a, se manifeste plenamente no mundo. Em latim, <strong>adveniat<\/strong> evoca a chegada ativa deste Reino, enquanto em grego <strong>\u1f18\u03bb\u03b8\u03ad\u03c4\u03c9<\/strong> implica um apelo urgente pela interven\u00e7\u00e3o divina na hist\u00f3ria humana.<\/li>\n<\/ul>\n\n\n\n<hr class=\"wp-block-separator has-alpha-channel-opacity\"\/>\n\n\n\n<h3 class=\"wp-block-heading\">4. <strong>Fiat voluntas tua, sicut in caelo et in terra<\/strong><\/h3>\n\n\n\n<ul class=\"wp-block-list\">\n<li><strong>Grego:<\/strong> \u0393\u03b5\u03bd\u03b7\u03b8\u03ae\u03c4\u03c9 \u03c4\u1f78 \u03b8\u03ad\u03bb\u03b7\u03bc\u03ac \u03c3\u03bf\u03c5, \u1f61\u03c2 \u1f10\u03bd \u03bf\u1f50\u03c1\u03b1\u03bd\u1ff7 \u03ba\u03b1\u1f76 \u1f10\u03c0\u1f76 \u03b3\u1fc6\u03c2<br><strong>Tradu\u00e7\u00e3o:<\/strong> Seja feita a tua vontade, assim na terra como no c\u00e9u.<br><strong>Significado:<\/strong><br>Esta frase submete a vontade humana \u00e0 divina, reconhecendo que a obedi\u00eancia a Deus traz a verdadeira paz e harmonia. Em latim, <strong>fiat<\/strong> \u00e9 um verbo forte que implica um comando divino, enquanto em grego <strong>\u0393\u03b5\u03bd\u03b7\u03b8\u03ae\u03c4\u03c9<\/strong> enfatiza a a\u00e7\u00e3o de permitir que a vontade de Deus se cumpra ativamente em todas as \u00e1reas.<\/li>\n<\/ul>\n\n\n\n<hr class=\"wp-block-separator has-alpha-channel-opacity\"\/>\n\n\n\n<h3 class=\"wp-block-heading\">5. <strong>Panem nostrum quotidianum da nobis hodie<\/strong><\/h3>\n\n\n\n<ul class=\"wp-block-list\">\n<li><strong>Grego:<\/strong> \u03a4\u1f78\u03bd \u1f04\u03c1\u03c4\u03bf\u03bd \u1f21\u03bc\u1ff6\u03bd \u03c4\u1f78\u03bd \u1f10\u03c0\u03b9\u03bf\u03cd\u03c3\u03b9\u03bf\u03bd \u03b4\u1f78\u03c2 \u1f21\u03bc\u1fd6\u03bd \u03c3\u03ae\u03bc\u03b5\u03c1\u03bf\u03bd<br><strong>Tradu\u00e7\u00e3o:<\/strong> D\u00e1-nos hoje o nosso p\u00e3o de cada dia.<br><strong>Significado:<\/strong><br>Este pedido reconhece Deus como o provedor de todas as nossas necessidades, tanto materiais quanto espirituais. Em latim, <strong>quotidianum<\/strong> refere-se ao p\u00e3o di\u00e1rio, enquanto em grego o termo <strong>\u1f10\u03c0\u03b9\u03bf\u03cd\u03c3\u03b9\u03bf\u03bd<\/strong> (traduzido como &#8220;supersubstancial&#8221;) pode tamb\u00e9m referir-se ao alimento espiritual, como a Eucaristia.<\/li>\n<\/ul>\n\n\n\n<hr class=\"wp-block-separator has-alpha-channel-opacity\"\/>\n\n\n\n<h3 class=\"wp-block-heading\">6. <strong>Et dimitte nobis debita nostra, sicut et nos dimittimus debitoribus nostris<\/strong><\/h3>\n\n\n\n<ul class=\"wp-block-list\">\n<li><strong>Grego:<\/strong> \u039a\u03b1\u1f76 \u1f04\u03c6\u03b5\u03c2 \u1f21\u03bc\u1fd6\u03bd \u03c4\u1f70 \u1f40\u03c6\u03b5\u03b9\u03bb\u03ae\u03bc\u03b1\u03c4\u03b1 \u1f21\u03bc\u1ff6\u03bd, \u1f61\u03c2 \u03ba\u03b1\u1f76 \u1f21\u03bc\u03b5\u1fd6\u03c2 \u1f00\u03c6\u03af\u03b5\u03bc\u03b5\u03bd \u03c4\u03bf\u1fd6\u03c2 \u1f40\u03c6\u03b5\u03b9\u03bb\u03ad\u03c4\u03b1\u03b9\u03c2 \u1f21\u03bc\u1ff6\u03bd<br><strong>Tradu\u00e7\u00e3o:<\/strong> Perdoa as nossas d\u00edvidas, assim como n\u00f3s perdoamos aos nossos devedores.<br><strong>Significado:<\/strong><br>Este vers\u00edculo enfatiza a liga\u00e7\u00e3o entre o perd\u00e3o divino e o humano. Em latim, <strong>debita<\/strong> refere-se a d\u00edvidas morais e espirituais. Em grego, <strong>\u1f40\u03c6\u03b5\u03b9\u03bb\u03ae\u03bc\u03b1\u03c4\u03b1<\/strong> tem significado semelhante, mas pode tamb\u00e9m indicar ofensas. Este pedido nos convida a imitar a miseric\u00f3rdia de Deus em nossas rela\u00e7\u00f5es com os outros.<\/li>\n<\/ul>\n\n\n\n<hr class=\"wp-block-separator has-alpha-channel-opacity\"\/>\n\n\n\n<h3 class=\"wp-block-heading\">7. <strong>Et ne nos inducas in tentationem<\/strong><\/h3>\n\n\n\n<ul class=\"wp-block-list\">\n<li><strong>Grego:<\/strong> \u039a\u03b1\u1f76 \u03bc\u1f74 \u03b5\u1f30\u03c3\u03b5\u03bd\u03ad\u03b3\u03ba\u1fc3\u03c2 \u1f21\u03bc\u1fb6\u03c2 \u03b5\u1f30\u03c2 \u03c0\u03b5\u03b9\u03c1\u03b1\u03c3\u03bc\u03cc\u03bd<br><strong>Tradu\u00e7\u00e3o:<\/strong> E n\u00e3o nos deixes cair em tenta\u00e7\u00e3o.<br><strong>Significado:<\/strong><br>Esta ora\u00e7\u00e3o pede a Deus que n\u00e3o permita que sucumbamos \u00e0s prova\u00e7\u00f5es que possam nos afastar Dele. Em latim e grego (<strong>inducas<\/strong>, <strong>\u03b5\u1f30\u03c3\u03b5\u03bd\u03ad\u03b3\u03ba\u1fc3\u03c2<\/strong>), destaca-se a fun\u00e7\u00e3o protetora divina contra o mal.<\/li>\n<\/ul>\n\n\n\n<hr class=\"wp-block-separator has-alpha-channel-opacity\"\/>\n\n\n\n<h3 class=\"wp-block-heading\">8. <strong>Sed libera nos a malo<\/strong><\/h3>\n\n\n\n<ul class=\"wp-block-list\">\n<li><strong>Grego:<\/strong> \u1f08\u03bb\u03bb\u1f70 \u1fe5\u1fe6\u03c3\u03b1\u03b9 \u1f21\u03bc\u1fb6\u03c2 \u1f00\u03c0\u1f78 \u03c4\u03bf\u1fe6 \u03c0\u03bf\u03bd\u03b7\u03c1\u03bf\u1fe6<br><strong>Tradu\u00e7\u00e3o:<\/strong> Mas livra-nos do mal.<br><strong>Significado:<\/strong><br>A ora\u00e7\u00e3o termina com o pedido de liberta\u00e7\u00e3o do mal, que em grego (<strong>\u03c0\u03bf\u03bd\u03b7\u03c1\u03bf\u1fe6<\/strong>) pode significar tanto o mal em geral quanto o Maligno (Satan\u00e1s). Em latim, <strong>libera<\/strong> enfatiza a a\u00e7\u00e3o salvadora de Deus, que nos liberta do poder do mal e nos conduz \u00e0 reden\u00e7\u00e3o.<\/li>\n<\/ul>\n\n\n\n<hr class=\"wp-block-separator has-alpha-channel-opacity\"\/>\n\n\n\n<p>Esta an\u00e1lise revela a profundidade do <strong>Pai Nosso<\/strong>, mostrando como ele engloba toda a vida crist\u00e3: adora\u00e7\u00e3o, s\u00faplica, penit\u00eancia e esperan\u00e7a.<\/p>\n\n\n<div class=\"wp-block-image\">\n<figure class=\"aligncenter size-full\"><img loading=\"lazy\" decoding=\"async\" width=\"488\" height=\"608\" src=\"https:\/\/catholicus.eu\/pt\/wp-content\/uploads\/sites\/6\/2024\/12\/pater_noster.jpg\" alt=\"\" class=\"wp-image-1650\" srcset=\"https:\/\/catholicus.eu\/pt\/wp-content\/uploads\/sites\/6\/2024\/12\/pater_noster.jpg 488w, https:\/\/catholicus.eu\/pt\/wp-content\/uploads\/sites\/6\/2024\/12\/pater_noster-241x300.jpg 241w\" sizes=\"auto, (max-width: 488px) 100vw, 488px\" \/><\/figure>\n<\/div>","protected":false},"excerpt":{"rendered":"<p>1. Pater Noster, qui es in caelis Grego: \u03a0\u03b1\u03c4\u1f74\u03c1 \u1f21\u03bc\u1ff6\u03bd, \u1f41 \u1f10\u03bd \u03c4\u03bf\u1fd6\u03c2 \u03bf\u1f50\u03c1\u03b1\u03bd\u03bf\u1fd6\u03c2Tradu\u00e7\u00e3o: Pai nosso, que est\u00e1s nos c\u00e9us.Significado:Esta invoca\u00e7\u00e3o inicial estabelece uma rela\u00e7\u00e3o \u00edntima e filial com Deus, chamando-o de &#8220;Pai&#8221;. Em latim, Pater expressa tanto autoridade quanto ternura. Em grego, \u03a0\u03b1\u03c4\u1f74\u03c1 transmite esta proximidade paternal. Ao mencionar que Deus est\u00e1 &#8220;nos c\u00e9us&#8221; &hellip;<\/p>\n","protected":false},"author":3,"featured_media":1647,"comment_status":"open","ping_status":"open","sticky":false,"template":"","format":"standard","meta":{"_seopress_robots_primary_cat":"","_seopress_titles_title":"","_seopress_titles_desc":"","_seopress_robots_index":"","footnotes":""},"categories":[40,58],"tags":[378],"class_list":["post-1646","post","type-post","status-publish","format-standard","has-post-thumbnail","","category-oracao-e-espiritualidade","category-oracao-e-vida-espiritual","tag-pater-noster"],"_links":{"self":[{"href":"https:\/\/catholicus.eu\/pt\/wp-json\/wp\/v2\/posts\/1646","targetHints":{"allow":["GET"]}}],"collection":[{"href":"https:\/\/catholicus.eu\/pt\/wp-json\/wp\/v2\/posts"}],"about":[{"href":"https:\/\/catholicus.eu\/pt\/wp-json\/wp\/v2\/types\/post"}],"author":[{"embeddable":true,"href":"https:\/\/catholicus.eu\/pt\/wp-json\/wp\/v2\/users\/3"}],"replies":[{"embeddable":true,"href":"https:\/\/catholicus.eu\/pt\/wp-json\/wp\/v2\/comments?post=1646"}],"version-history":[{"count":2,"href":"https:\/\/catholicus.eu\/pt\/wp-json\/wp\/v2\/posts\/1646\/revisions"}],"predecessor-version":[{"id":1651,"href":"https:\/\/catholicus.eu\/pt\/wp-json\/wp\/v2\/posts\/1646\/revisions\/1651"}],"wp:featuredmedia":[{"embeddable":true,"href":"https:\/\/catholicus.eu\/pt\/wp-json\/wp\/v2\/media\/1647"}],"wp:attachment":[{"href":"https:\/\/catholicus.eu\/pt\/wp-json\/wp\/v2\/media?parent=1646"}],"wp:term":[{"taxonomy":"category","embeddable":true,"href":"https:\/\/catholicus.eu\/pt\/wp-json\/wp\/v2\/categories?post=1646"},{"taxonomy":"post_tag","embeddable":true,"href":"https:\/\/catholicus.eu\/pt\/wp-json\/wp\/v2\/tags?post=1646"}],"curies":[{"name":"wp","href":"https:\/\/api.w.org\/{rel}","templated":true}]}}