{"id":1640,"date":"2024-12-13T12:00:32","date_gmt":"2024-12-13T11:00:32","guid":{"rendered":"https:\/\/catholicus.eu\/pt\/?p=1640"},"modified":"2024-12-13T12:00:32","modified_gmt":"2024-12-13T11:00:32","slug":"o-papel-dos-leigos-na-missao-da-igreja-hoje","status":"publish","type":"post","link":"https:\/\/catholicus.eu\/pt\/o-papel-dos-leigos-na-missao-da-igreja-hoje\/","title":{"rendered":"O papel dos leigos na miss\u00e3o da Igreja hoje"},"content":{"rendered":"\n<p>Quando falamos sobre o papel dos leigos na miss\u00e3o da Igreja, abordamos um tema de grande import\u00e2ncia e profundidade \u2013 n\u00e3o apenas para a comunidade cat\u00f3lica, mas para o mundo inteiro. Em um tempo em que os desafios culturais, sociais e espirituais se tornam cada vez mais complexos, os leigos s\u00e3o chamados a ser protagonistas na transforma\u00e7\u00e3o da sociedade \u00e0 luz do Evangelho.<\/p>\n\n\n\n<h3 class=\"wp-block-heading\"><strong>Um olhar hist\u00f3rico: os leigos na tradi\u00e7\u00e3o da Igreja<\/strong><\/h3>\n\n\n\n<p>O termo \u201cleigo\u201d vem do grego <em>laos<\/em>, que significa \u201cpovo\u201d. Nesse sentido, todos os membros da Igreja \u2013 leigos, religiosos e cl\u00e9rigos \u2013 fazem parte do povo de Deus. Contudo, historicamente, os leigos foram frequentemente vistos como receptores passivos da a\u00e7\u00e3o da Igreja, enquanto sacerdotes e religiosos assumiam pap\u00e9is ativos no ensino, na liturgia e na miss\u00e3o.<\/p>\n\n\n\n<p>O Conc\u00edlio Vaticano II (1962\u20131965) marcou uma virada decisiva nessa vis\u00e3o. Documentos como <em>Lumen Gentium<\/em> e <em>Apostolicam Actuositatem<\/em> destacaram o chamado universal \u00e0 santidade e esclareceram que os leigos n\u00e3o s\u00e3o simples espectadores da vida da Igreja, mas participantes ativos de sua miss\u00e3o evangelizadora.<\/p>\n\n\n\n<p>O Conc\u00edlio ensinou que os leigos t\u00eam uma miss\u00e3o espec\u00edfica no mundo, especialmente nos \u201cassuntos temporais\u201d \u2013 isto \u00e9, nas \u00e1reas da fam\u00edlia, do trabalho, da pol\u00edtica, da economia e da cultura. Esse chamado a ser o \u201csal da terra e a luz do mundo\u201d (Mt 5,13-14) mostra que sua tarefa n\u00e3o se limita aos muros da Igreja, mas se estende ao cora\u00e7\u00e3o da sociedade.<\/p>\n\n\n\n<h3 class=\"wp-block-heading\"><strong>Fundamento teol\u00f3gico: o sacerd\u00f3cio comum dos fi\u00e9is<\/strong><\/h3>\n\n\n\n<p>O fundamento teol\u00f3gico do papel dos leigos est\u00e1 em sua participa\u00e7\u00e3o no sacerd\u00f3cio comum dos fi\u00e9is, recebido no Batismo. Esse sacerd\u00f3cio \u00e9 diferente do sacerd\u00f3cio ministerial dos sacerdotes, mas \u00e9 igualmente essencial para a vida e a miss\u00e3o da Igreja.<\/p>\n\n\n\n<p>Por meio do Batismo, os leigos s\u00e3o chamados a oferecer sua vida como sacrif\u00edcio espiritual, a viver em comunh\u00e3o com Cristo e a testemunhar seu amor em todos os cantos do mundo. Esse testemunho n\u00e3o se expressa apenas por palavras, mas tamb\u00e9m por a\u00e7\u00f5es concretas que refletem os valores do Evangelho: justi\u00e7a, solidariedade, paz e respeito pela dignidade de cada pessoa.<\/p>\n\n\n\n<h3 class=\"wp-block-heading\"><strong>Desafios contempor\u00e2neos e oportunidades para os leigos<\/strong><\/h3>\n\n\n\n<p>Hoje, os leigos enfrentam desafios \u00fanicos. Vivemos em um mundo pluralista e frequentemente secularizado, onde as cren\u00e7as religiosas podem ser marginalizadas ou mal compreendidas. Contudo, esse contexto tamb\u00e9m oferece uma oportunidade extraordin\u00e1ria: os leigos podem construir pontes entre a Igreja e o mundo, levando a luz de Cristo onde o clero e os religiosos nem sempre conseguem chegar.<\/p>\n\n\n\n<p>Por exemplo, os leigos est\u00e3o presentes nos locais de trabalho, onde podem promover \u00e9tica, justi\u00e7a e dignidade humana. Na fam\u00edlia, s\u00e3o os primeiros evangelizadores de seus filhos, transmitindo a f\u00e9 de gera\u00e7\u00e3o em gera\u00e7\u00e3o. Na pol\u00edtica, podem ser agentes de mudan\u00e7a, defendendo valores crist\u00e3os e promovendo pol\u00edticas que respeitem a vida, a liberdade religiosa e o bem comum.<\/p>\n\n\n\n<h3 class=\"wp-block-heading\"><strong>O leigo como disc\u00edpulo mission\u00e1rio<\/strong><\/h3>\n\n\n\n<p>O Papa Francisco, em sua exorta\u00e7\u00e3o apost\u00f3lica <em>Evangelii Gaudium<\/em>, convida todos os batizados a serem \u201cdisc\u00edpulos mission\u00e1rios\u201d. Esse chamado n\u00e3o \u00e9 opcional: cada leigo \u00e9 convidado a encontrar os outros, especialmente os necessitados, e a compartilhar a alegria do Evangelho com coragem e criatividade.<\/p>\n\n\n\n<p>Francisco tamb\u00e9m enfatiza a import\u00e2ncia de uma \u201cIgreja em sa\u00edda\u201d, uma Igreja que n\u00e3o permanece fechada em si mesma, mas que se abre ao mundo com humildade e generosidade. Os leigos s\u00e3o indispens\u00e1veis para essa miss\u00e3o, pois est\u00e3o imersos nas realidades do mundo e podem atuar como testemunhas cred\u00edveis da f\u00e9.<\/p>\n\n\n\n<h3 class=\"wp-block-heading\"><strong>Como os leigos podem viver sua miss\u00e3o hoje<\/strong><\/h3>\n\n\n\n<ol class=\"wp-block-list\">\n<li><strong>Forma\u00e7\u00e3o cont\u00ednua:<\/strong> Os leigos precisam aprofundar sua compreens\u00e3o da f\u00e9 para poder dar raz\u00f5es de sua esperan\u00e7a (1 Pd 3,15). Isso inclui o estudo das Escrituras, do Catecismo e dos documentos da Igreja, bem como a participa\u00e7\u00e3o em grupos de ora\u00e7\u00e3o e reflex\u00e3o.<\/li>\n\n\n\n<li><strong>Participa\u00e7\u00e3o na vida paroquial:<\/strong> Embora os leigos sejam chamados a evangelizar no mundo, sua vida espiritual \u00e9 fortalecida na comunidade paroquial. Podem servir nos minist\u00e9rios lit\u00fargicos, na catequese, em projetos sociais e em outras iniciativas.<\/li>\n\n\n\n<li><strong>Testemunho na vida cotidiana:<\/strong> Os leigos podem testemunhar o Evangelho por meio da honestidade, integridade e amor no trabalho, na fam\u00edlia e na comunidade. Pequenos gestos, como ouvir um amigo, ajudar um vizinho ou agir com justi\u00e7a no trabalho, s\u00e3o formas de viver sua voca\u00e7\u00e3o.<\/li>\n\n\n\n<li><strong>Engajamento social e pol\u00edtico:<\/strong> Os leigos t\u00eam o dever de contribuir para a constru\u00e7\u00e3o de uma sociedade mais justa e solid\u00e1ria, defendendo a vida e a dignidade humana em todas as \u00e1reas.<\/li>\n\n\n\n<li><strong>Ora\u00e7\u00e3o e sacramentos:<\/strong> A vida espiritual dos leigos deve estar enraizada na ora\u00e7\u00e3o e nos sacramentos, especialmente na Eucaristia e na Reconcilia\u00e7\u00e3o. Essas fontes de gra\u00e7a fortalecem sua rela\u00e7\u00e3o com Cristo e os capacitam para cumprir sua miss\u00e3o.<\/li>\n<\/ol>\n\n\n\n<h3 class=\"wp-block-heading\"><strong>Uma mensagem de esperan\u00e7a e um convite \u00e0 a\u00e7\u00e3o<\/strong><\/h3>\n\n\n\n<p>O papel dos leigos na miss\u00e3o da Igreja n\u00e3o \u00e9 um \u201cplano B\u201d. \u00c9 parte integrante do plano de Deus para o seu povo. Cada leigo, do mais jovem ao mais idoso, tem um lugar \u00fanico no cora\u00e7\u00e3o da Igreja e uma miss\u00e3o insubstitu\u00edvel no mundo.<\/p>\n\n\n\n<p>Hoje, mais do que nunca, o mundo precisa de leigos crist\u00e3os que vivam sua f\u00e9 com autenticidade e se tornem agentes de transforma\u00e7\u00e3o em suas comunidades. Seja como pais, profissionais, l\u00edderes sociais ou amigos, os leigos t\u00eam o poder de transformar a sociedade refletindo o amor de Cristo em tudo o que fazem.<\/p>\n\n\n\n<p>Como Igreja, devemos lembrar que n\u00e3o estamos sozinhos. O Esp\u00edrito Santo nos guia e fortalece a cada passo do caminho. Com essa confian\u00e7a, avancemos juntos, como povo de Deus, para levar a luz do Evangelho a todos os cantos do mundo.<\/p>\n\n\n\n<hr class=\"wp-block-separator has-alpha-channel-opacity\"\/>\n\n\n\n<p><strong>Conclus\u00e3o:<\/strong> Voc\u00ea, como leigo, tem um papel insubstitu\u00edvel na miss\u00e3o da Igreja. Quais passos voc\u00ea pode dar hoje para responder a esse chamado? A Igreja precisa de voc\u00ea; Cristo conta com voc\u00ea. Com coragem e f\u00e9, voc\u00ea pode fazer a diferen\u00e7a no seu ambiente, levando a esperan\u00e7a do Evangelho onde ela \u00e9 mais necess\u00e1ria. \u00c2nimo \u2013 o Senhor caminha com voc\u00ea!<\/p>\n","protected":false},"excerpt":{"rendered":"<p>Quando falamos sobre o papel dos leigos na miss\u00e3o da Igreja, abordamos um tema de grande import\u00e2ncia e profundidade \u2013 n\u00e3o apenas para a comunidade cat\u00f3lica, mas para o mundo inteiro. Em um tempo em que os desafios culturais, sociais e espirituais se tornam cada vez mais complexos, os leigos s\u00e3o chamados a ser protagonistas &hellip;<\/p>\n","protected":false},"author":3,"featured_media":1641,"comment_status":"open","ping_status":"open","sticky":false,"template":"","format":"standard","meta":{"_seopress_robots_primary_cat":"","_seopress_titles_title":"","_seopress_titles_desc":"","_seopress_robots_index":"","footnotes":""},"categories":[65,41],"tags":[],"class_list":["post-1640","post","type-post","status-publish","format-standard","has-post-thumbnail","","category-evangelizacao-e-novas-tecnologias","category-fe-e-cultura"],"_links":{"self":[{"href":"https:\/\/catholicus.eu\/pt\/wp-json\/wp\/v2\/posts\/1640","targetHints":{"allow":["GET"]}}],"collection":[{"href":"https:\/\/catholicus.eu\/pt\/wp-json\/wp\/v2\/posts"}],"about":[{"href":"https:\/\/catholicus.eu\/pt\/wp-json\/wp\/v2\/types\/post"}],"author":[{"embeddable":true,"href":"https:\/\/catholicus.eu\/pt\/wp-json\/wp\/v2\/users\/3"}],"replies":[{"embeddable":true,"href":"https:\/\/catholicus.eu\/pt\/wp-json\/wp\/v2\/comments?post=1640"}],"version-history":[{"count":1,"href":"https:\/\/catholicus.eu\/pt\/wp-json\/wp\/v2\/posts\/1640\/revisions"}],"predecessor-version":[{"id":1642,"href":"https:\/\/catholicus.eu\/pt\/wp-json\/wp\/v2\/posts\/1640\/revisions\/1642"}],"wp:featuredmedia":[{"embeddable":true,"href":"https:\/\/catholicus.eu\/pt\/wp-json\/wp\/v2\/media\/1641"}],"wp:attachment":[{"href":"https:\/\/catholicus.eu\/pt\/wp-json\/wp\/v2\/media?parent=1640"}],"wp:term":[{"taxonomy":"category","embeddable":true,"href":"https:\/\/catholicus.eu\/pt\/wp-json\/wp\/v2\/categories?post=1640"},{"taxonomy":"post_tag","embeddable":true,"href":"https:\/\/catholicus.eu\/pt\/wp-json\/wp\/v2\/tags?post=1640"}],"curies":[{"name":"wp","href":"https:\/\/api.w.org\/{rel}","templated":true}]}}