{"id":1631,"date":"2024-12-10T22:18:41","date_gmt":"2024-12-10T21:18:41","guid":{"rendered":"https:\/\/catholicus.eu\/pt\/?p=1631"},"modified":"2024-12-10T22:18:41","modified_gmt":"2024-12-10T21:18:41","slug":"a-biblia-e-os-extraterrestres-o-que-a-igreja-realmente-diz","status":"publish","type":"post","link":"https:\/\/catholicus.eu\/pt\/a-biblia-e-os-extraterrestres-o-que-a-igreja-realmente-diz\/","title":{"rendered":"A B\u00edblia e os extraterrestres: o que a Igreja realmente diz?"},"content":{"rendered":"\n<p>Em um mundo cada vez mais marcado por descobertas cient\u00edficas e perguntas profundas, a rela\u00e7\u00e3o entre f\u00e9 e universo permanece um tema fascinante. Uma pergunta recorrente no cruzamento entre ci\u00eancia e religi\u00e3o \u00e9: <em>O que a Igreja Cat\u00f3lica diz sobre extraterrestres?<\/em> \u00c9 poss\u00edvel que a B\u00edblia mencione seres de outros planetas? E, mais importante, como um crist\u00e3o deve abordar essa possibilidade sob uma perspectiva teol\u00f3gica?<\/p>\n\n\n\n<h3 class=\"wp-block-heading\"><strong>Um universo em expans\u00e3o<\/strong><\/h3>\n\n\n\n<p>Por s\u00e9culos, os seres humanos contemplaram os c\u00e9us com admira\u00e7\u00e3o e curiosidade. Com os avan\u00e7os da astronomia, sabemos hoje que nossa gal\u00e1xia, a Via L\u00e1ctea, \u00e9 apenas uma entre bilh\u00f5es de gal\u00e1xias no universo observ\u00e1vel. Cada nova descoberta de um exoplaneta ou de sinais misteriosos vindos do espa\u00e7o alimenta especula\u00e7\u00f5es sobre a exist\u00eancia de vida al\u00e9m da Terra.<\/p>\n\n\n\n<p>A Igreja Cat\u00f3lica, longe de rejeitar tais perguntas, possui uma longa tradi\u00e7\u00e3o de abertura \u00e0 ci\u00eancia. Lembremos que o Vaticano abriga um dos observat\u00f3rios astron\u00f4micos mais antigos do mundo e que cientistas como Georges Lema\u00eetre, sacerdote cat\u00f3lico, formularam a teoria do Big Bang. Mas qual \u00e9 o lugar dos extraterrestres na reflex\u00e3o teol\u00f3gica?<\/p>\n\n\n\n<h3 class=\"wp-block-heading\"><strong>A B\u00edblia e seres de outros mundos<\/strong><\/h3>\n\n\n\n<p>A B\u00edblia, como Palavra de Deus, n\u00e3o \u00e9 um manual cient\u00edfico, mas um livro que narra a hist\u00f3ria da salva\u00e7\u00e3o. Seu prop\u00f3sito principal \u00e9 nos conduzir a um relacionamento mais profundo com Deus. Contudo, algumas passagens, vistas sob a lente da imagina\u00e7\u00e3o humana, poderiam ser interpretadas no contexto de seres extraterrestres.<\/p>\n\n\n\n<p>Por exemplo, o profeta Ezequiel descreve, em sua vis\u00e3o, uma carruagem celestial com rodas cheias de olhos e criaturas estranhas (Ezequiel 1). Embora essa imagem seja geralmente entendida como uma representa\u00e7\u00e3o simb\u00f3lica da gl\u00f3ria de Deus, alguns especularam que poderia aludir a encontros com seres de outro mundo. Da mesma forma, os Salmos mencionam que \u201cos c\u00e9us proclamam a gl\u00f3ria de Deus\u201d (Salmo 19:1), sugerindo que a cria\u00e7\u00e3o divina pode ser muito mais vasta do que podemos imaginar.<\/p>\n\n\n\n<p>No entanto, \u00e9 fundamental interpretar esses textos com cautela. A Igreja ensina que n\u00e3o devemos ceder a leituras sensacionalistas ou interpreta\u00e7\u00f5es desconectadas do contexto teol\u00f3gico. A exegese cat\u00f3lica busca compreender a inten\u00e7\u00e3o original dos autores b\u00edblicos, inspirados pelo Esp\u00edrito Santo, em vez de projetar ideias modernas em textos antigos.<\/p>\n\n\n\n<h3 class=\"wp-block-heading\"><strong>A posi\u00e7\u00e3o da Igreja sobre a vida extraterrestre<\/strong><\/h3>\n\n\n\n<p>Embora a B\u00edblia n\u00e3o mencione diretamente extraterrestres, a Igreja n\u00e3o exclui sua poss\u00edvel exist\u00eancia. O padre Jos\u00e9 Gabriel Funes, ex-diretor do Observat\u00f3rio do Vaticano, declarou em 2008 que a vida extraterrestre n\u00e3o contradiz a f\u00e9 crist\u00e3. Segundo Funes, se existissem outros seres no universo, eles tamb\u00e9m seriam criaturas de Deus, e sua exist\u00eancia n\u00e3o diminuiria o papel \u00fanico de Jesus Cristo na hist\u00f3ria da salva\u00e7\u00e3o.<\/p>\n\n\n\n<p>Essa posi\u00e7\u00e3o se baseia em uma vis\u00e3o ampla da cria\u00e7\u00e3o. A Igreja ensina que Deus \u00e9 todo-poderoso e pode ter criado vida em formas e lugares que ainda n\u00e3o compreendemos. Essa possibilidade n\u00e3o deve ser uma fonte de medo, mas de admira\u00e7\u00e3o e humildade diante da grandeza divina.<\/p>\n\n\n\n<h3 class=\"wp-block-heading\"><strong>Implica\u00e7\u00f5es teol\u00f3gicas: qual seria o impacto na nossa f\u00e9?<\/strong><\/h3>\n\n\n\n<p>Se a exist\u00eancia de vida extraterrestre fosse confirmada, o que isso significaria para os crist\u00e3os? Aqui est\u00e3o algumas implica\u00e7\u00f5es teol\u00f3gicas importantes:<\/p>\n\n\n\n<ol class=\"wp-block-list\">\n<li><strong>A universalidade de Deus:<\/strong> A poss\u00edvel exist\u00eancia de extraterrestres destaca a universalidade de Deus como Criador de tudo o que \u00e9 vis\u00edvel e invis\u00edvel. No Credo, proclamamos que Deus \u00e9 o \u201cCriador do c\u00e9u e da terra, de todas as coisas vis\u00edveis e invis\u00edveis\u201d. Isso inclui qualquer forma de vida que possa existir al\u00e9m do nosso planeta.<\/li>\n\n\n\n<li><strong>A singularidade de Cristo:<\/strong> Uma quest\u00e3o teol\u00f3gica significativa seria se os extraterrestres tamb\u00e9m necessitariam de reden\u00e7\u00e3o. S\u00e3o Paulo ensina que Cristo morreu \u201cuma vez por todas\u201d (Hebreus 10:10). Isso poderia ser interpretado como um sacrif\u00edcio suficiente para toda a cria\u00e7\u00e3o, embora n\u00e3o conhe\u00e7amos os detalhes de como se aplicaria a outras formas de vida.<\/li>\n\n\n\n<li><strong>A dignidade da cria\u00e7\u00e3o:<\/strong> A possibilidade de vida em outros planetas nos convida a refletir sobre nossa responsabilidade como cuidadores da cria\u00e7\u00e3o. Cuidar da Terra e buscar harmonia com o cosmos s\u00e3o maneiras de viver nossa voca\u00e7\u00e3o crist\u00e3.<\/li>\n<\/ol>\n\n\n\n<h3 class=\"wp-block-heading\"><strong>Viver com f\u00e9 e curiosidade<\/strong><\/h3>\n\n\n\n<p>Como crist\u00e3os, n\u00e3o devemos temer as perguntas cient\u00edficas, mas acolh\u00ea-las como oportunidades de aprofundar nossa f\u00e9. S\u00e3o Jo\u00e3o Paulo II afirmou que \u201cf\u00e9 e raz\u00e3o s\u00e3o como duas asas com as quais o esp\u00edrito humano se eleva para a contempla\u00e7\u00e3o da verdade.\u201d A busca por vida extraterrestre n\u00e3o \u00e9 uma amea\u00e7a \u00e0 nossa f\u00e9, mas uma oportunidade de se maravilhar ainda mais diante do poder de Deus.<\/p>\n\n\n\n<p>Embora a Igreja n\u00e3o tenha uma posi\u00e7\u00e3o oficial sobre a exist\u00eancia de extraterrestres, ela nos convida a viver com uma atitude de abertura e confian\u00e7a. Cada descoberta cient\u00edfica \u00e9 uma oportunidade de reconhecer a marca do Criador no universo.<\/p>\n\n\n\n<h3 class=\"wp-block-heading\"><strong>Aplica\u00e7\u00f5es pr\u00e1ticas para nossa vida<\/strong><\/h3>\n\n\n\n<ol class=\"wp-block-list\">\n<li><strong>Cultivar a humildade:<\/strong> O universo nos lembra qu\u00e3o pequenos somos e qu\u00e3o grande \u00e9 Deus. Essa perspectiva pode nos inspirar a viver com humildade e gratid\u00e3o.<\/li>\n\n\n\n<li><strong>Fomentar a curiosidade espiritual:<\/strong> Explorar quest\u00f5es dif\u00edceis nos ajuda a crescer na f\u00e9. N\u00e3o devemos ter medo de investigar e dialogar sobre temas como a vida extraterrestre.<\/li>\n\n\n\n<li><strong>Proteger a cria\u00e7\u00e3o:<\/strong> Se um dia encontrarmos vida em outros planetas, isso poderia nos ensinar a import\u00e2ncia de viver em harmonia com o cosmos. Enquanto isso, somos chamados a cuidar da nossa casa comum, a Terra.<\/li>\n<\/ol>\n\n\n\n<h3 class=\"wp-block-heading\"><strong>Um mist\u00e9rio nas m\u00e3os de Deus<\/strong><\/h3>\n\n\n\n<p>A exist\u00eancia de vida extraterrestre \u00e9, em \u00faltima an\u00e1lise, um mist\u00e9rio que deixamos nas m\u00e3os de Deus. O que sabemos com certeza \u00e9 que somos profundamente amados e que Deus revelou seu plano de salva\u00e7\u00e3o atrav\u00e9s de Jesus Cristo. Em um universo cheio de possibilidades, nossa miss\u00e3o permanece clara: amar a Deus acima de tudo e ao pr\u00f3ximo como a n\u00f3s mesmos.<\/p>\n\n\n\n<p>Estamos sozinhos no universo? Talvez nunca saibamos com certeza. Mas, como crentes, podemos viver com a certeza de que, no sentido mais importante, nunca estamos sozinhos: Deus est\u00e1 sempre conosco.<\/p>\n","protected":false},"excerpt":{"rendered":"<p>Em um mundo cada vez mais marcado por descobertas cient\u00edficas e perguntas profundas, a rela\u00e7\u00e3o entre f\u00e9 e universo permanece um tema fascinante. Uma pergunta recorrente no cruzamento entre ci\u00eancia e religi\u00e3o \u00e9: O que a Igreja Cat\u00f3lica diz sobre extraterrestres? \u00c9 poss\u00edvel que a B\u00edblia mencione seres de outros planetas? E, mais importante, como &hellip;<\/p>\n","protected":false},"author":3,"featured_media":1632,"comment_status":"open","ping_status":"open","sticky":false,"template":"","format":"standard","meta":{"_seopress_robots_primary_cat":"","_seopress_titles_title":"","_seopress_titles_desc":"","_seopress_robots_index":"","footnotes":""},"categories":[64,41],"tags":[368,374],"class_list":["post-1631","post","type-post","status-publish","format-standard","has-post-thumbnail","","category-ciencia-e-religiao","category-fe-e-cultura","tag-biblia","tag-extraterrestres"],"_links":{"self":[{"href":"https:\/\/catholicus.eu\/pt\/wp-json\/wp\/v2\/posts\/1631","targetHints":{"allow":["GET"]}}],"collection":[{"href":"https:\/\/catholicus.eu\/pt\/wp-json\/wp\/v2\/posts"}],"about":[{"href":"https:\/\/catholicus.eu\/pt\/wp-json\/wp\/v2\/types\/post"}],"author":[{"embeddable":true,"href":"https:\/\/catholicus.eu\/pt\/wp-json\/wp\/v2\/users\/3"}],"replies":[{"embeddable":true,"href":"https:\/\/catholicus.eu\/pt\/wp-json\/wp\/v2\/comments?post=1631"}],"version-history":[{"count":1,"href":"https:\/\/catholicus.eu\/pt\/wp-json\/wp\/v2\/posts\/1631\/revisions"}],"predecessor-version":[{"id":1633,"href":"https:\/\/catholicus.eu\/pt\/wp-json\/wp\/v2\/posts\/1631\/revisions\/1633"}],"wp:featuredmedia":[{"embeddable":true,"href":"https:\/\/catholicus.eu\/pt\/wp-json\/wp\/v2\/media\/1632"}],"wp:attachment":[{"href":"https:\/\/catholicus.eu\/pt\/wp-json\/wp\/v2\/media?parent=1631"}],"wp:term":[{"taxonomy":"category","embeddable":true,"href":"https:\/\/catholicus.eu\/pt\/wp-json\/wp\/v2\/categories?post=1631"},{"taxonomy":"post_tag","embeddable":true,"href":"https:\/\/catholicus.eu\/pt\/wp-json\/wp\/v2\/tags?post=1631"}],"curies":[{"name":"wp","href":"https:\/\/api.w.org\/{rel}","templated":true}]}}