{"id":1619,"date":"2024-12-09T22:35:50","date_gmt":"2024-12-09T21:35:50","guid":{"rendered":"https:\/\/catholicus.eu\/pt\/?p=1619"},"modified":"2024-12-09T22:35:50","modified_gmt":"2024-12-09T21:35:50","slug":"por-que-os-judeus-rejeitam-jesus-uma-analise-teologica-historica-e-espiritual","status":"publish","type":"post","link":"https:\/\/catholicus.eu\/pt\/por-que-os-judeus-rejeitam-jesus-uma-analise-teologica-historica-e-espiritual\/","title":{"rendered":"Por que os judeus rejeitam Jesus? Uma an\u00e1lise teol\u00f3gica, hist\u00f3rica e espiritual"},"content":{"rendered":"\n<h3 class=\"wp-block-heading\">Introdu\u00e7\u00e3o: Um encontro entre f\u00e9 e quest\u00f5es<\/h3>\n\n\n\n<p>A quest\u00e3o de por que os judeus, como comunidade religiosa, n\u00e3o reconhecem Jesus como o Messias \u00e9 um ponto central no di\u00e1logo inter-religioso e na teologia cat\u00f3lica. Para os crist\u00e3os, Jesus \u00e9 o cumprimento das promessas messi\u00e2nicas do Antigo Testamento, a encarna\u00e7\u00e3o do Verbo de Deus e a esperan\u00e7a viva de salva\u00e7\u00e3o. No entanto, essa convic\u00e7\u00e3o n\u00e3o \u00e9 compartilhada pelo juda\u00edsmo, uma religi\u00e3o profundamente enraizada na expectativa do Messias. Este artigo explora as raz\u00f5es hist\u00f3ricas e teol\u00f3gicas dessa diverg\u00eancia, sua import\u00e2ncia para os crist\u00e3os e como essa compreens\u00e3o pode iluminar nosso relacionamento com Deus e com o pr\u00f3ximo.<\/p>\n\n\n\n<hr class=\"wp-block-separator has-alpha-channel-opacity\"\/>\n\n\n\n<h3 class=\"wp-block-heading\">Contexto b\u00edblico e hist\u00f3rico: As ra\u00edzes da diverg\u00eancia<\/h3>\n\n\n\n<h4 class=\"wp-block-heading\"><strong>O Messias no juda\u00edsmo<\/strong><\/h4>\n\n\n\n<p>No Antigo Testamento, o Messias \u00e9 uma figura prometida, o Ungido de Deus, que trar\u00e1 salva\u00e7\u00e3o, justi\u00e7a e paz a Israel (Isa\u00edas 9,6-7; Jeremias 23,5-6). Contudo, as expectativas sobre quem seria esse Messias e como ele cumpriria sua miss\u00e3o n\u00e3o eram uniformes. Alguns textos prof\u00e9ticos apresentam o Messias como um rei poderoso que restaurar\u00e1 o trono de Davi, enquanto outros o descrevem como um servo sofredor (Isa\u00edas 53).<\/p>\n\n\n\n<p>Na \u00e9poca de Jesus, Israel estava sob ocupa\u00e7\u00e3o romana, e muitos esperavam um l\u00edder pol\u00edtico e militar que libertasse a na\u00e7\u00e3o da opress\u00e3o estrangeira. Jesus, por\u00e9m, proclamou um Reino de Deus que n\u00e3o \u00e9 deste mundo (Jo\u00e3o 18,36), focado na convers\u00e3o dos cora\u00e7\u00f5es e na reconcilia\u00e7\u00e3o com Deus. Isso contrastava com as expectativas populares e com a interpreta\u00e7\u00e3o das Escrituras pelos l\u00edderes religiosos da \u00e9poca.<\/p>\n\n\n\n<h4 class=\"wp-block-heading\"><strong>Conflitos com fariseus e sacerdotes<\/strong><\/h4>\n\n\n\n<p>Durante seu minist\u00e9rio, Jesus questionou pr\u00e1ticas e tradi\u00e7\u00f5es estabelecidas, convocando a um profundo renovamento espiritual. Seus ensinamentos e a\u00e7\u00f5es \u2013 como o perd\u00e3o dos pecados, as curas no s\u00e1bado e sua afirma\u00e7\u00e3o de ser um com o Pai (Jo\u00e3o 10,30) \u2013 foram vistos por muitos l\u00edderes religiosos como blasfemos e como uma amea\u00e7a \u00e0 ordem religiosa. Segundo a f\u00e9 crist\u00e3, a crucifica\u00e7\u00e3o de Jesus cumpriu as profecias sobre o Servo Sofredor. No entanto, para os judeus de sua \u00e9poca, sua morte como criminoso confirmou que ele n\u00e3o poderia ser o Messias, j\u00e1 que n\u00e3o trouxe a vit\u00f3ria esperada.<\/p>\n\n\n\n<h4 class=\"wp-block-heading\"><strong>O desenvolvimento do cristianismo e a separa\u00e7\u00e3o do juda\u00edsmo<\/strong><\/h4>\n\n\n\n<p>Ap\u00f3s a ressurrei\u00e7\u00e3o de Jesus, os primeiros crist\u00e3os (em sua maioria judeus) come\u00e7aram a pregar que Jesus era o Messias prometido. Contudo, as tens\u00f5es aumentaram \u00e0 medida que essa nova f\u00e9 se distanciava do juda\u00edsmo tradicional. A destrui\u00e7\u00e3o do Templo em 70 d.C. marcou um ponto de virada: o juda\u00edsmo rab\u00ednico e o cristianismo seguiram caminhos separados, desenvolvendo interpreta\u00e7\u00f5es diferentes das Escrituras.<\/p>\n\n\n\n<hr class=\"wp-block-separator has-alpha-channel-opacity\"\/>\n\n\n\n<h3 class=\"wp-block-heading\">Import\u00e2ncia teol\u00f3gica: Cristo como cumprimento das promessas<\/h3>\n\n\n\n<h4 class=\"wp-block-heading\"><strong>Jesus, o Messias para todas as na\u00e7\u00f5es<\/strong><\/h4>\n\n\n\n<p>Para os crist\u00e3os, Jesus n\u00e3o apenas cumpriu as profecias messi\u00e2nicas, mas tamb\u00e9m revelou seu pleno significado. Sua miss\u00e3o foi al\u00e9m da liberta\u00e7\u00e3o pol\u00edtica, oferecendo salva\u00e7\u00e3o eterna a toda a humanidade. S\u00e3o Paulo explica em suas cartas: &#8220;Cristo nos resgatou da maldi\u00e7\u00e3o da Lei, tornando-se ele pr\u00f3prio maldi\u00e7\u00e3o em nosso lugar&#8221; (G\u00e1latas 3,13), indicando que a cruz foi o meio pelo qual Deus reconciliou o mundo consigo.<\/p>\n\n\n\n<h4 class=\"wp-block-heading\"><strong>A rela\u00e7\u00e3o entre o Antigo e o Novo Testamento<\/strong><\/h4>\n\n\n\n<p>O rejei\u00e7\u00e3o de Jesus pelos judeus pode parecer paradoxal, mas tem um sentido no plano de salva\u00e7\u00e3o de Deus. S\u00e3o Paulo, em Romanos 11, descreve essa rejei\u00e7\u00e3o como parte do mist\u00e9rio de Deus, que permitiu que a salva\u00e7\u00e3o alcan\u00e7asse os gentios. No entanto, Paulo tamb\u00e9m afirma que &#8220;Deus n\u00e3o rejeitou seu povo&#8221; (Romanos 11,1) e que, no final, todo Israel ser\u00e1 salvo (Romanos 11,26), expressando uma esperan\u00e7a de reconcilia\u00e7\u00e3o futura.<\/p>\n\n\n\n<hr class=\"wp-block-separator has-alpha-channel-opacity\"\/>\n\n\n\n<h3 class=\"wp-block-heading\">Aplica\u00e7\u00f5es pr\u00e1ticas: Li\u00e7\u00f5es para nossa f\u00e9<\/h3>\n\n\n\n<ol class=\"wp-block-list\">\n<li><strong>Humildade no testemunho<\/strong><br>A rejei\u00e7\u00e3o de Jesus por muitos judeus nos convida a refletir sobre como testemunhamos nossa f\u00e9. Vivemos como verdadeiros disc\u00edpulos de Cristo, demonstrando amor, justi\u00e7a e compaix\u00e3o? Um testemunho aut\u00eantico muitas vezes fala mais alto do que qualquer argumento teol\u00f3gico.<\/li>\n\n\n\n<li><strong>Ora\u00e7\u00e3o pela unidade<\/strong><br>Como crist\u00e3os, somos chamados a orar pela unidade entre todos os crentes. Rezar por nossos &#8220;irm\u00e3os mais velhos na f\u00e9&#8221;, como S\u00e3o Jo\u00e3o Paulo II chamava os judeus, \u00e9 um ato de amor e de esperan\u00e7a no plano de Deus.<\/li>\n\n\n\n<li><strong>Reconhecer Cristo na vida cotidiana<\/strong><br>Assim como muitos n\u00e3o reconheceram Jesus como o Messias em sua \u00e9poca, tamb\u00e9m podemos falhar em reconhec\u00ea-lo em nossa vida di\u00e1ria. Ele est\u00e1 presente nos pobres, nos necessitados, nos momentos de sofrimento e na Eucaristia. N\u00f3s o reconhecemos?<\/li>\n<\/ol>\n\n\n\n<hr class=\"wp-block-separator has-alpha-channel-opacity\"\/>\n\n\n\n<h3 class=\"wp-block-heading\">Reflex\u00e3o contempor\u00e2nea: Desafios e oportunidades hoje<\/h3>\n\n\n\n<p>Em um mundo pluralista, o di\u00e1logo inter-religioso \u00e9 mais importante do que nunca. Compreender as ra\u00edzes da rejei\u00e7\u00e3o de Jesus pelos judeus n\u00e3o deve nos levar \u00e0 condena\u00e7\u00e3o, mas \u00e0 empatia e ao respeito m\u00fatuo. Como declara o Conc\u00edlio Vaticano II em <em>Nostra Aetate<\/em>, a Igreja &#8220;deplora todas as formas de \u00f3dio, persegui\u00e7\u00e3o e antissemitismo dirigidas contra os judeus em qualquer \u00e9poca e por qualquer pessoa&#8221;.<\/p>\n\n\n\n<p>Essa reflex\u00e3o tamb\u00e9m nos desafia a viver nossa f\u00e9 com coer\u00eancia e autenticidade. Demonstramos o amor de Cristo aos outros? Somos capazes de dialogar com quem pensa diferente, buscando pontos em comum em vez de divis\u00f5es?<\/p>\n\n\n\n<hr class=\"wp-block-separator has-alpha-channel-opacity\"\/>\n\n\n\n<h3 class=\"wp-block-heading\">Conclus\u00e3o: Um convite \u00e0 reconcilia\u00e7\u00e3o e ao testemunho<\/h3>\n\n\n\n<p>O mist\u00e9rio da rejei\u00e7\u00e3o de Jesus pelos judeus \u00e9 um convite a aprofundar nossa f\u00e9 e a reconhecer o plano de Deus, que sempre busca a salva\u00e7\u00e3o de todos. Como crist\u00e3os, somos chamados a ser pontes de reconcilia\u00e7\u00e3o, a orar pela unidade e a testemunhar o amor de Cristo no mundo.<\/p>\n\n\n\n<p>Esse caminho n\u00e3o \u00e9 f\u00e1cil, mas \u00e9 o caminho que o pr\u00f3prio Jesus nos mostrou: amar a todos, inclusive aqueles que n\u00e3o compartilham nossa f\u00e9, e confiar que Deus cumprir\u00e1 suas promessas em seu tempo perfeito. Vivamos nossa f\u00e9 com humildade, gratid\u00e3o e esperan\u00e7a, sabendo que fazemos parte de uma hist\u00f3ria de reden\u00e7\u00e3o que abrange toda a humanidade.<\/p>\n","protected":false},"excerpt":{"rendered":"<p>Introdu\u00e7\u00e3o: Um encontro entre f\u00e9 e quest\u00f5es A quest\u00e3o de por que os judeus, como comunidade religiosa, n\u00e3o reconhecem Jesus como o Messias \u00e9 um ponto central no di\u00e1logo inter-religioso e na teologia cat\u00f3lica. Para os crist\u00e3os, Jesus \u00e9 o cumprimento das promessas messi\u00e2nicas do Antigo Testamento, a encarna\u00e7\u00e3o do Verbo de Deus e a &hellip;<\/p>\n","protected":false},"author":3,"featured_media":1620,"comment_status":"open","ping_status":"open","sticky":false,"template":"","format":"standard","meta":{"_seopress_robots_primary_cat":"","_seopress_titles_title":"","_seopress_titles_desc":"","_seopress_robots_index":"","footnotes":""},"categories":[48,38],"tags":[84,370],"class_list":["post-1619","post","type-post","status-publish","format-standard","has-post-thumbnail","","category-historia-da-igreja","category-historia-e-tradicao","tag-jesus","tag-judeus"],"_links":{"self":[{"href":"https:\/\/catholicus.eu\/pt\/wp-json\/wp\/v2\/posts\/1619","targetHints":{"allow":["GET"]}}],"collection":[{"href":"https:\/\/catholicus.eu\/pt\/wp-json\/wp\/v2\/posts"}],"about":[{"href":"https:\/\/catholicus.eu\/pt\/wp-json\/wp\/v2\/types\/post"}],"author":[{"embeddable":true,"href":"https:\/\/catholicus.eu\/pt\/wp-json\/wp\/v2\/users\/3"}],"replies":[{"embeddable":true,"href":"https:\/\/catholicus.eu\/pt\/wp-json\/wp\/v2\/comments?post=1619"}],"version-history":[{"count":1,"href":"https:\/\/catholicus.eu\/pt\/wp-json\/wp\/v2\/posts\/1619\/revisions"}],"predecessor-version":[{"id":1621,"href":"https:\/\/catholicus.eu\/pt\/wp-json\/wp\/v2\/posts\/1619\/revisions\/1621"}],"wp:featuredmedia":[{"embeddable":true,"href":"https:\/\/catholicus.eu\/pt\/wp-json\/wp\/v2\/media\/1620"}],"wp:attachment":[{"href":"https:\/\/catholicus.eu\/pt\/wp-json\/wp\/v2\/media?parent=1619"}],"wp:term":[{"taxonomy":"category","embeddable":true,"href":"https:\/\/catholicus.eu\/pt\/wp-json\/wp\/v2\/categories?post=1619"},{"taxonomy":"post_tag","embeddable":true,"href":"https:\/\/catholicus.eu\/pt\/wp-json\/wp\/v2\/tags?post=1619"}],"curies":[{"name":"wp","href":"https:\/\/api.w.org\/{rel}","templated":true}]}}