{"id":1586,"date":"2024-12-06T23:06:39","date_gmt":"2024-12-06T22:06:39","guid":{"rendered":"https:\/\/catholicus.eu\/pt\/?p=1586"},"modified":"2024-12-06T23:06:39","modified_gmt":"2024-12-06T22:06:39","slug":"a-prisao-mamertina-o-ultimo-refugio-terreno-de-sao-pedro-e-sao-paulo","status":"publish","type":"post","link":"https:\/\/catholicus.eu\/pt\/a-prisao-mamertina-o-ultimo-refugio-terreno-de-sao-pedro-e-sao-paulo\/","title":{"rendered":"A Pris\u00e3o Mamertina: O \u00daltimo Ref\u00fagio Terreno de S\u00e3o Pedro e S\u00e3o Paulo"},"content":{"rendered":"\n<p>No cora\u00e7\u00e3o de Roma, sob a sombra imponente do F\u00f3rum Romano, encontra-se um lugar de grande significado hist\u00f3rico e espiritual: a <strong>Pris\u00e3o Mamertina<\/strong>, tamb\u00e9m conhecida como Tullianum. \u00c0 primeira vista, pode parecer apenas mais um canto da Cidade Eterna, mas para os crist\u00e3os, este local ressoa como um testemunho vivo de f\u00e9, sacrif\u00edcio e esperan\u00e7a. Segundo a tradi\u00e7\u00e3o, foi aqui que S\u00e3o Pedro e S\u00e3o Paulo, os pilares da Igreja, foram presos antes de seu mart\u00edrio.<\/p>\n\n\n\n<p>Hoje, mergulharemos neste local significativo, explorando sua hist\u00f3ria, sua relev\u00e2ncia teol\u00f3gica e as li\u00e7\u00f5es profundas que ele oferece para a nossa vida espiritual.<\/p>\n\n\n\n<hr class=\"wp-block-separator has-alpha-channel-opacity\"\/>\n\n\n\n<h3 class=\"wp-block-heading\"><strong>Um lugar cheio de hist\u00f3ria<\/strong><\/h3>\n\n\n\n<p>A Pris\u00e3o Mamertina \u00e9 uma estrutura subterr\u00e2nea que remonta ao s\u00e9culo VII a.C., constru\u00edda originalmente pelos romanos como reservat\u00f3rio de \u00e1gua ou cisterna. Posteriormente, foi transformada em uma pris\u00e3o de alta seguran\u00e7a para inimigos do Estado e criminosos perigosos. Historiadores sugerem que este sombrio c\u00e1rcere foi frequentemente a \u00faltima etapa para os condenados \u00e0 morte.<\/p>\n\n\n\n<p>Para S\u00e3o Pedro e S\u00e3o Paulo, a Pris\u00e3o Mamertina tornou-se o cen\u00e1rio de suas \u00faltimas semanas na terra. Ambos os ap\u00f3stolos chegaram a Roma com uma miss\u00e3o clara: proclamar o Evangelho no cora\u00e7\u00e3o do imp\u00e9rio mais poderoso de sua \u00e9poca. No entanto, a mensagem de Cristo, com seu chamado \u00e0 convers\u00e3o e \u00e0 justi\u00e7a, entrou em choque com as autoridades romanas, resultando em sua persegui\u00e7\u00e3o e encarceramento.<\/p>\n\n\n\n<hr class=\"wp-block-separator has-alpha-channel-opacity\"\/>\n\n\n\n<h3 class=\"wp-block-heading\"><strong>S\u00e3o Pedro e S\u00e3o Paulo na Pris\u00e3o Mamertina<\/strong><\/h3>\n\n\n\n<p>A tradi\u00e7\u00e3o cat\u00f3lica afirma que, nesta pris\u00e3o, S\u00e3o Pedro e S\u00e3o Paulo passaram seus \u00faltimos momentos em fervorosa ora\u00e7\u00e3o e em comunh\u00e3o com Deus. Apesar das condi\u00e7\u00f5es hostis da cela \u2014 escurid\u00e3o, umidade e isolamento \u2014, continuaram a pregar o Evangelho e a fortalecer os primeiros crist\u00e3os de Roma.<\/p>\n\n\n\n<p>Um elemento milagroso associado a este local \u00e9 a fonte de \u00e1gua que surgiu dentro da pris\u00e3o. Conta-se que S\u00e3o Pedro, desejoso de batizar seus carcereiros e outros prisioneiros convertidos, orou a Deus, e a \u00e1gua jorrou da rocha. Este ato simboliza n\u00e3o apenas o poder transformador da f\u00e9, mas tamb\u00e9m a constante a\u00e7\u00e3o da gra\u00e7a divina, mesmo nos momentos mais sombrios.<\/p>\n\n\n\n<hr class=\"wp-block-separator has-alpha-channel-opacity\"\/>\n\n\n\n<h3 class=\"wp-block-heading\"><strong>O significado teol\u00f3gico do mart\u00edrio<\/strong><\/h3>\n\n\n\n<p>O mart\u00edrio de S\u00e3o Pedro e S\u00e3o Paulo tem um profundo significado na teologia cat\u00f3lica. Ambos os ap\u00f3stolos viveram e morreram por sua f\u00e9 em Cristo, selando com seu sangue o testemunho da Ressurrei\u00e7\u00e3o. Suas mortes n\u00e3o foram derrotas, mas atos supremos de amor e fidelidade a Deus.<\/p>\n\n\n\n<p>S\u00e3o Pedro, crucificado de cabe\u00e7a para baixo a seu pr\u00f3prio pedido, reconheceu sua indignidade de morrer como seu Mestre. S\u00e3o Paulo, por sua vez, decapitado devido \u00e0 sua cidadania romana, declarou com ousadia em suas \u00faltimas cartas: <em>\u201cCombati o bom combate, terminei a corrida, guardei a f\u00e9\u201d<\/em> (2 Tim\u00f3teo 4:7). Esses atos nos convidam a refletir sobre nossa disposi\u00e7\u00e3o de viver nossa f\u00e9 com coragem e enfrentar os desafios com esperan\u00e7a.<\/p>\n\n\n\n<hr class=\"wp-block-separator has-alpha-channel-opacity\"\/>\n\n\n\n<h3 class=\"wp-block-heading\"><strong>A Pris\u00e3o Mamertina como s\u00edmbolo espiritual<\/strong><\/h3>\n\n\n\n<p>A Pris\u00e3o Mamertina n\u00e3o \u00e9 apenas um s\u00edtio arqueol\u00f3gico; \u00e9 um profundo s\u00edmbolo de resili\u00eancia espiritual e de confian\u00e7a em Deus. Ela nos lembra que, mesmo nas prova\u00e7\u00f5es mais dif\u00edceis, a gra\u00e7a de Deus est\u00e1 presente, iluminando as trevas e transformando os cora\u00e7\u00f5es.<\/p>\n\n\n\n<p>A pris\u00e3o torna-se uma met\u00e1fora para nossas pr\u00f3prias pris\u00f5es interiores: pecado, medo, desesperan\u00e7a ou materialismo, que podem aprisionar nossas almas. Ao nos lembrarmos de S\u00e3o Pedro e S\u00e3o Paulo neste local, somos chamados a buscar a liberdade em Cristo, que nos oferece reden\u00e7\u00e3o e verdadeira paz.<\/p>\n\n\n\n<hr class=\"wp-block-separator has-alpha-channel-opacity\"\/>\n\n\n\n<h3 class=\"wp-block-heading\"><strong>Li\u00e7\u00f5es para o dia a dia<\/strong><\/h3>\n\n\n\n<p>Como podemos aplicar os ensinamentos de S\u00e3o Pedro e S\u00e3o Paulo da Pris\u00e3o Mamertina em nossas vidas di\u00e1rias? Aqui est\u00e3o algumas reflex\u00f5es pr\u00e1ticas:<\/p>\n\n\n\n<ol class=\"wp-block-list\">\n<li><strong>Confian\u00e7a em Deus nas prova\u00e7\u00f5es<\/strong>: A f\u00e9 dos ap\u00f3stolos nos ensina a confiar em Deus mesmo nas situa\u00e7\u00f5es mais dif\u00edceis. Quando enfrentamos desafios, lembremo-nos de que Deus est\u00e1 conosco, agindo em meio \u00e0 dor e \u00e0 incerteza.<\/li>\n\n\n\n<li><strong>Coragem para testemunhar nossa f\u00e9<\/strong>: Em um mundo que muitas vezes questiona os valores crist\u00e3os, somos chamados a ser testemunhas corajosas do Evangelho, como foram S\u00e3o Pedro e S\u00e3o Paulo, mesmo que isso exija sacrif\u00edcios.<\/li>\n\n\n\n<li><strong>Transformar nossas pris\u00f5es interiores<\/strong>: Assim como a fonte que jorrou na pris\u00e3o, o Esp\u00edrito Santo pode realizar milagres em nossas vidas. Identifiquemos as \u00e1reas em nossa vida que precisam de cura e permitamos que a gra\u00e7a de Deus flua e nos transforme.<\/li>\n\n\n\n<li><strong>Unidade na diversidade<\/strong>: S\u00e3o Pedro e S\u00e3o Paulo, embora diferentes em temperamento e miss\u00e3o, trabalharam juntos para construir a Igreja. Em nossas comunidades e fam\u00edlias, podemos aprender a valorizar nossas diferen\u00e7as e a colaborar para cumprir os des\u00edgnios de Deus.<\/li>\n<\/ol>\n\n\n\n<hr class=\"wp-block-separator has-alpha-channel-opacity\"\/>\n\n\n\n<h3 class=\"wp-block-heading\"><strong>Visitar a Pris\u00e3o Mamertina hoje<\/strong><\/h3>\n\n\n\n<p>Para aqueles que t\u00eam a oportunidade de visitar Roma, uma viagem \u00e0 Pris\u00e3o Mamertina \u00e9 muito mais do que um passeio hist\u00f3rico. \u00c9 uma experi\u00eancia espiritual que convida \u00e0 reflex\u00e3o e \u00e0 ora\u00e7\u00e3o. Ao descer at\u00e9 este local, \u00e9 imposs\u00edvel n\u00e3o se sentir conectado aos ap\u00f3stolos, \u00e0 sua coragem e ao seu amor por Cristo.<\/p>\n\n\n\n<p>Hoje, a Pris\u00e3o Mamertina faz parte do percurso do F\u00f3rum Romano, mas permanece um local de ora\u00e7\u00e3o e peregrina\u00e7\u00e3o. \u00c9 uma lembran\u00e7a tang\u00edvel de que nossa f\u00e9 \u00e9 constru\u00edda sobre o testemunho de homens e mulheres que deram suas vidas pelo Evangelho.<\/p>\n\n\n\n<hr class=\"wp-block-separator has-alpha-channel-opacity\"\/>\n\n\n\n<h3 class=\"wp-block-heading\"><strong>Conclus\u00e3o: Esperan\u00e7a que brota das trevas<\/strong><\/h3>\n\n\n\n<p>A Pris\u00e3o Mamertina, escura e austera, fala-nos da luz inextingu\u00edvel de Cristo. Ensina-nos que, n\u00e3o importa a profundidade de nossas prova\u00e7\u00f5es, Deus est\u00e1 conosco, oferecendo conforto e esperan\u00e7a. Ao lembrarmos do testemunho de S\u00e3o Pedro e S\u00e3o Paulo, somos chamados a viver com uma f\u00e9 corajosa e a buscar a liberdade que somente Cristo pode dar.<\/p>\n\n\n\n<p>Que o exemplo deles nos inspire a abra\u00e7ar com alegria nossa voca\u00e7\u00e3o crist\u00e3, sabendo que, mesmo em nossas pr\u00f3prias &#8220;pris\u00f5es&#8221; pessoais, a gra\u00e7a de Deus pode brotar e transformar nossas vidas. Am\u00e9m.<\/p>\n","protected":false},"excerpt":{"rendered":"<p>No cora\u00e7\u00e3o de Roma, sob a sombra imponente do F\u00f3rum Romano, encontra-se um lugar de grande significado hist\u00f3rico e espiritual: a Pris\u00e3o Mamertina, tamb\u00e9m conhecida como Tullianum. \u00c0 primeira vista, pode parecer apenas mais um canto da Cidade Eterna, mas para os crist\u00e3os, este local ressoa como um testemunho vivo de f\u00e9, sacrif\u00edcio e esperan\u00e7a. &hellip;<\/p>\n","protected":false},"author":3,"featured_media":1587,"comment_status":"open","ping_status":"open","sticky":false,"template":"","format":"standard","meta":{"_seopress_robots_primary_cat":"","_seopress_titles_title":"","_seopress_titles_desc":"","_seopress_robots_index":"","footnotes":""},"categories":[48,38],"tags":[353],"class_list":["post-1586","post","type-post","status-publish","format-standard","has-post-thumbnail","","category-historia-da-igreja","category-historia-e-tradicao","tag-prisao-mamertina"],"_links":{"self":[{"href":"https:\/\/catholicus.eu\/pt\/wp-json\/wp\/v2\/posts\/1586","targetHints":{"allow":["GET"]}}],"collection":[{"href":"https:\/\/catholicus.eu\/pt\/wp-json\/wp\/v2\/posts"}],"about":[{"href":"https:\/\/catholicus.eu\/pt\/wp-json\/wp\/v2\/types\/post"}],"author":[{"embeddable":true,"href":"https:\/\/catholicus.eu\/pt\/wp-json\/wp\/v2\/users\/3"}],"replies":[{"embeddable":true,"href":"https:\/\/catholicus.eu\/pt\/wp-json\/wp\/v2\/comments?post=1586"}],"version-history":[{"count":1,"href":"https:\/\/catholicus.eu\/pt\/wp-json\/wp\/v2\/posts\/1586\/revisions"}],"predecessor-version":[{"id":1588,"href":"https:\/\/catholicus.eu\/pt\/wp-json\/wp\/v2\/posts\/1586\/revisions\/1588"}],"wp:featuredmedia":[{"embeddable":true,"href":"https:\/\/catholicus.eu\/pt\/wp-json\/wp\/v2\/media\/1587"}],"wp:attachment":[{"href":"https:\/\/catholicus.eu\/pt\/wp-json\/wp\/v2\/media?parent=1586"}],"wp:term":[{"taxonomy":"category","embeddable":true,"href":"https:\/\/catholicus.eu\/pt\/wp-json\/wp\/v2\/categories?post=1586"},{"taxonomy":"post_tag","embeddable":true,"href":"https:\/\/catholicus.eu\/pt\/wp-json\/wp\/v2\/tags?post=1586"}],"curies":[{"name":"wp","href":"https:\/\/api.w.org\/{rel}","templated":true}]}}