{"id":1559,"date":"2024-12-04T10:36:13","date_gmt":"2024-12-04T09:36:13","guid":{"rendered":"https:\/\/catholicus.eu\/pt\/?p=1559"},"modified":"2024-12-04T10:36:14","modified_gmt":"2024-12-04T09:36:14","slug":"ad-orientem-um-olhar-para-o-futuro-na-liturgia-catolica","status":"publish","type":"post","link":"https:\/\/catholicus.eu\/pt\/ad-orientem-um-olhar-para-o-futuro-na-liturgia-catolica\/","title":{"rendered":"Ad Orientem: Um Olhar para o Futuro na Liturgia Cat\u00f3lica"},"content":{"rendered":"\n<p>Na vida crist\u00e3, a maneira como celebramos a liturgia vai muito al\u00e9m de simples rituais e tradi\u00e7\u00f5es. Cada elemento carrega um significado profundo que reflete nossa rela\u00e7\u00e3o com Deus, com a Igreja e com a comunidade. Nesse contexto, um aspecto que tem recebido aten\u00e7\u00e3o teol\u00f3gica renovada nos \u00faltimos anos \u00e9 a orienta\u00e7\u00e3o do celebrante durante a missa, especialmente a pr\u00e1tica de celebrar o sacrif\u00edcio eucar\u00edstico <strong>ad orientem<\/strong>, ou seja, &#8220;voltado para o leste&#8221;. Este tema n\u00e3o interessa apenas aos estudiosos da liturgia, mas a todos os fi\u00e9is que desejam aprofundar sua compreens\u00e3o da missa e sua participa\u00e7\u00e3o nela.<\/p>\n\n\n\n<p>Ao longo da hist\u00f3ria, a Igreja passou por diversas transforma\u00e7\u00f5es na forma de celebrar a missa. Uma das mudan\u00e7as mais significativas do s\u00e9culo XX foi a reforma lit\u00fargica promovida pelo Conc\u00edlio Vaticano II, que reorganizou muitos elementos lit\u00fargicos, incluindo a posi\u00e7\u00e3o do sacerdote durante a celebra\u00e7\u00e3o. No entanto, a quest\u00e3o de como entender a orienta\u00e7\u00e3o lit\u00fargica continua sendo objeto de debate entre te\u00f3logos, liturgistas e fi\u00e9is. Este artigo prop\u00f5e uma reflex\u00e3o aprofundada sobre o conceito de <strong>Ad Orientem<\/strong>, sua hist\u00f3ria, seu significado teol\u00f3gico e como pode ser aplicado \u00e0 vida espiritual cotidiana dos fi\u00e9is.<\/p>\n\n\n\n<hr class=\"wp-block-separator has-alpha-channel-opacity\"\/>\n\n\n\n<h4 class=\"wp-block-heading\"><strong>1. A Hist\u00f3ria da Orienta\u00e7\u00e3o Lit\u00fargica: Uma Jornada em Dire\u00e7\u00e3o ao Leste<\/strong><\/h4>\n\n\n\n<p>A tradi\u00e7\u00e3o de celebrar a missa voltado para o leste remonta aos primeiros s\u00e9culos do cristianismo. Desde o in\u00edcio, os crist\u00e3os acreditavam que voltar-se para o leste simbolizava a expectativa do retorno glorioso de Cristo, que, segundo as Escrituras, viria daquela dire\u00e7\u00e3o. O leste n\u00e3o tem apenas um significado geogr\u00e1fico, mas tamb\u00e9m simb\u00f3lico. Nas Escrituras, Cristo \u00e9 chamado de &#8220;Sol da Justi\u00e7a&#8221; (Ml 4,2), e seu retorno est\u00e1 associado \u00e0 luz que traz a salva\u00e7\u00e3o ao mundo.<\/p>\n\n\n\n<p>Desde as primeiras comunidades crist\u00e3s, os locais de culto, especialmente bas\u00edlicas e igrejas, eram orientados para o leste. Os primeiros templos crist\u00e3os foram constru\u00eddos em dire\u00e7\u00e3o a Jerusal\u00e9m, e posteriormente, a orienta\u00e7\u00e3o para o leste tornou-se uma pr\u00e1tica universal. Os crist\u00e3os celebravam a Eucaristia voltados para o leste como um sinal de esperan\u00e7a e de expectativa do retorno de Cristo.<\/p>\n\n\n\n<p>Esse padr\u00e3o consolidou-se durante os primeiros s\u00e9culos da Igreja, mesmo quando a missa deixou de ser celebrada em resid\u00eancias privadas e passou a ser realizada em espa\u00e7os p\u00fablicos. A orienta\u00e7\u00e3o para o leste permaneceu uma pr\u00e1tica comum at\u00e9 o s\u00e9culo XVI, quando algumas igrejas na Europa come\u00e7aram a modificar sua disposi\u00e7\u00e3o lit\u00fargica, especialmente ap\u00f3s a Reforma Protestante. Nos s\u00e9culos seguintes, a posi\u00e7\u00e3o do sacerdote durante a missa variou de acordo com os contextos culturais e lit\u00fargicos, mas a orienta\u00e7\u00e3o para o leste permaneceu um s\u00edmbolo central da esperan\u00e7a crist\u00e3.<\/p>\n\n\n\n<hr class=\"wp-block-separator has-alpha-channel-opacity\"\/>\n\n\n\n<h4 class=\"wp-block-heading\"><strong>2. Uma Mudan\u00e7a de Perspectiva Ap\u00f3s o Conc\u00edlio Vaticano II<\/strong><\/h4>\n\n\n\n<p>Com o Conc\u00edlio Vaticano II (1962\u20131965) e o documento <em>Sacrosanctum Concilium<\/em>, a Igreja Cat\u00f3lica viveu uma das reformas lit\u00fargicas mais significativas de sua hist\u00f3ria recente. O objetivo principal dessa reforma era tornar a liturgia mais acess\u00edvel e participativa para os fi\u00e9is. Uma das mudan\u00e7as mais vis\u00edveis foi a introdu\u00e7\u00e3o das l\u00ednguas vern\u00e1culas no lugar do latim e a reorganiza\u00e7\u00e3o da posi\u00e7\u00e3o lit\u00fargica do celebrante.<\/p>\n\n\n\n<p>No contexto dessas mudan\u00e7as, o Conc\u00edlio sugeriu que o sacerdote ficasse voltado para a assembleia, em vez de celebrar <em>ad orientem<\/em>. Essa nova abordagem, conhecida como <strong>&#8220;versus populum&#8221;<\/strong>, permitiu aos fi\u00e9is uma conex\u00e3o mais direta com o sacerdote durante a missa. No entanto, o documento <em>Sacrosanctum Concilium<\/em> n\u00e3o eliminou a op\u00e7\u00e3o de celebrar <em>ad orientem<\/em>; pelo contr\u00e1rio, deixou essa possibilidade aberta, dependendo das prefer\u00eancias pastorais.<\/p>\n\n\n\n<p>Com o passar dos anos, a maioria das igrejas adotou a pr\u00e1tica do sacerdote voltado para a assembleia, mas algumas mantiveram a tradi\u00e7\u00e3o de <em>ad orientem<\/em> ou decidiram retornar a ela como uma op\u00e7\u00e3o leg\u00edtima para a celebra\u00e7\u00e3o lit\u00fargica.<\/p>\n\n\n\n<hr class=\"wp-block-separator has-alpha-channel-opacity\"\/>\n\n\n\n<h4 class=\"wp-block-heading\"><strong>3. O Significado Teol\u00f3gico de Ad Orientem<\/strong><\/h4>\n\n\n\n<p>A pr\u00e1tica de celebrar <em>ad orientem<\/em> possui um profundo valor teol\u00f3gico e simb\u00f3lico. Voltar-se para o leste durante a missa n\u00e3o \u00e9 apenas uma quest\u00e3o est\u00e9tica ou ritual, mas uma afirma\u00e7\u00e3o de f\u00e9. Diversos significados importantes enriquecem nossa compreens\u00e3o dessa tradi\u00e7\u00e3o lit\u00fargica:<\/p>\n\n\n\n<ul class=\"wp-block-list\">\n<li><strong>A Esperan\u00e7a no Retorno de Cristo<\/strong>: A orienta\u00e7\u00e3o para o leste \u00e9 um sinal da espera ativa pela Par\u00fasia, o retorno de Cristo em gl\u00f3ria no fim dos tempos. Essa espera n\u00e3o se limita a um evento futuro, mas tamb\u00e9m inclui a certeza de que Cristo j\u00e1 veio \u00e0s nossas vidas por meio da Eucaristia e que seu retorno trar\u00e1 o cumprimento da cria\u00e7\u00e3o. A orienta\u00e7\u00e3o para o leste nos lembra que a hist\u00f3ria humana tem um prop\u00f3sito: a plena manifesta\u00e7\u00e3o do Reino de Deus.<\/li>\n\n\n\n<li><strong>A Unidade da Igreja<\/strong>: O gesto de todos os membros da assembleia voltados na mesma dire\u00e7\u00e3o simboliza a unidade da Igreja na ora\u00e7\u00e3o e na adora\u00e7\u00e3o a Deus. Nesse sentido, a missa celebrada <em>ad orientem<\/em> torna-se um ato comunit\u00e1rio, no qual todos, sacerdote e povo, est\u00e3o unidos em um olhar comum para Deus. N\u00e3o \u00e9 um ato de separa\u00e7\u00e3o, mas um convite \u00e0 unidade e a uma dire\u00e7\u00e3o comum em Cristo.<\/li>\n\n\n\n<li><strong>Cristo como o Sol da Justi\u00e7a<\/strong>: Na tradi\u00e7\u00e3o crist\u00e3, Cristo \u00e9 o Sol da Justi\u00e7a que ilumina toda a humanidade. A dire\u00e7\u00e3o para o leste simboliza tamb\u00e9m a luz que Cristo traz ao mundo, e o sacerdote, como <em>alter Christus<\/em>, guia a comunidade para essa luz representada na Eucaristia.<\/li>\n<\/ul>\n\n\n\n<hr class=\"wp-block-separator has-alpha-channel-opacity\"\/>\n\n\n\n<h4 class=\"wp-block-heading\"><strong>4. Aplica\u00e7\u00f5es Pr\u00e1ticas de Ad Orientem na Vida Espiritual<\/strong><\/h4>\n\n\n\n<p>Embora a forma como celebramos a missa e a orienta\u00e7\u00e3o do sacerdote possam parecer detalhes rituais distantes da vida cotidiana, seu significado profundo tem implica\u00e7\u00f5es pr\u00e1ticas para nossa vida espiritual.<\/p>\n\n\n\n<ul class=\"wp-block-list\">\n<li><strong>Cultivar a Esperan\u00e7a<\/strong>: A missa celebrada <em>ad orientem<\/em> nos convida a olhar sempre para frente, a viver com esperan\u00e7a e a nunca perder de vista o retorno de Cristo. Essa esperan\u00e7a n\u00e3o \u00e9 uma espera passiva, mas um chamado a viver segundo o Evangelho, buscando sempre a justi\u00e7a, a paz e a santidade em nossa vida di\u00e1ria.<\/li>\n\n\n\n<li><strong>Centrar-se na Eucaristia<\/strong>: A Eucaristia \u00e9 o centro da vida crist\u00e3. Recordar o significado de <em>ad orientem<\/em> pode aprofundar nossa participa\u00e7\u00e3o na missa, n\u00e3o apenas como uma atividade comunit\u00e1ria, mas como um encontro pessoal com Cristo. Assim como o sacerdote guia a comunidade para Cristo, devemos estar atentos \u00e0 nossa rela\u00e7\u00e3o pessoal com Ele, orientando nossas a\u00e7\u00f5es di\u00e1rias para Ele.<\/li>\n\n\n\n<li><strong>A Comunidade Crist\u00e3<\/strong>: Celebrar <em>ad orientem<\/em> nos lembra que a vida crist\u00e3 n\u00e3o \u00e9 individualista, mas que fazemos parte de uma comunidade que caminha junta em dire\u00e7\u00e3o ao mesmo objetivo: a salva\u00e7\u00e3o. Esse senso de comunh\u00e3o deve refletir-se em nossos relacionamentos di\u00e1rios, buscando sempre a unidade, o respeito e o amor m\u00fatuo entre todos os membros da Igreja.<\/li>\n<\/ul>\n\n\n\n<hr class=\"wp-block-separator has-alpha-channel-opacity\"\/>\n\n\n\n<h4 class=\"wp-block-heading\"><strong>5. O Futuro de Ad Orientem na Igreja<\/strong><\/h4>\n\n\n\n<p>Hoje, observa-se um interesse renovado pela pr\u00e1tica de <em>ad orientem<\/em> em algumas comunidades cat\u00f3licas, especialmente em contextos onde os fi\u00e9is buscam uma conex\u00e3o mais profunda com a tradi\u00e7\u00e3o lit\u00fargica. Para muitos, essa forma de celebrar a missa oferece uma dimens\u00e3o espiritual maior, permitindo-lhes concentrar-se plenamente no sacrif\u00edcio de Cristo e na adora\u00e7\u00e3o a Deus.<\/p>\n\n\n\n<p>No entanto, o retorno a <em>ad orientem<\/em> n\u00e3o deve ser visto como uma oposi\u00e7\u00e3o \u00e0 reforma lit\u00fargica do Conc\u00edlio Vaticano II, mas como uma op\u00e7\u00e3o leg\u00edtima que pode enriquecer a vida da Igreja. O desafio para a Igreja hoje \u00e9 encontrar um equil\u00edbrio que respeite tanto a rica tradi\u00e7\u00e3o lit\u00fargica quanto a necessidade de uma participa\u00e7\u00e3o ativa e consciente de todos os fi\u00e9is.<\/p>\n\n\n\n<hr class=\"wp-block-separator has-alpha-channel-opacity\"\/>\n\n\n\n<h4 class=\"wp-block-heading\"><strong>Conclus\u00e3o: Olhar para o Leste na Vida Crist\u00e3<\/strong><\/h4>\n\n\n\n<p>A pr\u00e1tica de celebrar <em>ad orientem<\/em> nos convida a olhar para o leste, para o horizonte onde Cristo aparecer\u00e1 em sua gl\u00f3ria, trazendo consigo a salva\u00e7\u00e3o definitiva para toda a humanidade. Ao participar da missa e viver nossa f\u00e9, devemos viver com essa mesma dire\u00e7\u00e3o: para o futuro, para a esperan\u00e7a, para Cristo. Nesse sentido, <em>ad orientem<\/em> n\u00e3o \u00e9 apenas uma forma de celebrar a liturgia, mas uma maneira de viver. Que possamos, ao viver nossa f\u00e9, olhar sempre para o leste, para o encontro definitivo com Cristo, a luz que ilumina nosso caminho e d\u00e1 sentido \u00e0 nossa exist\u00eancia.<\/p>\n","protected":false},"excerpt":{"rendered":"<p>Na vida crist\u00e3, a maneira como celebramos a liturgia vai muito al\u00e9m de simples rituais e tradi\u00e7\u00f5es. Cada elemento carrega um significado profundo que reflete nossa rela\u00e7\u00e3o com Deus, com a Igreja e com a comunidade. Nesse contexto, um aspecto que tem recebido aten\u00e7\u00e3o teol\u00f3gica renovada nos \u00faltimos anos \u00e9 a orienta\u00e7\u00e3o do celebrante durante &hellip;<\/p>\n","protected":false},"author":3,"featured_media":1560,"comment_status":"open","ping_status":"open","sticky":false,"template":"","format":"standard","meta":{"_seopress_robots_primary_cat":"","_seopress_titles_title":"","_seopress_titles_desc":"","_seopress_robots_index":"","footnotes":""},"categories":[38,52],"tags":[341],"class_list":["post-1559","post","type-post","status-publish","format-standard","has-post-thumbnail","","category-historia-e-tradicao","category-liturgia-e-ano-liturgico","tag-ad-orientem"],"_links":{"self":[{"href":"https:\/\/catholicus.eu\/pt\/wp-json\/wp\/v2\/posts\/1559","targetHints":{"allow":["GET"]}}],"collection":[{"href":"https:\/\/catholicus.eu\/pt\/wp-json\/wp\/v2\/posts"}],"about":[{"href":"https:\/\/catholicus.eu\/pt\/wp-json\/wp\/v2\/types\/post"}],"author":[{"embeddable":true,"href":"https:\/\/catholicus.eu\/pt\/wp-json\/wp\/v2\/users\/3"}],"replies":[{"embeddable":true,"href":"https:\/\/catholicus.eu\/pt\/wp-json\/wp\/v2\/comments?post=1559"}],"version-history":[{"count":1,"href":"https:\/\/catholicus.eu\/pt\/wp-json\/wp\/v2\/posts\/1559\/revisions"}],"predecessor-version":[{"id":1561,"href":"https:\/\/catholicus.eu\/pt\/wp-json\/wp\/v2\/posts\/1559\/revisions\/1561"}],"wp:featuredmedia":[{"embeddable":true,"href":"https:\/\/catholicus.eu\/pt\/wp-json\/wp\/v2\/media\/1560"}],"wp:attachment":[{"href":"https:\/\/catholicus.eu\/pt\/wp-json\/wp\/v2\/media?parent=1559"}],"wp:term":[{"taxonomy":"category","embeddable":true,"href":"https:\/\/catholicus.eu\/pt\/wp-json\/wp\/v2\/categories?post=1559"},{"taxonomy":"post_tag","embeddable":true,"href":"https:\/\/catholicus.eu\/pt\/wp-json\/wp\/v2\/tags?post=1559"}],"curies":[{"name":"wp","href":"https:\/\/api.w.org\/{rel}","templated":true}]}}