{"id":1509,"date":"2024-11-29T01:02:38","date_gmt":"2024-11-29T00:02:38","guid":{"rendered":"https:\/\/catholicus.eu\/pt\/?p=1509"},"modified":"2024-11-29T01:02:38","modified_gmt":"2024-11-29T00:02:38","slug":"abencoar-a-mesa-um-ato-de-gratidao-e-fe","status":"publish","type":"post","link":"https:\/\/catholicus.eu\/pt\/abencoar-a-mesa-um-ato-de-gratidao-e-fe\/","title":{"rendered":"Aben\u00e7oar a mesa: um ato de gratid\u00e3o e f\u00e9"},"content":{"rendered":"\n<p>Na tradi\u00e7\u00e3o cat\u00f3lica, aben\u00e7oar a mesa antes das refei\u00e7\u00f5es \u00e9 muito mais do que um simples gesto de agradecimento. \u00c9 um momento de encontro com Deus, um ato de f\u00e9 que reconhece a Sua provid\u00eancia e uma oportunidade de santificar at\u00e9 mesmo os aspectos mais cotidianos da vida. Embora essa pr\u00e1tica possa parecer simples, ela carrega uma profunda riqueza teol\u00f3gica e espiritual, conectando os fi\u00e9is a uma hist\u00f3ria de gratid\u00e3o e reconhecimento da a\u00e7\u00e3o de Deus em suas vidas.<\/p>\n\n\n\n<p>Neste artigo, exploraremos o significado de aben\u00e7oar a mesa, desde suas origens b\u00edblicas at\u00e9 sua relev\u00e2ncia no mundo contempor\u00e2neo, oferecendo um guia pr\u00e1tico e reflexivo para integrar essa pr\u00e1tica plenamente no dia a dia.<\/p>\n\n\n\n<hr class=\"wp-block-separator has-alpha-channel-opacity\"\/>\n\n\n\n<h2 class=\"wp-block-heading\">Hist\u00f3ria e contexto b\u00edblico<\/h2>\n\n\n\n<h3 class=\"wp-block-heading\">Um ato de gratid\u00e3o nas Escrituras<\/h3>\n\n\n\n<p>A pr\u00e1tica de aben\u00e7oar os alimentos tem ra\u00edzes profundas na Sagrada Escritura. J\u00e1 no Antigo Testamento, encontramos exemplos em que o alimento e o agradecimento est\u00e3o intimamente ligados. No livro do Deuteron\u00f4mio, os israelitas s\u00e3o convidados a louvar a Deus ap\u00f3s comerem pelos dons recebidos:<\/p>\n\n\n\n<blockquote class=\"wp-block-quote is-layout-flow wp-block-quote-is-layout-flow\">\n<p>\u201cDepois de teres comido e estiveres saciado, louvar\u00e1s o Senhor, teu Deus, pelo bom pa\u00eds que te deu\u201d (Dt 8,10).<\/p>\n<\/blockquote>\n\n\n\n<p>No Novo Testamento, o pr\u00f3prio Jesus oferece um exemplo claro dessa pr\u00e1tica. No milagre da multiplica\u00e7\u00e3o dos p\u00e3es, Jesus toma o alimento, d\u00e1 gra\u00e7as e o distribui:<\/p>\n\n\n\n<blockquote class=\"wp-block-quote is-layout-flow wp-block-quote-is-layout-flow\">\n<p>\u201cE, tomando os cinco p\u00e3es e os dois peixes, ergueu os olhos para o c\u00e9u, pronunciou a b\u00ean\u00e7\u00e3o, partiu os p\u00e3es e os deu aos disc\u00edpulos\u201d (Mt 14,19).<\/p>\n<\/blockquote>\n\n\n\n<p>Tamb\u00e9m na \u00daltima Ceia, Jesus aben\u00e7oou o p\u00e3o e o vinho antes de oferec\u00ea-los como Seu Corpo e Sangue. Esses gestos mostram que aben\u00e7oar os alimentos \u00e9, essencialmente, um reconhecimento de Deus como fonte de toda provid\u00eancia e sustento.<\/p>\n\n\n\n<h3 class=\"wp-block-heading\">Tradi\u00e7\u00e3o apost\u00f3lica<\/h3>\n\n\n\n<p>Os primeiros crist\u00e3os, seguindo o exemplo de Jesus, tamb\u00e9m aben\u00e7oavam seus alimentos. Nos Atos dos Ap\u00f3stolos, lemos como as comunidades crist\u00e3s se reuniam para compartilhar as refei\u00e7\u00f5es e louvar a Deus pelos dons recebidos:<\/p>\n\n\n\n<blockquote class=\"wp-block-quote is-layout-flow wp-block-quote-is-layout-flow\">\n<p>\u201cTomavam o alimento com alegria e singeleza de cora\u00e7\u00e3o, louvando a Deus\u201d (At 2,46-47).<\/p>\n<\/blockquote>\n\n\n\n<p>Esse costume foi transmitido ao longo dos s\u00e9culos e est\u00e1 profundamente enraizado na vida da Igreja.<\/p>\n\n\n\n<hr class=\"wp-block-separator has-alpha-channel-opacity\"\/>\n\n\n\n<h2 class=\"wp-block-heading\">Relev\u00e2ncia teol\u00f3gica<\/h2>\n\n\n\n<h3 class=\"wp-block-heading\">A provid\u00eancia de Deus<\/h3>\n\n\n\n<p>Aben\u00e7oar a mesa nos lembra que tudo o que temos vem de Deus. \u00c9 um ato que nos convida a viver na depend\u00eancia de Sua provid\u00eancia, reconhecendo que, embora trabalhemos para obter o p\u00e3o de cada dia, \u00e9 Deus quem aben\u00e7oa e torna frut\u00edferos nossos esfor\u00e7os.<\/p>\n\n\n\n<p>Num mundo que valoriza a autossufici\u00eancia, esse ato de humildade e gratid\u00e3o tem um impacto espiritual profundo. Ajuda-nos a nos reconhecer como criaturas dependentes do Criador e a confiar na Sua bondade e cuidado constantes.<\/p>\n\n\n\n<h3 class=\"wp-block-heading\">Participa\u00e7\u00e3o na cria\u00e7\u00e3o<\/h3>\n\n\n\n<p>Aben\u00e7oar os alimentos tamb\u00e9m \u00e9 um reconhecimento da nossa participa\u00e7\u00e3o na obra da cria\u00e7\u00e3o. Os alimentos que consumimos s\u00e3o o resultado de uma colabora\u00e7\u00e3o entre Deus e a humanidade. O agricultor, o padeiro, o pescador&#8230; todos contribuem com o seu trabalho, mas \u00e9 Deus quem d\u00e1 o crescimento e a vida. Esse reconhecimento nos chama a valorizar e respeitar os dons da terra e o esfor\u00e7o humano.<\/p>\n\n\n\n<h3 class=\"wp-block-heading\">Um eco da Eucaristia<\/h3>\n\n\n\n<p>Aben\u00e7oar os alimentos nos conecta ao mist\u00e9rio eucar\u00edstico. Assim como o p\u00e3o e o vinho s\u00e3o consagrados durante a Missa para se tornarem o Corpo e o Sangue de Cristo, ao aben\u00e7oar nossas refei\u00e7\u00f5es, dedicamos os alimentos para um prop\u00f3sito sagrado: nutrir o nosso corpo para o servi\u00e7o de Deus.<\/p>\n\n\n\n<hr class=\"wp-block-separator has-alpha-channel-opacity\"\/>\n\n\n\n<h2 class=\"wp-block-heading\">Aplica\u00e7\u00f5es pr\u00e1ticas<\/h2>\n\n\n\n<h3 class=\"wp-block-heading\">Como aben\u00e7oar a mesa<\/h3>\n\n\n\n<p>Embora n\u00e3o haja uma f\u00f3rmula fixa, a Igreja prop\u00f5e ora\u00e7\u00f5es que podem servir como guia. A mais comum \u00e9:<\/p>\n\n\n\n<blockquote class=\"wp-block-quote is-layout-flow wp-block-quote-is-layout-flow\">\n<p>\u201cAben\u00e7oai-nos, Senhor, e a estes dons que, por Vossa bondade, vamos receber. Por Cristo, nosso Senhor. Am\u00e9m.\u201d<\/p>\n<\/blockquote>\n\n\n\n<p>No entanto, a ora\u00e7\u00e3o pode ser personalizada, incluindo pedidos por aqueles que passam necessidade, agradecendo por b\u00ean\u00e7\u00e3os espec\u00edficas ou mencionando inten\u00e7\u00f5es particulares.<\/p>\n\n\n\n<h3 class=\"wp-block-heading\">Envolver a fam\u00edlia<\/h3>\n\n\n\n<p>Aben\u00e7oar a mesa \u00e9 uma excelente oportunidade para fortalecer a f\u00e9 em fam\u00edlia. Envolver todos os membros, especialmente as crian\u00e7as, promove uma cultura de gratid\u00e3o e ora\u00e7\u00e3o. Os pais podem incentivar os filhos a liderar a b\u00ean\u00e7\u00e3o, ajudando-os a crescer na sua rela\u00e7\u00e3o com Deus.<\/p>\n\n\n\n<h3 class=\"wp-block-heading\">Dar testemunho em p\u00fablico<\/h3>\n\n\n\n<p>N\u00e3o devemos ter medo de aben\u00e7oar a mesa em p\u00fablico. Este simples gesto pode ser um poderoso testemunho da nossa f\u00e9. Al\u00e9m disso, nos convida a viver coerentemente como crist\u00e3os, lembrando-nos de que nossa rela\u00e7\u00e3o com Deus n\u00e3o se limita ao espa\u00e7o privado.<\/p>\n\n\n\n<hr class=\"wp-block-separator has-alpha-channel-opacity\"\/>\n\n\n\n<h2 class=\"wp-block-heading\">Reflex\u00e3o contempor\u00e2nea<\/h2>\n\n\n\n<h3 class=\"wp-block-heading\">Gratid\u00e3o em um mundo acelerado<\/h3>\n\n\n\n<p>Vivemos numa \u00e9poca em que as refei\u00e7\u00f5es s\u00e3o muitas vezes r\u00e1pidas e consumidas de forma distra\u00edda, e onde a gratid\u00e3o parece um conceito esquecido. No entanto, reservar um momento para aben\u00e7oar a mesa nos ajuda a contrariar essa cultura de \u201cconsumo inconsciente\u201d. \u00c9 um ato de resist\u00eancia espiritual que nos convida a viver com mais consci\u00eancia e gratid\u00e3o.<\/p>\n\n\n\n<h3 class=\"wp-block-heading\">Solidariedade com os necessitados<\/h3>\n\n\n\n<p>A b\u00ean\u00e7\u00e3o dos alimentos tamb\u00e9m deve nos levar a pensar naqueles que n\u00e3o t\u00eam o necess\u00e1rio para viver. Este ato n\u00e3o pode permanecer apenas um ritual, mas deve nos inspirar a compartilhar nossos bens e a trabalhar por um mundo mais justo.<\/p>\n\n\n\n<h3 class=\"wp-block-heading\">Um convite \u00e0 ecologia integral<\/h3>\n\n\n\n<p>No contexto do cuidado com a cria\u00e7\u00e3o, aben\u00e7oar os alimentos nos convida a valorizar os recursos que Deus nos deu. Isso inclui evitar desperd\u00edcios, optar por alimentos sustent\u00e1veis e promover pr\u00e1ticas que respeitem o meio ambiente.<\/p>\n\n\n\n<hr class=\"wp-block-separator has-alpha-channel-opacity\"\/>\n\n\n\n<h2 class=\"wp-block-heading\">Conclus\u00e3o<\/h2>\n\n\n\n<p>Aben\u00e7oar a mesa \u00e9 muito mais do que uma a\u00e7\u00e3o habitual; \u00e9 um ato profundo de f\u00e9, gratid\u00e3o e louvor. Conecta-nos \u00e0s ra\u00edzes b\u00edblicas e eucar\u00edsticas da nossa f\u00e9, lembra-nos da provid\u00eancia divina e nos chama a viver com responsabilidade e gratid\u00e3o.<\/p>\n\n\n\n<p>Integrar essa pr\u00e1tica no nosso dia a dia n\u00e3o s\u00f3 santifica o momento da refei\u00e7\u00e3o, mas tamb\u00e9m fortalece a nossa rela\u00e7\u00e3o com Deus e com o pr\u00f3ximo. Num mundo que frequentemente esquece a import\u00e2ncia de agradecer, aben\u00e7oar a mesa torna-se um ato contracultural que nos convida a viver com mais consci\u00eancia, gratid\u00e3o e solidariedade.<\/p>\n\n\n\n<p>Hoje, mais do que nunca, este simples gesto pode transformar nossas vidas e as vidas das pessoas ao nosso redor. Que os nossos cora\u00e7\u00f5es estejam cheios de gratid\u00e3o e que as nossas a\u00e7\u00f5es reflitam o amor e a generosidade de Deus, que nos concede tudo.<\/p>\n","protected":false},"excerpt":{"rendered":"<p>Na tradi\u00e7\u00e3o cat\u00f3lica, aben\u00e7oar a mesa antes das refei\u00e7\u00f5es \u00e9 muito mais do que um simples gesto de agradecimento. \u00c9 um momento de encontro com Deus, um ato de f\u00e9 que reconhece a Sua provid\u00eancia e uma oportunidade de santificar at\u00e9 mesmo os aspectos mais cotidianos da vida. Embora essa pr\u00e1tica possa parecer simples, ela &hellip;<\/p>\n","protected":false},"author":3,"featured_media":1510,"comment_status":"open","ping_status":"open","sticky":false,"template":"","format":"standard","meta":{"_seopress_robots_primary_cat":"","_seopress_titles_title":"","_seopress_titles_desc":"","_seopress_robots_index":"","footnotes":""},"categories":[55,39],"tags":[322],"class_list":["post-1509","post","type-post","status-publish","format-standard","has-post-thumbnail","","category-familia-e-matrimonio","category-moral-e-vida-crista","tag-abencoar-a-mesa"],"_links":{"self":[{"href":"https:\/\/catholicus.eu\/pt\/wp-json\/wp\/v2\/posts\/1509","targetHints":{"allow":["GET"]}}],"collection":[{"href":"https:\/\/catholicus.eu\/pt\/wp-json\/wp\/v2\/posts"}],"about":[{"href":"https:\/\/catholicus.eu\/pt\/wp-json\/wp\/v2\/types\/post"}],"author":[{"embeddable":true,"href":"https:\/\/catholicus.eu\/pt\/wp-json\/wp\/v2\/users\/3"}],"replies":[{"embeddable":true,"href":"https:\/\/catholicus.eu\/pt\/wp-json\/wp\/v2\/comments?post=1509"}],"version-history":[{"count":1,"href":"https:\/\/catholicus.eu\/pt\/wp-json\/wp\/v2\/posts\/1509\/revisions"}],"predecessor-version":[{"id":1511,"href":"https:\/\/catholicus.eu\/pt\/wp-json\/wp\/v2\/posts\/1509\/revisions\/1511"}],"wp:featuredmedia":[{"embeddable":true,"href":"https:\/\/catholicus.eu\/pt\/wp-json\/wp\/v2\/media\/1510"}],"wp:attachment":[{"href":"https:\/\/catholicus.eu\/pt\/wp-json\/wp\/v2\/media?parent=1509"}],"wp:term":[{"taxonomy":"category","embeddable":true,"href":"https:\/\/catholicus.eu\/pt\/wp-json\/wp\/v2\/categories?post=1509"},{"taxonomy":"post_tag","embeddable":true,"href":"https:\/\/catholicus.eu\/pt\/wp-json\/wp\/v2\/tags?post=1509"}],"curies":[{"name":"wp","href":"https:\/\/api.w.org\/{rel}","templated":true}]}}