{"id":1440,"date":"2024-11-24T15:23:59","date_gmt":"2024-11-24T14:23:59","guid":{"rendered":"https:\/\/catholicus.eu\/pt\/?p=1440"},"modified":"2024-11-24T15:28:22","modified_gmt":"2024-11-24T14:28:22","slug":"o-codigo-de-direito-canonico-um-guia-vivo-para-a-igreja-e-os-fieis","status":"publish","type":"post","link":"https:\/\/catholicus.eu\/pt\/o-codigo-de-direito-canonico-um-guia-vivo-para-a-igreja-e-os-fieis\/","title":{"rendered":"O C\u00f3digo de Direito Can\u00f4nico: Um Guia Vivo para a Igreja e os Fi\u00e9is"},"content":{"rendered":"\n<p>O <strong>C\u00f3digo de Direito Can\u00f4nico<\/strong> \u00e9 muito mais do que uma cole\u00e7\u00e3o de normas jur\u00eddicas; \u00e9 um instrumento que estrutura e d\u00e1 vida \u00e0 Igreja Cat\u00f3lica, ajudando os fi\u00e9is a viverem sua f\u00e9 de maneira ordenada e em comunh\u00e3o com toda a Igreja. Embora este tema possa parecer reservado a canonistas ou especialistas, este conjunto de leis \u00e9 profundamente relevante para cada cat\u00f3lico, pois regula tudo, desde a vida sacramental at\u00e9 as rela\u00e7\u00f5es dentro da comunidade eclesial. Neste artigo, exploraremos sua hist\u00f3ria, significado teol\u00f3gico e aplica\u00e7\u00f5es pr\u00e1ticas, refletindo sobre como ele pode iluminar nossa vida cotidiana como crentes.<\/p>\n\n\n\n<hr class=\"wp-block-separator has-alpha-channel-opacity\"\/>\n\n\n\n<h2 class=\"wp-block-heading\"><strong>1. Origens e Hist\u00f3ria do Direito Can\u00f4nico<\/strong><\/h2>\n\n\n\n<h3 class=\"wp-block-heading\"><strong>1.1. Dos Ap\u00f3stolos aos Conc\u00edlios<\/strong><\/h3>\n\n\n\n<p>Desde os primeiros dias, a Igreja Cat\u00f3lica sentiu a necessidade de estabelecer normas para guiar os fi\u00e9is e garantir a unidade na diversidade. J\u00e1 no <strong>Novo Testamento<\/strong> encontramos tra\u00e7os dessas regras: nos Atos dos Ap\u00f3stolos, por exemplo, \u00e9 mencionado o Conc\u00edlio de Jerusal\u00e9m, onde os l\u00edderes da Igreja primitiva discutiram e resolveram quest\u00f5es doutrin\u00e1rias e pr\u00e1ticas (cf. At 15,1-29).<\/p>\n\n\n\n<p>Com o passar do tempo, essas normas foram ampliadas e estruturadas em cole\u00e7\u00f5es chamadas <strong>c\u00e2nones<\/strong>, derivadas do termo grego <em>kan\u00f3n<\/em>, que significa \u201cregra\u201d ou \u201cmedida\u201d. \u00c0 medida que a Igreja crescia, os conc\u00edlios ecum\u00eanicos e os s\u00ednodos locais come\u00e7aram a estabelecer leis universais e particulares. Um marco nesse processo foi o Conc\u00edlio de Niceia (325 d.C.), cujas disposi\u00e7\u00f5es marcaram o in\u00edcio de uma sistematiza\u00e7\u00e3o mais clara do Direito Can\u00f4nico.<\/p>\n\n\n\n<h3 class=\"wp-block-heading\"><strong>1.2. A Codifica\u00e7\u00e3o Medieval<\/strong><\/h3>\n\n\n\n<p>Na Idade M\u00e9dia, o Direito Can\u00f4nico tornou-se cada vez mais complexo. Uma figura central desse per\u00edodo foi <strong>Graciano<\/strong>, um monge que compilou o <em>Decreto de Graciano<\/em> no s\u00e9culo XII, uma obra monumental que harmonizava as normas existentes e servia como manual para a forma\u00e7\u00e3o jur\u00eddica na Igreja. Esse per\u00edodo tamb\u00e9m viu o surgimento das <strong>Decretais de Greg\u00f3rio IX<\/strong> (1234), que consolidaram o corpus jur\u00eddico eclesi\u00e1stico.<\/p>\n\n\n\n<h3 class=\"wp-block-heading\"><strong>1.3. Os C\u00f3digos de 1917 e 1983<\/strong><\/h3>\n\n\n\n<p>O primeiro C\u00f3digo de Direito Can\u00f4nico a ser promulgado foi o de 1917, por iniciativa do Papa Bento XV. Esse c\u00f3digo, ordenado e sistem\u00e1tico, representou um importante avan\u00e7o, apresentando as leis da Igreja em um formato acess\u00edvel e coerente.<\/p>\n\n\n\n<p>No entanto, com o Conc\u00edlio Vaticano II (1962-1965), sentiu-se a necessidade de atualizar o C\u00f3digo para refletir uma compreens\u00e3o renovada da Igreja como Povo de Deus e de sua miss\u00e3o no mundo. Assim, em 1983, o Papa Jo\u00e3o Paulo II promulgou o atual <strong>C\u00f3digo de Direito Can\u00f4nico<\/strong>, destinado \u00e0 Igreja de rito latino. Os fi\u00e9is das Igrejas orientais t\u00eam seu pr\u00f3prio c\u00f3digo, promulgado em 1990.<\/p>\n\n\n\n<hr class=\"wp-block-separator has-alpha-channel-opacity\"\/>\n\n\n\n<h2 class=\"wp-block-heading\"><strong>2. Significado Teol\u00f3gico do Direito Can\u00f4nico<\/strong><\/h2>\n\n\n\n<p>O Direito Can\u00f4nico n\u00e3o \u00e9 simplesmente uma cole\u00e7\u00e3o de normas jur\u00eddicas; possui uma dimens\u00e3o profundamente teol\u00f3gica. Cada um de seus c\u00e2nones \u00e9 inspirado pela miss\u00e3o da Igreja de conduzir todos os homens \u00e0 salva\u00e7\u00e3o em Cristo.<\/p>\n\n\n\n<h3 class=\"wp-block-heading\"><strong>2.1. A Igreja como Comunidade Ordenada<\/strong><\/h3>\n\n\n\n<p>O C\u00f3digo reflete a natureza da Igreja como <strong>Corpo M\u00edstico de Cristo<\/strong>, em que cada membro tem um papel \u00fanico, mas interdependente (cf. 1 Cor 12,12-27). As leis n\u00e3o t\u00eam como objetivo limitar, mas favorecer a comunh\u00e3o e a ordem necess\u00e1rias para que esta comunidade possa viver plenamente sua miss\u00e3o evangelizadora.<\/p>\n\n\n\n<h3 class=\"wp-block-heading\"><strong>2.2. O Equil\u00edbrio entre Justi\u00e7a e Miseric\u00f3rdia<\/strong><\/h3>\n\n\n\n<p>A ess\u00eancia do Direito Can\u00f4nico baseia-se na <strong>justi\u00e7a<\/strong> divina, sempre unida \u00e0 <strong>miseric\u00f3rdia<\/strong>. Por isso, embora estabele\u00e7a normas claras, o C\u00f3digo inclui disposi\u00e7\u00f5es para garantir que as leis sejam aplicadas com amor e sensibilidade pastoral.<\/p>\n\n\n\n<h3 class=\"wp-block-heading\"><strong>2.3. A Salva\u00e7\u00e3o das Almas como Lei Suprema<\/strong><\/h3>\n\n\n\n<p>O \u00faltimo c\u00e2none do C\u00f3digo (c. 1752) afirma que na aplica\u00e7\u00e3o das leis deve sempre prevalecer o princ\u00edpio da <strong>salus animarum<\/strong> (a salva\u00e7\u00e3o das almas). Esse lembrete coloca a pessoa humana e sua rela\u00e7\u00e3o com Deus no centro de toda a legisla\u00e7\u00e3o eclesi\u00e1stica.<\/p>\n\n\n\n<hr class=\"wp-block-separator has-alpha-channel-opacity\"\/>\n\n\n\n<h2 class=\"wp-block-heading\"><strong>3. Aplica\u00e7\u00f5es Pr\u00e1ticas do C\u00f3digo na Vida Cotidiana<\/strong><\/h2>\n\n\n\n<p>Embora o Direito Can\u00f4nico possa parecer distante de nossa vida cotidiana, sua influ\u00eancia \u00e9 profunda e tang\u00edvel em muitos aspectos de nossa experi\u00eancia como cat\u00f3licos.<\/p>\n\n\n\n<h3 class=\"wp-block-heading\"><strong>3.1. Na Vida Sacramental<\/strong><\/h3>\n\n\n\n<p>O C\u00f3digo regula os sacramentos, desde os requisitos para receber o batismo (cc. 849-878) at\u00e9 as disposi\u00e7\u00f5es sobre o matrim\u00f4nio (cc. 1055-1165). Por exemplo, o c\u00e2none 844 permite, em circunst\u00e2ncias espec\u00edficas, que os cat\u00f3licos recebam a Eucaristia em outras Igrejas crist\u00e3s, sublinhando a import\u00e2ncia da unidade e da caridade em situa\u00e7\u00f5es pastorais concretas.<\/p>\n\n\n\n<h3 class=\"wp-block-heading\"><strong>3.2. Na Organiza\u00e7\u00e3o Paroquial<\/strong><\/h3>\n\n\n\n<p>O C\u00f3digo tamb\u00e9m regula a vida das par\u00f3quias e dioceses, estabelecendo os direitos e deveres dos fi\u00e9is leigos e do clero. Isso inclui, por exemplo, a administra\u00e7\u00e3o dos bens paroquiais (cc. 1254-1310) e o direito dos leigos de formar associa\u00e7\u00f5es para promover a miss\u00e3o da Igreja (c. 215).<\/p>\n\n\n\n<h3 class=\"wp-block-heading\"><strong>3.3. Na Resolu\u00e7\u00e3o de Conflitos<\/strong><\/h3>\n\n\n\n<p>O Direito Can\u00f4nico oferece mecanismos para resolver controv\u00e9rsias dentro da Igreja, sempre com o objetivo de restabelecer a comunh\u00e3o e a justi\u00e7a. Por exemplo, regula os procedimentos para apela\u00e7\u00f5es ou investiga\u00e7\u00f5es em casos de abuso, refletindo o compromisso da Igreja com a transpar\u00eancia e a responsabilidade.<\/p>\n\n\n\n<hr class=\"wp-block-separator has-alpha-channel-opacity\"\/>\n\n\n\n<h2 class=\"wp-block-heading\"><strong>4. O Direito Can\u00f4nico no Contexto Atual<\/strong><\/h2>\n\n\n\n<p>Num mundo em constante evolu\u00e7\u00e3o, o Direito Can\u00f4nico permanece como um pilar de estabilidade e orienta\u00e7\u00e3o para a Igreja. Suas normas ajudam a enfrentar quest\u00f5es contempor\u00e2neas, como:<\/p>\n\n\n\n<ul class=\"wp-block-list\">\n<li><strong>O papel dos leigos:<\/strong> O C\u00f3digo reconhece o protagonismo dos leigos na miss\u00e3o evangelizadora da Igreja (cc. 225-231), elemento crucial numa \u00e9poca em que a seculariza\u00e7\u00e3o desafia a Igreja a ser mais mission\u00e1ria.<\/li>\n\n\n\n<li><strong>A prote\u00e7\u00e3o de menores e adultos vulner\u00e1veis:<\/strong> Reformas recentes refor\u00e7aram as disposi\u00e7\u00f5es can\u00f4nicas para prevenir abusos e garantir a dignidade de todos os fi\u00e9is.<\/li>\n\n\n\n<li><strong>O di\u00e1logo ecum\u00eanico e inter-religioso:<\/strong> As normas que regulam as rela\u00e7\u00f5es com outras confiss\u00f5es sublinham a import\u00e2ncia do testemunho crist\u00e3o num mundo pluralista.<\/li>\n<\/ul>\n\n\n\n<hr class=\"wp-block-separator has-alpha-channel-opacity\"\/>\n\n\n\n<h2 class=\"wp-block-heading\"><strong>5. Viver o Direito Can\u00f4nico como Caminho para a Santidade<\/strong><\/h2>\n\n\n\n<p>Como cat\u00f3licos, somos chamados a enxergar o Direito Can\u00f4nico n\u00e3o como um fardo, mas como uma ferramenta para viver nossa f\u00e9 de maneira mais plena e coerente. Aqui est\u00e3o algumas formas de aplic\u00e1-lo em nossa vida cotidiana:<\/p>\n\n\n\n<ul class=\"wp-block-list\">\n<li><strong>Conhecer nossos direitos e deveres como fi\u00e9is:<\/strong> Por exemplo, o direito de receber os sacramentos (c. 213) e o dever de contribuir para o sustento da Igreja (c. 222).<\/li>\n\n\n\n<li><strong>Promover a unidade e a caridade:<\/strong> Compreender e respeitar as leis da Igreja nos ajuda a construir comunidades mais unidas e solid\u00e1rias.<\/li>\n\n\n\n<li><strong>Buscar justi\u00e7a e miseric\u00f3rdia:<\/strong> Em nossas rela\u00e7\u00f5es dentro da Igreja, somos chamados a refletir o equil\u00edbrio entre verdade e amor que caracteriza o Direito Can\u00f4nico.<\/li>\n<\/ul>\n\n\n\n<hr class=\"wp-block-separator has-alpha-channel-opacity\"\/>\n\n\n\n<h2 class=\"wp-block-heading\"><strong>Conclus\u00e3o<\/strong><\/h2>\n\n\n\n<p>O C\u00f3digo de Direito Can\u00f4nico \u00e9 um testemunho vivo de como a Igreja busca refletir, em sua estrutura jur\u00eddica, o amor e a sabedoria de Cristo. Longe de ser uma cole\u00e7\u00e3o r\u00edgida de regras, \u00e9 um guia que nos convida a caminhar na comunh\u00e3o, na justi\u00e7a e na miseric\u00f3rdia em dire\u00e7\u00e3o ao nosso objetivo final: a salva\u00e7\u00e3o. Compreendendo-o e aplicando-o em nossa vida cotidiana, n\u00e3o apenas fortalecemos nossa f\u00e9, mas tamb\u00e9m contribu\u00edmos para construir uma Igreja mais fiel \u00e0 sua miss\u00e3o divina. <strong>E voc\u00ea, est\u00e1 pronto para descobrir como o Direito Can\u00f4nico pode transformar sua vida?<\/strong><\/p>\n","protected":false},"excerpt":{"rendered":"<p>O C\u00f3digo de Direito Can\u00f4nico \u00e9 muito mais do que uma cole\u00e7\u00e3o de normas jur\u00eddicas; \u00e9 um instrumento que estrutura e d\u00e1 vida \u00e0 Igreja Cat\u00f3lica, ajudando os fi\u00e9is a viverem sua f\u00e9 de maneira ordenada e em comunh\u00e3o com toda a Igreja. Embora este tema possa parecer reservado a canonistas ou especialistas, este conjunto &hellip;<\/p>\n","protected":false},"author":3,"featured_media":1441,"comment_status":"open","ping_status":"open","sticky":false,"template":"","format":"standard","meta":{"_seopress_robots_primary_cat":"","_seopress_titles_title":"","_seopress_titles_desc":"","_seopress_robots_index":"","footnotes":""},"categories":[38,51],"tags":[292],"class_list":["post-1440","post","type-post","status-publish","format-standard","has-post-thumbnail","","category-historia-e-tradicao","category-magisterio-da-igreja","tag-codigo-de-direito-canonico"],"_links":{"self":[{"href":"https:\/\/catholicus.eu\/pt\/wp-json\/wp\/v2\/posts\/1440","targetHints":{"allow":["GET"]}}],"collection":[{"href":"https:\/\/catholicus.eu\/pt\/wp-json\/wp\/v2\/posts"}],"about":[{"href":"https:\/\/catholicus.eu\/pt\/wp-json\/wp\/v2\/types\/post"}],"author":[{"embeddable":true,"href":"https:\/\/catholicus.eu\/pt\/wp-json\/wp\/v2\/users\/3"}],"replies":[{"embeddable":true,"href":"https:\/\/catholicus.eu\/pt\/wp-json\/wp\/v2\/comments?post=1440"}],"version-history":[{"count":1,"href":"https:\/\/catholicus.eu\/pt\/wp-json\/wp\/v2\/posts\/1440\/revisions"}],"predecessor-version":[{"id":1442,"href":"https:\/\/catholicus.eu\/pt\/wp-json\/wp\/v2\/posts\/1440\/revisions\/1442"}],"wp:featuredmedia":[{"embeddable":true,"href":"https:\/\/catholicus.eu\/pt\/wp-json\/wp\/v2\/media\/1441"}],"wp:attachment":[{"href":"https:\/\/catholicus.eu\/pt\/wp-json\/wp\/v2\/media?parent=1440"}],"wp:term":[{"taxonomy":"category","embeddable":true,"href":"https:\/\/catholicus.eu\/pt\/wp-json\/wp\/v2\/categories?post=1440"},{"taxonomy":"post_tag","embeddable":true,"href":"https:\/\/catholicus.eu\/pt\/wp-json\/wp\/v2\/tags?post=1440"}],"curies":[{"name":"wp","href":"https:\/\/api.w.org\/{rel}","templated":true}]}}