{"id":1418,"date":"2024-11-22T11:47:30","date_gmt":"2024-11-22T10:47:30","guid":{"rendered":"https:\/\/catholicus.eu\/pt\/?p=1418"},"modified":"2024-11-22T11:47:30","modified_gmt":"2024-11-22T10:47:30","slug":"refutando-mitos-sobre-a-igreja-catolica-verdade-historia-e-fe-no-contexto-atual","status":"publish","type":"post","link":"https:\/\/catholicus.eu\/pt\/refutando-mitos-sobre-a-igreja-catolica-verdade-historia-e-fe-no-contexto-atual\/","title":{"rendered":"Refutando mitos sobre a Igreja Cat\u00f3lica: Verdade, hist\u00f3ria e f\u00e9 no contexto atual"},"content":{"rendered":"\n<p>A Igreja Cat\u00f3lica, uma institui\u00e7\u00e3o que moldou profundamente a hist\u00f3ria, a cultura e a espiritualidade de milh\u00f5es de pessoas, n\u00e3o est\u00e1 isenta de controv\u00e9rsias e mal-entendidos. Ao longo dos s\u00e9culos, surgiram mitos e ideias equivocadas que geraram confus\u00e3o sobre o que a Igreja realmente ensina, defende e vive. Neste artigo, abordaremos alguns dos mitos mais difundidos sobre a Igreja Cat\u00f3lica, explorando sua hist\u00f3ria, teologia e a relev\u00e2ncia de seus ensinamentos para nossas vidas hoje.<\/p>\n\n\n\n<hr class=\"wp-block-separator has-alpha-channel-opacity\"\/>\n\n\n\n<h2 class=\"wp-block-heading\"><strong>Mito 1: &#8220;A Igreja Cat\u00f3lica \u00e9 contra a ci\u00eancia&#8221;<\/strong><\/h2>\n\n\n\n<h3 class=\"wp-block-heading\"><strong>O mito<\/strong><\/h3>\n\n\n\n<p>Um dos mitos mais persistentes \u00e9 que a Igreja Cat\u00f3lica e a ci\u00eancia s\u00e3o inimigas irreconcili\u00e1veis. Esse equ\u00edvoco frequentemente se apoia em eventos hist\u00f3ricos, como o caso de Galileu Galilei, frequentemente citado como exemplo de uma suposta hostilidade da Igreja ao conhecimento cient\u00edfico.<\/p>\n\n\n\n<h3 class=\"wp-block-heading\"><strong>A verdade hist\u00f3rica<\/strong><\/h3>\n\n\n\n<p>Nada poderia estar mais distante da realidade. A Igreja Cat\u00f3lica foi uma das principais promotoras da ci\u00eancia ao longo da hist\u00f3ria. Desde a funda\u00e7\u00e3o das primeiras universidades na Europa at\u00e9 o trabalho de cientistas-sacerdotes como Georges Lema\u00eetre, que formulou a teoria do Big Bang, a rela\u00e7\u00e3o entre f\u00e9 e raz\u00e3o sempre foi central no pensamento cat\u00f3lico.<\/p>\n\n\n\n<p>O <em>Catecismo da Igreja Cat\u00f3lica<\/em> afirma explicitamente: <em>&#8220;Embora a f\u00e9 esteja acima da raz\u00e3o, nunca pode haver um verdadeiro desacordo entre f\u00e9 e ci\u00eancia&#8221;<\/em> (CIC, 159). Isso reflete uma confian\u00e7a profunda de que Deus, Criador do universo, fez um mundo compreens\u00edvel \u00e0 intelig\u00eancia humana.<\/p>\n\n\n\n<h3 class=\"wp-block-heading\"><strong>Aplica\u00e7\u00e3o pr\u00e1tica<\/strong><\/h3>\n\n\n\n<p>Para os cat\u00f3licos de hoje, esse mito \u00e9 um convite a n\u00e3o temer a busca pelo conhecimento. F\u00e9 e raz\u00e3o n\u00e3o s\u00e3o opostas; elas se complementam. Estudar ci\u00eancia ou explorar as maravilhas do universo n\u00e3o \u00e9 apenas compat\u00edvel com a f\u00e9, mas tamb\u00e9m pode ser uma maneira de glorificar a Deus.<\/p>\n\n\n\n<hr class=\"wp-block-separator has-alpha-channel-opacity\"\/>\n\n\n\n<h2 class=\"wp-block-heading\"><strong>Mito 2: &#8220;A Igreja oprime as mulheres&#8221;<\/strong><\/h2>\n\n\n\n<h3 class=\"wp-block-heading\"><strong>O mito<\/strong><\/h3>\n\n\n\n<p>Outra cren\u00e7a comum \u00e9 que a Igreja Cat\u00f3lica oprime as mulheres e as exclui de pap\u00e9is significativos dentro de sua estrutura e miss\u00e3o.<\/p>\n\n\n\n<h3 class=\"wp-block-heading\"><strong>A verdade hist\u00f3rica e teol\u00f3gica<\/strong><\/h3>\n\n\n\n<p>A realidade \u00e9 que a Igreja Cat\u00f3lica elevou de maneira \u00fanica e poderosa a dignidade das mulheres desde os seus prim\u00f3rdios. Em uma \u00e9poca em que as mulheres eram frequentemente vistas como pouco mais que propriedades, o cristianismo proclamava que todos s\u00e3o iguais diante de Deus (G\u00e1latas 3,28). A venera\u00e7\u00e3o de Maria, m\u00e3e de Jesus, como modelo supremo de santidade humana, \u00e9 uma prova de como a Igreja reconhece e celebra o papel crucial das mulheres na hist\u00f3ria da salva\u00e7\u00e3o.<\/p>\n\n\n\n<p>Al\u00e9m disso, muitas mulheres desempenharam pap\u00e9is centrais na hist\u00f3ria da Igreja: Santa Catarina de Siena e Santa Teresa de \u00c1vila s\u00e3o Doutoras da Igreja; Santa Teresa de Calcut\u00e1 mostrou ao mundo o rosto do amor de Cristo; e, em comunidades locais, par\u00f3quias e ordens religiosas, as mulheres s\u00e3o o cora\u00e7\u00e3o vivo da Igreja.<\/p>\n\n\n\n<h3 class=\"wp-block-heading\"><strong>Aplica\u00e7\u00e3o pr\u00e1tica<\/strong><\/h3>\n\n\n\n<p>Para os fi\u00e9is de hoje, esse mito nos convida a refletir sobre como honramos e promovemos a dignidade de todas as pessoas, especialmente das mulheres. A verdadeira igualdade, como ensina a Igreja, n\u00e3o est\u00e1 em uniformizar pap\u00e9is, mas em reconhecer a voca\u00e7\u00e3o \u00fanica e digna de cada pessoa.<\/p>\n\n\n\n<hr class=\"wp-block-separator has-alpha-channel-opacity\"\/>\n\n\n\n<h2 class=\"wp-block-heading\"><strong>Mito 3: &#8220;A Igreja \u00e9 obcecada por regras&#8221;<\/strong><\/h2>\n\n\n\n<h3 class=\"wp-block-heading\"><strong>O mito<\/strong><\/h3>\n\n\n\n<p>Para alguns, a Igreja parece uma institui\u00e7\u00e3o fria e legalista, preocupada apenas em impor regras e restri\u00e7\u00f5es.<\/p>\n\n\n\n<h3 class=\"wp-block-heading\"><strong>A verdade teol\u00f3gica<\/strong><\/h3>\n\n\n\n<p>A realidade \u00e9 que as regras da Igreja n\u00e3o s\u00e3o um fim em si mesmas, mas meios para viver uma vida plena em Cristo. O pr\u00f3prio Jesus disse: <em>&#8220;Eu vim para que tenham vida e a tenham em abund\u00e2ncia&#8221;<\/em> (Jo\u00e3o 10,10). Os mandamentos e preceitos da Igreja n\u00e3o s\u00e3o fardos, mas guias que nos libertam do pecado e nos levam \u00e0 verdadeira liberdade.<\/p>\n\n\n\n<p>Por exemplo, os ensinamentos sobre a moral sexual n\u00e3o negam a felicidade, mas convidam a viver o amor de forma mais profunda e aut\u00eantica. A Eucaristia, centro da vida cat\u00f3lica, n\u00e3o \u00e9 uma &#8220;regra&#8221;, mas um presente que nutre nossa rela\u00e7\u00e3o com Cristo.<\/p>\n\n\n\n<h3 class=\"wp-block-heading\"><strong>Aplica\u00e7\u00e3o pr\u00e1tica<\/strong><\/h3>\n\n\n\n<p>Esse mito nos desafia a olhar al\u00e9m das regras e descobrir o esp\u00edrito por tr\u00e1s delas. Pergunte-se: como os ensinamentos da Igreja me ajudam a crescer em santidade e liberdade? Reflita sobre como a ora\u00e7\u00e3o e os sacramentos podem transformar as &#8220;regras&#8221; em encontros vivos com o amor de Deus.<\/p>\n\n\n\n<hr class=\"wp-block-separator has-alpha-channel-opacity\"\/>\n\n\n\n<h2 class=\"wp-block-heading\"><strong>Mito 4: &#8220;A Igreja est\u00e1 desconectada dos problemas modernos&#8221;<\/strong><\/h2>\n\n\n\n<h3 class=\"wp-block-heading\"><strong>O mito<\/strong><\/h3>\n\n\n\n<p>Costuma-se dizer que a Igreja Cat\u00f3lica n\u00e3o compreende ou aborda os desafios do mundo contempor\u00e2neo, sejam eles relacionados \u00e0 justi\u00e7a social ou \u00e0s quest\u00f5es ambientais.<\/p>\n\n\n\n<h3 class=\"wp-block-heading\"><strong>A verdade<\/strong><\/h3>\n\n\n\n<p>A Doutrina Social da Igreja demonstra o contr\u00e1rio. Enc\u00edclicas como <em>Laudato Si\u2019<\/em> do Papa Francisco abordam a crise ecol\u00f3gica com um apelo urgente para cuidar da nossa &#8220;casa comum&#8221;. Documentos como <em>Rerum Novarum<\/em> e <em>Caritas in Veritate<\/em> foram far\u00f3is na defesa dos direitos dos trabalhadores, da dignidade humana e da justi\u00e7a econ\u00f4mica.<\/p>\n\n\n\n<p>Al\u00e9m disso, milh\u00f5es de cat\u00f3licos em todo o mundo trabalham em hospitais, escolas e miss\u00f5es, servindo os mais vulner\u00e1veis. Desde a Caritas Internationalis at\u00e9 pequenas par\u00f3quias locais, a Igreja est\u00e1 profundamente envolvida nas quest\u00f5es modernas.<\/p>\n\n\n\n<h3 class=\"wp-block-heading\"><strong>Aplica\u00e7\u00e3o pr\u00e1tica<\/strong><\/h3>\n\n\n\n<p>Para n\u00f3s, esse mito \u00e9 um convite a participar ativamente de nossas comunidades. A f\u00e9 cat\u00f3lica n\u00e3o se limita a uma ora\u00e7\u00e3o pessoal; ela \u00e9 a\u00e7\u00e3o. Como voc\u00ea pode ser um agente de mudan\u00e7a em seu ambiente? Quais ensinamentos da Igreja voc\u00ea pode aplicar para promover justi\u00e7a, paz e cuidado com a cria\u00e7\u00e3o?<\/p>\n\n\n\n<hr class=\"wp-block-separator has-alpha-channel-opacity\"\/>\n\n\n\n<h2 class=\"wp-block-heading\"><strong>Mito 5: &#8220;A Igreja \u00e9 uma institui\u00e7\u00e3o humana, n\u00e3o divina&#8221;<\/strong><\/h2>\n\n\n\n<h3 class=\"wp-block-heading\"><strong>O mito<\/strong><\/h3>\n\n\n\n<p>Alguns afirmam que a Igreja \u00e9 apenas uma constru\u00e7\u00e3o humana imperfeita e, portanto, carece de autoridade divina.<\/p>\n\n\n\n<h3 class=\"wp-block-heading\"><strong>A verdade teol\u00f3gica<\/strong><\/h3>\n\n\n\n<p>\u00c9 verdade que a Igreja \u00e9 composta por seres humanos pecadores, mas tamb\u00e9m \u00e9 verdade que foi fundada pelo pr\u00f3prio Cristo. Jesus prometeu a Pedro: <em>&#8220;Tu \u00e9s Pedro, e sobre esta pedra edificarei a minha Igreja, e as portas do inferno n\u00e3o prevalecer\u00e3o contra ela&#8221;<\/em> (Mateus 16,18). A Igreja \u00e9 santa porque seu chefe \u00e9 Cristo e porque \u00e9 guiada pelo Esp\u00edrito Santo, mesmo que seus membros sejam imperfeitos.<\/p>\n\n\n\n<p>A hist\u00f3ria mostra que, apesar dos erros humanos, a Igreja perseverou por mais de dois mil\u00eanios, um testemunho de seu car\u00e1ter divino.<\/p>\n\n\n\n<h3 class=\"wp-block-heading\"><strong>Aplica\u00e7\u00e3o pr\u00e1tica<\/strong><\/h3>\n\n\n\n<p>Esse mito nos convida a olhar al\u00e9m das imperfei\u00e7\u00f5es humanas e a depositar nossa confian\u00e7a em Cristo, que \u00e9 o verdadeiro fundamento de nossa f\u00e9. Se a Igreja resistiu a persegui\u00e7\u00f5es, cismas e esc\u00e2ndalos, o que nos impede, como membros do Corpo de Cristo, de renovar nossa f\u00e9 e nosso compromisso?<\/p>\n\n\n\n<hr class=\"wp-block-separator has-alpha-channel-opacity\"\/>\n\n\n\n<h2 class=\"wp-block-heading\"><strong>Conclus\u00e3o: A verdade vos libertar\u00e1<\/strong><\/h2>\n\n\n\n<p>Desmascarar esses mitos n\u00e3o apenas nos ajuda a compreender melhor a Igreja Cat\u00f3lica, mas tamb\u00e9m nos abre a porta para uma f\u00e9 mais profunda. A Igreja n\u00e3o \u00e9 perfeita, mas \u00e9 um instrumento de salva\u00e7\u00e3o, uma comunidade de f\u00e9 e um lugar onde milh\u00f5es encontram significado, prop\u00f3sito e amor.<\/p>\n\n\n\n<p>Hoje, mais do que nunca, o mundo precisa da mensagem de esperan\u00e7a e verdade que a Igreja proclama. Ao aprender e compartilhar seu verdadeiro rosto, voc\u00ea tamb\u00e9m pode fazer parte dessa miss\u00e3o transformadora.<\/p>\n","protected":false},"excerpt":{"rendered":"<p>A Igreja Cat\u00f3lica, uma institui\u00e7\u00e3o que moldou profundamente a hist\u00f3ria, a cultura e a espiritualidade de milh\u00f5es de pessoas, n\u00e3o est\u00e1 isenta de controv\u00e9rsias e mal-entendidos. Ao longo dos s\u00e9culos, surgiram mitos e ideias equivocadas que geraram confus\u00e3o sobre o que a Igreja realmente ensina, defende e vive. Neste artigo, abordaremos alguns dos mitos mais &hellip;<\/p>\n","protected":false},"author":3,"featured_media":1419,"comment_status":"open","ping_status":"open","sticky":false,"template":"","format":"standard","meta":{"_seopress_robots_primary_cat":"","_seopress_titles_title":"","_seopress_titles_desc":"","_seopress_robots_index":"","footnotes":""},"categories":[54,39],"tags":[],"class_list":["post-1418","post","type-post","status-publish","format-standard","has-post-thumbnail","","category-bioetica-e-questoes-contemporaneas","category-moral-e-vida-crista"],"_links":{"self":[{"href":"https:\/\/catholicus.eu\/pt\/wp-json\/wp\/v2\/posts\/1418","targetHints":{"allow":["GET"]}}],"collection":[{"href":"https:\/\/catholicus.eu\/pt\/wp-json\/wp\/v2\/posts"}],"about":[{"href":"https:\/\/catholicus.eu\/pt\/wp-json\/wp\/v2\/types\/post"}],"author":[{"embeddable":true,"href":"https:\/\/catholicus.eu\/pt\/wp-json\/wp\/v2\/users\/3"}],"replies":[{"embeddable":true,"href":"https:\/\/catholicus.eu\/pt\/wp-json\/wp\/v2\/comments?post=1418"}],"version-history":[{"count":1,"href":"https:\/\/catholicus.eu\/pt\/wp-json\/wp\/v2\/posts\/1418\/revisions"}],"predecessor-version":[{"id":1420,"href":"https:\/\/catholicus.eu\/pt\/wp-json\/wp\/v2\/posts\/1418\/revisions\/1420"}],"wp:featuredmedia":[{"embeddable":true,"href":"https:\/\/catholicus.eu\/pt\/wp-json\/wp\/v2\/media\/1419"}],"wp:attachment":[{"href":"https:\/\/catholicus.eu\/pt\/wp-json\/wp\/v2\/media?parent=1418"}],"wp:term":[{"taxonomy":"category","embeddable":true,"href":"https:\/\/catholicus.eu\/pt\/wp-json\/wp\/v2\/categories?post=1418"},{"taxonomy":"post_tag","embeddable":true,"href":"https:\/\/catholicus.eu\/pt\/wp-json\/wp\/v2\/tags?post=1418"}],"curies":[{"name":"wp","href":"https:\/\/api.w.org\/{rel}","templated":true}]}}