{"id":1360,"date":"2024-11-19T17:25:11","date_gmt":"2024-11-19T16:25:11","guid":{"rendered":"https:\/\/catholicus.eu\/pt\/?p=1360"},"modified":"2024-11-19T17:25:11","modified_gmt":"2024-11-19T16:25:11","slug":"e-possivel-a-salvacao-das-almas-fora-da-igreja-catolica","status":"publish","type":"post","link":"https:\/\/catholicus.eu\/pt\/e-possivel-a-salvacao-das-almas-fora-da-igreja-catolica\/","title":{"rendered":"\u00c9 poss\u00edvel a salva\u00e7\u00e3o das almas fora da Igreja Cat\u00f3lica?"},"content":{"rendered":"\n<p>Desde os seus prim\u00f3rdios, a Igreja Cat\u00f3lica proclamou a sua miss\u00e3o universal: ser o sacramento da salva\u00e7\u00e3o para toda a humanidade. Esta afirma\u00e7\u00e3o levantou quest\u00f5es profundas e debates teol\u00f3gicos sobre a possibilidade de salva\u00e7\u00e3o fora dos limites vis\u00edveis da Igreja. Num mundo cada vez mais pluralista e globalizado, esta quest\u00e3o n\u00e3o tem apenas implica\u00e7\u00f5es teol\u00f3gicas, mas tamb\u00e9m pastorais e espirituais, tanto para os crentes como para os n\u00e3o crentes.<\/p>\n\n\n\n<p>Neste artigo, exploraremos as ra\u00edzes hist\u00f3ricas desta doutrina, o seu desenvolvimento na teologia cat\u00f3lica, os esclarecimentos do Magist\u00e9rio e a sua aplica\u00e7\u00e3o pr\u00e1tica no contexto atual. O objetivo \u00e9 responder de forma clara e profunda a uma quest\u00e3o central: o que significa para a Igreja Cat\u00f3lica afirmar que fora dela n\u00e3o h\u00e1 salva\u00e7\u00e3o?<\/p>\n\n\n\n<hr class=\"wp-block-separator has-alpha-channel-opacity\"\/>\n\n\n\n<h2 class=\"wp-block-heading\"><strong>Ra\u00edzes hist\u00f3ricas e formula\u00e7\u00e3o inicial: <em>Extra Ecclesiam nulla salus<\/em><\/strong><\/h2>\n\n\n\n<p>A express\u00e3o latina <em>Extra Ecclesiam nulla salus<\/em> (&#8220;Fora da Igreja n\u00e3o h\u00e1 salva\u00e7\u00e3o&#8221;) \u00e9 uma afirma\u00e7\u00e3o poderosa que surgiu no contexto dos primeiros s\u00e9culos do cristianismo. Naquela \u00e9poca, os Padres da Igreja, como S\u00e3o Cipriano de Cartago, enfatizaram a unidade da Igreja como condi\u00e7\u00e3o indispens\u00e1vel para receber os meios de salva\u00e7\u00e3o institu\u00eddos por Cristo, em particular os sacramentos.<\/p>\n\n\n\n<p>S\u00e3o Cipriano dizia: <em>&#8220;N\u00e3o pode ter Deus como Pai quem n\u00e3o tem a Igreja como M\u00e3e.&#8221;<\/em> Nesse sentido, a Igreja era entendida como o Corpo de Cristo e a \u00fanica arca de salva\u00e7\u00e3o, compar\u00e1vel ao papel da arca de No\u00e9 no Antigo Testamento.<\/p>\n\n\n\n<p>No entanto, essa formula\u00e7\u00e3o inicial foi fortemente influenciada pelas circunst\u00e2ncias hist\u00f3ricas: a defesa da unidade contra heresias e cismas e a \u00eanfase na centralidade de Cristo como \u00fanico Salvador.<\/p>\n\n\n\n<hr class=\"wp-block-separator has-alpha-channel-opacity\"\/>\n\n\n\n<h2 class=\"wp-block-heading\"><strong>Desenvolvimento teol\u00f3gico: do exclusivismo ao inclusivismo<\/strong><\/h2>\n\n\n\n<p>Com o passar do tempo, a compreens\u00e3o desta doutrina foi sendo aprofundada e refinada. O Conc\u00edlio de Floren\u00e7a (s\u00e9culo XV) reafirmou a necessidade de pertencer \u00e0 Igreja para alcan\u00e7ar a salva\u00e7\u00e3o, mas n\u00e3o abordou explicitamente o destino daqueles que, por ignor\u00e2ncia ou circunst\u00e2ncias insuper\u00e1veis, n\u00e3o pertenciam visivelmente \u00e0 Igreja. Isso abriu espa\u00e7o para um desenvolvimento posterior.<\/p>\n\n\n\n<p>O avan\u00e7o teol\u00f3gico mais significativo ocorreu com o Conc\u00edlio Vaticano II (1962-1965). Em documentos como <em>Lumen Gentium<\/em> e <em>Gaudium et Spes<\/em>, a Igreja reconheceu que:<\/p>\n\n\n\n<ol class=\"wp-block-list\">\n<li><strong>Cristo \u00e9 o \u00fanico mediador da salva\u00e7\u00e3o.<\/strong> A Igreja \u00e9 o instrumento principal dessa salva\u00e7\u00e3o, mas Deus, em sua infinita miseric\u00f3rdia, pode agir tamb\u00e9m fora de seus limites vis\u00edveis.<\/li>\n\n\n\n<li><strong>Os n\u00e3o crist\u00e3os n\u00e3o est\u00e3o automaticamente condenados.<\/strong> Aqueles que, sem culpa pr\u00f3pria, n\u00e3o conhecem o Evangelho, mas buscam sinceramente a Deus e agem de acordo com sua consci\u00eancia, podem alcan\u00e7ar a salva\u00e7\u00e3o.<\/li>\n<\/ol>\n\n\n\n<p>Em <em>Lumen Gentium<\/em>, afirma-se que a Igreja inclui, de certo modo, todos aqueles que buscam sinceramente a Deus: <em>&#8220;Todos os homens s\u00e3o chamados a formar o novo Povo de Deus. Este povo, enquanto permanece uno e \u00fanico, deve estar presente em todo o mundo e em todas as \u00e9pocas, para que se cumpra o des\u00edgnio da vontade de Deus.&#8221;<\/em> (<em>LG<\/em>, 13).<\/p>\n\n\n\n<hr class=\"wp-block-separator has-alpha-channel-opacity\"\/>\n\n\n\n<h2 class=\"wp-block-heading\"><strong>O que significa &#8220;Fora da Igreja n\u00e3o h\u00e1 salva\u00e7\u00e3o&#8221; hoje?<\/strong><\/h2>\n\n\n\n<p>Para compreender esta afirma\u00e7\u00e3o no contexto atual, \u00e9 necess\u00e1rio considerar tr\u00eas pontos fundamentais:<\/p>\n\n\n\n<h3 class=\"wp-block-heading\">1. <strong>A Igreja como sacramento universal da salva\u00e7\u00e3o<\/strong><\/h3>\n\n\n\n<p>A Igreja n\u00e3o \u00e9 apenas uma institui\u00e7\u00e3o humana; ela \u00e9 o Corpo de Cristo e o instrumento vis\u00edvel que Deus estabeleceu para oferecer a gra\u00e7a da salva\u00e7\u00e3o. Isso n\u00e3o significa que Deus esteja limitado pelos sacramentos, mas que estes s\u00e3o os meios ordin\u00e1rios que Ele instituiu.<\/p>\n\n\n\n<h3 class=\"wp-block-heading\">2. <strong>A a\u00e7\u00e3o de Deus fora dos limites vis\u00edveis da Igreja<\/strong><\/h3>\n\n\n\n<p>O <em>Catecismo da Igreja Cat\u00f3lica<\/em> (n. 846\u2013848) ensina que Deus n\u00e3o nega a salva\u00e7\u00e3o \u00e0queles que, sem culpa pr\u00f3pria, ignoram Cristo ou a sua Igreja, mas buscam sinceramente a verdade e fazem o bem. Aqui destaca-se a import\u00e2ncia da consci\u00eancia moral e da gra\u00e7a preveniente, que opera mesmo naqueles que n\u00e3o conhecem explicitamente Cristo.<\/p>\n\n\n\n<h3 class=\"wp-block-heading\">3. <strong>A responsabilidade da evangeliza\u00e7\u00e3o<\/strong><\/h3>\n\n\n\n<p>Embora a salva\u00e7\u00e3o seja poss\u00edvel fora da Igreja vis\u00edvel, isso n\u00e3o diminui a responsabilidade dos cat\u00f3licos de anunciar o Evangelho. Como diz S\u00e3o Paulo: <em>&#8220;Ai de mim se n\u00e3o evangelizar!&#8221;<\/em> (1 Cor 9,16). A evangeliza\u00e7\u00e3o n\u00e3o \u00e9 um ato de superioridade, mas de amor: compartilhar com os outros o tesouro da f\u00e9.<\/p>\n\n\n\n<hr class=\"wp-block-separator has-alpha-channel-opacity\"\/>\n\n\n\n<h2 class=\"wp-block-heading\"><strong>Aplica\u00e7\u00f5es pr\u00e1ticas para a vida crist\u00e3<\/strong><\/h2>\n\n\n\n<p>Esta quest\u00e3o tem implica\u00e7\u00f5es concretas na nossa rela\u00e7\u00e3o com Deus, com a Igreja e com o pr\u00f3ximo:<\/p>\n\n\n\n<h3 class=\"wp-block-heading\">a) <strong>Um convite \u00e0 humildade<\/strong><\/h3>\n\n\n\n<p>Reconhecer que Deus age misteriosamente mesmo fora dos limites vis\u00edveis da Igreja convida-nos \u00e0 humildade e a evitar julgar os outros. A salva\u00e7\u00e3o \u00e9 um dom gratuito de Deus, n\u00e3o algo que possamos merecer ou controlar.<\/p>\n\n\n\n<h3 class=\"wp-block-heading\">b) <strong>Valorizar a perten\u00e7a \u00e0 Igreja<\/strong><\/h3>\n\n\n\n<p>Embora Deus possa salvar fora da Igreja vis\u00edvel, aqueles que receberam o dom da f\u00e9 cat\u00f3lica s\u00e3o chamados a viv\u00ea-la plenamente. Isso inclui a participa\u00e7\u00e3o nos sacramentos, a integra\u00e7\u00e3o na comunidade de f\u00e9 e o testemunho do amor de Cristo no mundo.<\/p>\n\n\n\n<h3 class=\"wp-block-heading\">c) <strong>Comprometer-se com o di\u00e1logo inter-religioso<\/strong><\/h3>\n\n\n\n<p>Num mundo marcado pela diversidade religiosa, esta quest\u00e3o encoraja um di\u00e1logo respeitoso e aberto com pessoas de outras cren\u00e7as, reconhecendo as sementes de verdade que Deus plantou na vida delas.<\/p>\n\n\n\n<h3 class=\"wp-block-heading\">d) <strong>A import\u00e2ncia da miss\u00e3o<\/strong><\/h3>\n\n\n\n<p>Por fim, esta quest\u00e3o lembra-nos da urg\u00eancia da miss\u00e3o evangelizadora. Anunciar Cristo n\u00e3o \u00e9 uma imposi\u00e7\u00e3o, mas um convite a compartilhar a alegria e a plenitude que Ele oferece.<\/p>\n\n\n\n<hr class=\"wp-block-separator has-alpha-channel-opacity\"\/>\n\n\n\n<h2 class=\"wp-block-heading\"><strong>Conclus\u00e3o<\/strong><\/h2>\n\n\n\n<p>A afirma\u00e7\u00e3o &#8220;Fora da Igreja n\u00e3o h\u00e1 salva\u00e7\u00e3o&#8221; n\u00e3o \u00e9 uma declara\u00e7\u00e3o de exclus\u00e3o, mas de inclus\u00e3o no amor salvador de Deus. A Igreja Cat\u00f3lica, como sacramento universal da salva\u00e7\u00e3o, proclama com humildade e fidelidade que Cristo \u00e9 o \u00fanico mediador entre Deus e os homens. Ao mesmo tempo, confia na infinita miseric\u00f3rdia de Deus, que opera mesmo em circunst\u00e2ncias que ultrapassam a nossa compreens\u00e3o.<\/p>\n\n\n\n<p>Como cat\u00f3licos, somos chamados a viver a nossa f\u00e9 com gratid\u00e3o e generosidade, a evangelizar com alegria e a dialogar com respeito, sabendo que o plano de salva\u00e7\u00e3o de Deus abrange toda a humanidade. Em \u00faltima an\u00e1lise, a nossa esperan\u00e7a repousa na certeza de que Deus <em>&#8220;quer que todos os homens sejam salvos e cheguem ao conhecimento da verdade&#8221;<\/em> (1 Tm 2,4).<\/p>\n","protected":false},"excerpt":{"rendered":"<p>Desde os seus prim\u00f3rdios, a Igreja Cat\u00f3lica proclamou a sua miss\u00e3o universal: ser o sacramento da salva\u00e7\u00e3o para toda a humanidade. Esta afirma\u00e7\u00e3o levantou quest\u00f5es profundas e debates teol\u00f3gicos sobre a possibilidade de salva\u00e7\u00e3o fora dos limites vis\u00edveis da Igreja. Num mundo cada vez mais pluralista e globalizado, esta quest\u00e3o n\u00e3o tem apenas implica\u00e7\u00f5es teol\u00f3gicas, &hellip;<\/p>\n","protected":false},"author":3,"featured_media":1361,"comment_status":"open","ping_status":"open","sticky":false,"template":"","format":"standard","meta":{"_seopress_robots_primary_cat":"","_seopress_titles_title":"","_seopress_titles_desc":"","_seopress_robots_index":"","footnotes":""},"categories":[43,37],"tags":[214,142],"class_list":["post-1360","post","type-post","status-publish","format-standard","has-post-thumbnail","","category-catecismo-da-igreja-catolica","category-doutrina-e-fe","tag-almas","tag-salvacao"],"_links":{"self":[{"href":"https:\/\/catholicus.eu\/pt\/wp-json\/wp\/v2\/posts\/1360","targetHints":{"allow":["GET"]}}],"collection":[{"href":"https:\/\/catholicus.eu\/pt\/wp-json\/wp\/v2\/posts"}],"about":[{"href":"https:\/\/catholicus.eu\/pt\/wp-json\/wp\/v2\/types\/post"}],"author":[{"embeddable":true,"href":"https:\/\/catholicus.eu\/pt\/wp-json\/wp\/v2\/users\/3"}],"replies":[{"embeddable":true,"href":"https:\/\/catholicus.eu\/pt\/wp-json\/wp\/v2\/comments?post=1360"}],"version-history":[{"count":1,"href":"https:\/\/catholicus.eu\/pt\/wp-json\/wp\/v2\/posts\/1360\/revisions"}],"predecessor-version":[{"id":1362,"href":"https:\/\/catholicus.eu\/pt\/wp-json\/wp\/v2\/posts\/1360\/revisions\/1362"}],"wp:featuredmedia":[{"embeddable":true,"href":"https:\/\/catholicus.eu\/pt\/wp-json\/wp\/v2\/media\/1361"}],"wp:attachment":[{"href":"https:\/\/catholicus.eu\/pt\/wp-json\/wp\/v2\/media?parent=1360"}],"wp:term":[{"taxonomy":"category","embeddable":true,"href":"https:\/\/catholicus.eu\/pt\/wp-json\/wp\/v2\/categories?post=1360"},{"taxonomy":"post_tag","embeddable":true,"href":"https:\/\/catholicus.eu\/pt\/wp-json\/wp\/v2\/tags?post=1360"}],"curies":[{"name":"wp","href":"https:\/\/api.w.org\/{rel}","templated":true}]}}