{"id":1353,"date":"2024-11-17T23:46:14","date_gmt":"2024-11-17T22:46:14","guid":{"rendered":"https:\/\/catholicus.eu\/pt\/?p=1353"},"modified":"2024-11-17T23:46:14","modified_gmt":"2024-11-17T22:46:14","slug":"por-que-os-catolicos-fazem-o-sinal-da-cruz","status":"publish","type":"post","link":"https:\/\/catholicus.eu\/pt\/por-que-os-catolicos-fazem-o-sinal-da-cruz\/","title":{"rendered":"Por que os cat\u00f3licos fazem o sinal da cruz?"},"content":{"rendered":"\n<p>O sinal da cruz \u00e9 um dos gestos mais antigos e significativos da f\u00e9 crist\u00e3. Fazemos esse gesto no in\u00edcio das ora\u00e7\u00f5es, ao entrar na igreja ou em momentos de necessidade. Este ato simples, muitas vezes realizado quase automaticamente, est\u00e1 carregado de profundo significado teol\u00f3gico, hist\u00f3rico e espiritual. Neste artigo, exploraremos o sentido do sinal da cruz, suas ra\u00edzes hist\u00f3ricas, sua relev\u00e2ncia teol\u00f3gica e como esse gesto pode transformar nossa vida espiritual.<\/p>\n\n\n\n<hr class=\"wp-block-separator has-alpha-channel-opacity\"\/>\n\n\n\n<h2 class=\"wp-block-heading\"><strong>A hist\u00f3ria do sinal da cruz<\/strong><\/h2>\n\n\n\n<h3 class=\"wp-block-heading\"><strong>Os primeiros crist\u00e3os e a origem da pr\u00e1tica<\/strong><\/h3>\n\n\n\n<p>A pr\u00e1tica de fazer o sinal da cruz remonta aos primeiros s\u00e9culos do cristianismo. Segundo os testemunhos dos Padres da Igreja, como Tertuliano (s\u00e9culo II-III), os crist\u00e3os tra\u00e7avam uma cruz na testa para expressar sua f\u00e9 em Cristo crucificado. Esse gesto servia para distingui-los em um mundo hostil e pag\u00e3o. Tertuliano escreveu:<\/p>\n\n\n\n<blockquote class=\"wp-block-quote is-layout-flow wp-block-quote-is-layout-flow\">\n<p>&#8220;Em cada movimento, cada passo, ao entrar ou sair&#8230; tra\u00e7amos nossa testa com o sinal da cruz.&#8221; (<em>De Corona<\/em>, cap\u00edtulo 3).<\/p>\n<\/blockquote>\n\n\n\n<p>Inicialmente, o sinal era mais simples e limitava-se a um tra\u00e7o na testa. Com o tempo, desenvolveu-se o gesto completo que conhecemos hoje, tocando a testa, o peito e os dois ombros.<\/p>\n\n\n\n<h3 class=\"wp-block-heading\"><strong>Evolu\u00e7\u00e3o lit\u00fargica e cultural<\/strong><\/h3>\n\n\n\n<p>Durante a Idade M\u00e9dia, o sinal da cruz ganhou maior relev\u00e2ncia lit\u00fargica. Tornou-se parte essencial das ora\u00e7\u00f5es e b\u00ean\u00e7\u00e3os. Al\u00e9m disso, o uso da \u00e1gua benta ao acompanhar esse gesto adicionou um elemento sacramental, que nos lembra o nosso batismo e a purifica\u00e7\u00e3o dos pecados.<\/p>\n\n\n\n<p>Nas tradi\u00e7\u00f5es orientais e ocidentais, h\u00e1 pequenas diferen\u00e7as na forma de fazer o sinal da cruz, mas o simbolismo permanece o mesmo: proclamar a f\u00e9 na Trindade e na obra redentora de Cristo.<\/p>\n\n\n\n<hr class=\"wp-block-separator has-alpha-channel-opacity\"\/>\n\n\n\n<h2 class=\"wp-block-heading\"><strong>A relev\u00e2ncia teol\u00f3gica do sinal da cruz<\/strong><\/h2>\n\n\n\n<p>O sinal da cruz n\u00e3o \u00e9 apenas um ritual, mas uma proclama\u00e7\u00e3o de f\u00e9 cheia de significado. Cada movimento e cada palavra cont\u00eam verdades fundamentais da f\u00e9 cat\u00f3lica.<\/p>\n\n\n\n<h3 class=\"wp-block-heading\"><strong>1. Invocar a Sant\u00edssima Trindade<\/strong><\/h3>\n\n\n\n<p>Ao dizer &#8220;Em nome do Pai, do Filho e do Esp\u00edrito Santo&#8221;, proclamamos nossa f\u00e9 no mist\u00e9rio central do cristianismo: um s\u00f3 Deus em tr\u00eas Pessoas. Esse gesto nos conecta ao nosso batismo, quando fomos imersos no mist\u00e9rio trinit\u00e1rio.<\/p>\n\n\n\n<h3 class=\"wp-block-heading\"><strong>2. Recordar a Paix\u00e3o e a Reden\u00e7\u00e3o de Cristo<\/strong><\/h3>\n\n\n\n<p>O pr\u00f3prio ato de tra\u00e7ar uma cruz em nosso corpo nos convida a contemplar a Paix\u00e3o de Jesus. \u00c9 um lembrete constante de que nossa salva\u00e7\u00e3o foi conquistada na cruz e de que somos chamados a carregar nossa cruz diariamente e a seguir Cristo (Lc 9,23).<\/p>\n\n\n\n<h3 class=\"wp-block-heading\"><strong>3. Um escudo espiritual<\/strong><\/h3>\n\n\n\n<p>Desde os tempos antigos, os crist\u00e3os consideram o sinal da cruz como um escudo contra o mal. Santo Ant\u00e3o, o Grande, dizia que o dem\u00f4nio tremia ao ver a cruz, pois ela simboliza sua derrota definitiva. Fazer o sinal da cruz, portanto, \u00e9 um ato de f\u00e9 e confian\u00e7a no poder de Cristo sobre o mal.<\/p>\n\n\n\n<h3 class=\"wp-block-heading\"><strong>4. Um compromisso pessoal<\/strong><\/h3>\n\n\n\n<p>Ao fazer o sinal da cruz, renovamos nossa identidade como disc\u00edpulos de Cristo. \u00c9 um ato de entrega, um &#8220;sim&#8221; a Deus que transforma nossa vida cotidiana.<\/p>\n\n\n\n<hr class=\"wp-block-separator has-alpha-channel-opacity\"\/>\n\n\n\n<h2 class=\"wp-block-heading\"><strong>Os significados simb\u00f3licos do gesto<\/strong><\/h2>\n\n\n\n<p>Cada parte do sinal da cruz possui um profundo significado:<\/p>\n\n\n\n<ul class=\"wp-block-list\">\n<li><strong>A testa<\/strong>: Representa nossa mente e nossos pensamentos. Ao toc\u00e1-la, pedimos a Deus que ilumine nossa intelig\u00eancia e nos guie para a verdade.<\/li>\n\n\n\n<li><strong>O peito<\/strong>: Simboliza nosso cora\u00e7\u00e3o, sede das emo\u00e7\u00f5es e desejos. Pedimos a Deus que purifique nossas inten\u00e7\u00f5es e nos encha de seu amor.<\/li>\n\n\n\n<li><strong>Os ombros<\/strong>: Representam nossa for\u00e7a e nossas a\u00e7\u00f5es. Ao tocar cada ombro, pedimos a Deus que nos d\u00ea for\u00e7a para carregar nossa cruz di\u00e1ria e agir segundo a sua vontade.<\/li>\n<\/ul>\n\n\n\n<p>Esse simbolismo torna o sinal da cruz uma ora\u00e7\u00e3o completa: entregamos a Deus nossa mente, nosso cora\u00e7\u00e3o e nossas a\u00e7\u00f5es.<\/p>\n\n\n\n<hr class=\"wp-block-separator has-alpha-channel-opacity\"\/>\n\n\n\n<h2 class=\"wp-block-heading\"><strong>Aplica\u00e7\u00f5es pr\u00e1ticas no dia a dia<\/strong><\/h2>\n\n\n\n<p>O sinal da cruz \u00e9 muito mais do que um gesto ritual; \u00e9 uma ferramenta espiritual poderosa. Aqui est\u00e3o algumas formas pr\u00e1ticas de integr\u00e1-lo em sua vida:<\/p>\n\n\n\n<h3 class=\"wp-block-heading\"><strong>1. No in\u00edcio e no fim do dia<\/strong><\/h3>\n\n\n\n<p>Comece o dia com o sinal da cruz para consagr\u00e1-lo a Deus. Termine da mesma forma, como um gesto de gratid\u00e3o e pedido de prote\u00e7\u00e3o durante a noite.<\/p>\n\n\n\n<h3 class=\"wp-block-heading\"><strong>2. Antes de ora\u00e7\u00f5es ou decis\u00f5es importantes<\/strong><\/h3>\n\n\n\n<p>O sinal da cruz nos ajuda a concentrar-nos na presen\u00e7a de Deus. Antes de come\u00e7ar uma ora\u00e7\u00e3o ou tomar uma decis\u00e3o importante, esse gesto nos lembra de buscar a vontade divina.<\/p>\n\n\n\n<h3 class=\"wp-block-heading\"><strong>3. Nos momentos de tenta\u00e7\u00e3o ou dificuldade<\/strong><\/h3>\n\n\n\n<p>Diante de uma tenta\u00e7\u00e3o ou situa\u00e7\u00e3o dif\u00edcil, fa\u00e7a o sinal da cruz com f\u00e9. Esse ato pode lhe dar for\u00e7a para resistir ao mal e permanecer firme na gra\u00e7a de Deus.<\/p>\n\n\n\n<h3 class=\"wp-block-heading\"><strong>4. Durante os sacramentos<\/strong><\/h3>\n\n\n\n<p>O uso da \u00e1gua benta e o sinal da cruz ao entrar na igreja nos recordam o nosso batismo. \u00c9 tamb\u00e9m um gesto essencial nos sacramentos, como a confiss\u00e3o, onde proclamamos nossa f\u00e9 no perd\u00e3o de Deus.<\/p>\n\n\n\n<hr class=\"wp-block-separator has-alpha-channel-opacity\"\/>\n\n\n\n<h2 class=\"wp-block-heading\"><strong>A relev\u00e2ncia do sinal da cruz hoje<\/strong><\/h2>\n\n\n\n<p>Em um mundo marcado pelo ru\u00eddo e pela distra\u00e7\u00e3o, o sinal da cruz nos convida a parar e lembrar o que \u00e9 essencial: nossa identidade como filhos de Deus. \u00c9 um ato de resist\u00eancia espiritual diante de uma sociedade que muitas vezes rejeita a f\u00e9. Ele nos conecta a s\u00e9culos de tradi\u00e7\u00e3o crist\u00e3 e nos ancora em uma verdade que transcende o tempo.<\/p>\n\n\n\n<p>Al\u00e9m disso, em um contexto de crescente secularismo, fazer o sinal da cruz em p\u00fablico \u2013 antes de uma refei\u00e7\u00e3o ou em outras situa\u00e7\u00f5es \u2013 torna-se um testemunho da nossa f\u00e9. \u00c9 uma forma simples, mas poderosa, de evangelizar e proclamar o Evangelho sem palavras.<\/p>\n\n\n\n<hr class=\"wp-block-separator has-alpha-channel-opacity\"\/>\n\n\n\n<h2 class=\"wp-block-heading\"><strong>Conclus\u00e3o<\/strong><\/h2>\n\n\n\n<p>O sinal da cruz \u00e9 muito mais do que um gesto aprendido na inf\u00e2ncia. \u00c9 uma s\u00edntese vis\u00edvel da nossa f\u00e9, uma ora\u00e7\u00e3o em a\u00e7\u00e3o e um constante lembrete do amor de Deus por n\u00f3s. Ao fazer o sinal da cruz, renovamos nosso compromisso com Cristo, proclamamos nossa esperan\u00e7a na ressurrei\u00e7\u00e3o e nos preparamos para viver como verdadeiros disc\u00edpulos.<\/p>\n\n\n\n<p>Da pr\u00f3xima vez que fizer o sinal da cruz, fa\u00e7a-o com plena consci\u00eancia do seu significado. Que este gesto seja fonte de gra\u00e7a e for\u00e7a em sua vida cotidiana. Ao tra\u00e7ar a cruz sobre si mesmo, lembre-se sempre de que voc\u00ea \u00e9 marcado pelo amor de Deus, chamado a ser luz no mundo e a caminhar sob a prote\u00e7\u00e3o da cruz de Cristo.<\/p>\n","protected":false},"excerpt":{"rendered":"<p>O sinal da cruz \u00e9 um dos gestos mais antigos e significativos da f\u00e9 crist\u00e3. Fazemos esse gesto no in\u00edcio das ora\u00e7\u00f5es, ao entrar na igreja ou em momentos de necessidade. Este ato simples, muitas vezes realizado quase automaticamente, est\u00e1 carregado de profundo significado teol\u00f3gico, hist\u00f3rico e espiritual. Neste artigo, exploraremos o sentido do sinal &hellip;<\/p>\n","protected":false},"author":3,"featured_media":1354,"comment_status":"open","ping_status":"open","sticky":false,"template":"","format":"standard","meta":{"_seopress_robots_primary_cat":"","_seopress_titles_title":"","_seopress_titles_desc":"","_seopress_robots_index":"","footnotes":""},"categories":[40,58],"tags":[],"class_list":["post-1353","post","type-post","status-publish","format-standard","has-post-thumbnail","","category-oracao-e-espiritualidade","category-oracao-e-vida-espiritual"],"_links":{"self":[{"href":"https:\/\/catholicus.eu\/pt\/wp-json\/wp\/v2\/posts\/1353","targetHints":{"allow":["GET"]}}],"collection":[{"href":"https:\/\/catholicus.eu\/pt\/wp-json\/wp\/v2\/posts"}],"about":[{"href":"https:\/\/catholicus.eu\/pt\/wp-json\/wp\/v2\/types\/post"}],"author":[{"embeddable":true,"href":"https:\/\/catholicus.eu\/pt\/wp-json\/wp\/v2\/users\/3"}],"replies":[{"embeddable":true,"href":"https:\/\/catholicus.eu\/pt\/wp-json\/wp\/v2\/comments?post=1353"}],"version-history":[{"count":1,"href":"https:\/\/catholicus.eu\/pt\/wp-json\/wp\/v2\/posts\/1353\/revisions"}],"predecessor-version":[{"id":1355,"href":"https:\/\/catholicus.eu\/pt\/wp-json\/wp\/v2\/posts\/1353\/revisions\/1355"}],"wp:featuredmedia":[{"embeddable":true,"href":"https:\/\/catholicus.eu\/pt\/wp-json\/wp\/v2\/media\/1354"}],"wp:attachment":[{"href":"https:\/\/catholicus.eu\/pt\/wp-json\/wp\/v2\/media?parent=1353"}],"wp:term":[{"taxonomy":"category","embeddable":true,"href":"https:\/\/catholicus.eu\/pt\/wp-json\/wp\/v2\/categories?post=1353"},{"taxonomy":"post_tag","embeddable":true,"href":"https:\/\/catholicus.eu\/pt\/wp-json\/wp\/v2\/tags?post=1353"}],"curies":[{"name":"wp","href":"https:\/\/api.w.org\/{rel}","templated":true}]}}