{"id":1341,"date":"2024-11-17T14:33:25","date_gmt":"2024-11-17T13:33:25","guid":{"rendered":"https:\/\/catholicus.eu\/pt\/?p=1341"},"modified":"2024-11-17T14:33:26","modified_gmt":"2024-11-17T13:33:26","slug":"por-que-judaismo-e-cristianismo-sao-incompativeis-uma-reflexao-teologica-e-espiritual","status":"publish","type":"post","link":"https:\/\/catholicus.eu\/pt\/por-que-judaismo-e-cristianismo-sao-incompativeis-uma-reflexao-teologica-e-espiritual\/","title":{"rendered":"Por que juda\u00edsmo e cristianismo s\u00e3o incompat\u00edveis: uma reflex\u00e3o teol\u00f3gica e espiritual"},"content":{"rendered":"\n<h3 class=\"wp-block-heading\">Introdu\u00e7\u00e3o: Dois caminhos entrela\u00e7ados, mas distintos<\/h3>\n\n\n\n<p>O juda\u00edsmo e o cristianismo compartilham ra\u00edzes profundas, pois ambos derivam da revela\u00e7\u00e3o divina ao povo de Israel. No entanto, com a vinda de Jesus Cristo, a hist\u00f3ria da salva\u00e7\u00e3o tomou um rumo decisivo: o que o juda\u00edsmo aguardava como cumprimento das promessas messi\u00e2nicas, o cristianismo reconhece plenamente na pessoa de Jesus, o Filho de Deus.<\/p>\n\n\n\n<p>Essa diverg\u00eancia fundamental estabelece uma diferen\u00e7a teol\u00f3gica essencial que torna essas duas religi\u00f5es incompat\u00edveis. Essa realidade n\u00e3o visa promover divis\u00f5es, mas encorajar uma compreens\u00e3o mais profunda do papel \u00fanico de cada tradi\u00e7\u00e3o e ajudar os crist\u00e3os a valorizar a singularidade de Cristo no plano de salva\u00e7\u00e3o de Deus.<\/p>\n\n\n\n<p>Neste artigo, exploraremos as origens hist\u00f3ricas e b\u00edblicas dessa incompatibilidade, seu significado teol\u00f3gico, suas aplica\u00e7\u00f5es pr\u00e1ticas para a vida crist\u00e3 e reflex\u00f5es contempor\u00e2neas que possam guiar os fi\u00e9is em sua caminhada de f\u00e9.<\/p>\n\n\n\n<hr class=\"wp-block-separator has-alpha-channel-opacity\"\/>\n\n\n\n<h3 class=\"wp-block-heading\">Hist\u00f3ria e contexto b\u00edblico<\/h3>\n\n\n\n<h4 class=\"wp-block-heading\">Origens comuns<\/h4>\n\n\n\n<p>O juda\u00edsmo, como religi\u00e3o do Antigo Testamento, representa a alian\u00e7a entre Deus e o povo de Israel. De Abra\u00e3o a Mois\u00e9s, as promessas de Deus se concentram na cria\u00e7\u00e3o de uma rela\u00e7\u00e3o \u00fanica com Israel, com a observ\u00e2ncia da Lei mosaica como pilar central de sua f\u00e9 e pr\u00e1tica.<\/p>\n\n\n\n<p>O cristianismo, por outro lado, nasce dentro do juda\u00edsmo com a prega\u00e7\u00e3o de Jesus, que se apresenta como o Messias prometido. Os Evangelhos mostram como Jesus interpreta e realiza as Escrituras hebraicas, afirmando ser o cumprimento das profecias (cf. Lc 24,44-47).<\/p>\n\n\n\n<h4 class=\"wp-block-heading\">O ponto de ruptura<\/h4>\n\n\n\n<p>A incompatibilidade entre essas duas religi\u00f5es reside na identidade de Jesus. Para o cristianismo, Jesus n\u00e3o \u00e9 apenas o Messias esperado, mas tamb\u00e9m o Filho de Deus, cuja morte e ressurrei\u00e7\u00e3o inauguram uma nova alian\u00e7a, baseada n\u00e3o na Lei mosaica, mas na gra\u00e7a e na f\u00e9 (cf. Hb 8,6-13).<\/p>\n\n\n\n<p>Para o juda\u00edsmo, essa afirma\u00e7\u00e3o \u00e9 problem\u00e1tica, pois contradiz sua concep\u00e7\u00e3o do Messias como um l\u00edder pol\u00edtico e restaurador de Israel. Al\u00e9m disso, a doutrina da Trindade, central no cristianismo, \u00e9 incompat\u00edvel com a cren\u00e7a judaica na unidade absoluta de Deus (Dt 6,4).<\/p>\n\n\n\n<hr class=\"wp-block-separator has-alpha-channel-opacity\"\/>\n\n\n\n<h3 class=\"wp-block-heading\">Relev\u00e2ncia teol\u00f3gica<\/h3>\n\n\n\n<h4 class=\"wp-block-heading\">A singularidade de Cristo<\/h4>\n\n\n\n<p>Do ponto de vista crist\u00e3o, a incompatibilidade com o juda\u00edsmo recorda a singularidade de Jesus Cristo como o \u00fanico meio de salva\u00e7\u00e3o. O pr\u00f3prio Jesus declarou: &#8220;Eu sou o caminho, a verdade e a vida. Ningu\u00e9m vem ao Pai sen\u00e3o por mim&#8221; (Jo 14,6). Isso sublinha que a salva\u00e7\u00e3o n\u00e3o se encontra na observ\u00e2ncia da Lei mosaica, mas na f\u00e9 em Cristo.<\/p>\n\n\n\n<p>S\u00e3o Paulo aborda essa tens\u00e3o em suas cartas, especialmente em G\u00e1latas e Romanos, onde explica que a Lei tinha uma fun\u00e7\u00e3o pedag\u00f3gica at\u00e9 a vinda de Cristo, mas agora a justifica\u00e7\u00e3o ocorre pela f\u00e9 e n\u00e3o pelas obras da Lei (cf. Gl 3,23-26).<\/p>\n\n\n\n<h4 class=\"wp-block-heading\">Uma f\u00e9 universal<\/h4>\n\n\n\n<p>Ao reconhecer Jesus como o Messias, o cristianismo abre as portas da salva\u00e7\u00e3o para toda a humanidade, n\u00e3o apenas para Israel. Isso n\u00e3o implica rejeitar o Antigo Testamento, mas cumpri-lo em Cristo, que une judeus e gentios em seu corpo (cf. Ef 2,14-16).<\/p>\n\n\n\n<hr class=\"wp-block-separator has-alpha-channel-opacity\"\/>\n\n\n\n<h3 class=\"wp-block-heading\">Aplica\u00e7\u00f5es pr\u00e1ticas<\/h3>\n\n\n\n<h4 class=\"wp-block-heading\">Compreender nossas ra\u00edzes<\/h4>\n\n\n\n<p>Para os crist\u00e3os, \u00e9 essencial conhecer e valorizar as ra\u00edzes judaicas de sua f\u00e9. Isso n\u00e3o apenas enriquece a compreens\u00e3o da B\u00edblia, mas tamb\u00e9m ajuda a reconhecer o plano cont\u00ednuo de Deus na hist\u00f3ria da salva\u00e7\u00e3o.<\/p>\n\n\n\n<p><strong>Exemplo pr\u00e1tico:<\/strong> Dedique tempo ao estudo das Escrituras do Antigo Testamento, buscando passagens que apontem para Cristo. Leia livros como Isa\u00edas, os Salmos e G\u00eanesis com uma perspectiva cristol\u00f3gica.<\/p>\n\n\n\n<h4 class=\"wp-block-heading\">Viver a f\u00e9 com convic\u00e7\u00e3o<\/h4>\n\n\n\n<p>A incompatibilidade entre juda\u00edsmo e cristianismo n\u00e3o deve ser vista como uma fonte de conflito, mas como um convite a viver a f\u00e9 com clareza e fidelidade. Os crist\u00e3os devem testemunhar o amor de Cristo, respeitando as cren\u00e7as dos outros, mas sem diluir as verdades fundamentais de sua f\u00e9.<\/p>\n\n\n\n<p><strong>Exemplo pr\u00e1tico:<\/strong> Durante conversas inter-religiosas, compartilhe sua f\u00e9 com respeito, mas n\u00e3o hesite em destacar a centralidade de Cristo em sua vida.<\/p>\n\n\n\n<h4 class=\"wp-block-heading\">Rezar pela unidade<\/h4>\n\n\n\n<p>S\u00e3o Paulo tamb\u00e9m expressa o desejo de que Israel reconhe\u00e7a Jesus como o Messias (cf. Rm 10,1). Os crist\u00e3os, seguindo seu exemplo, devem rezar pela convers\u00e3o e reconcilia\u00e7\u00e3o de todos os povos em Cristo.<\/p>\n\n\n\n<p><strong>Exemplo pr\u00e1tico:<\/strong> Inclua em suas ora\u00e7\u00f5es di\u00e1rias um pedido pela unidade entre judeus e crist\u00e3os sob a autoridade de Cristo.<\/p>\n\n\n\n<hr class=\"wp-block-separator has-alpha-channel-opacity\"\/>\n\n\n\n<h3 class=\"wp-block-heading\">Reflex\u00e3o contempor\u00e2nea<\/h3>\n\n\n\n<h4 class=\"wp-block-heading\">Os desafios do pluralismo religioso<\/h4>\n\n\n\n<p>Em um mundo que valoriza a diversidade religiosa, os crist\u00e3os enfrentam o desafio de permanecerem fi\u00e9is ao an\u00fancio do Evangelho sem ca\u00edrem no relativismo. Reconhecer a incompatibilidade entre juda\u00edsmo e cristianismo n\u00e3o significa rejeitar os judeus, mas afirmar que Jesus \u00e9 o cumprimento definitivo das promessas de Deus.<\/p>\n\n\n\n<p><strong>Exemplo pr\u00e1tico:<\/strong> Use as redes sociais e outras plataformas para compartilhar conte\u00fados que expliquem de forma clara e acess\u00edvel a identidade de Jesus como o Messias.<\/p>\n\n\n\n<h4 class=\"wp-block-heading\">O di\u00e1logo inter-religioso<\/h4>\n\n\n\n<p>Apesar das diferen\u00e7as significativas entre as duas religi\u00f5es, isso n\u00e3o exclui a possibilidade de um di\u00e1logo respeitoso e frut\u00edfero. Crist\u00e3os e judeus compartilham valores \u00e9ticos e morais, como a justi\u00e7a e o amor ao pr\u00f3ximo, que podem servir como base comum para construir um mundo melhor.<\/p>\n\n\n\n<hr class=\"wp-block-separator has-alpha-channel-opacity\"\/>\n\n\n\n<h3 class=\"wp-block-heading\">Conclus\u00e3o: Um convite para aprofundar-se em Cristo<\/h3>\n\n\n\n<p>A incompatibilidade entre juda\u00edsmo e cristianismo reside na identidade e miss\u00e3o de Jesus Cristo. Para os crist\u00e3os, isso n\u00e3o \u00e9 motivo de divis\u00e3o, mas um lembrete da grandeza do plano de salva\u00e7\u00e3o oferecido por Deus por meio de seu Filho.<\/p>\n\n\n\n<p>Essa reflex\u00e3o nos convida a fortalecer nossa f\u00e9 em Cristo, viver como testemunhas de seu amor e trabalhar pela unidade na verdade. Que essas verdades nos inspirem a aprofundar nossa rela\u00e7\u00e3o com Jesus e a proclamar com coragem que ele \u00e9 o Messias, o Salvador de toda a humanidade.<\/p>\n","protected":false},"excerpt":{"rendered":"<p>Introdu\u00e7\u00e3o: Dois caminhos entrela\u00e7ados, mas distintos O juda\u00edsmo e o cristianismo compartilham ra\u00edzes profundas, pois ambos derivam da revela\u00e7\u00e3o divina ao povo de Israel. No entanto, com a vinda de Jesus Cristo, a hist\u00f3ria da salva\u00e7\u00e3o tomou um rumo decisivo: o que o juda\u00edsmo aguardava como cumprimento das promessas messi\u00e2nicas, o cristianismo reconhece plenamente na &hellip;<\/p>\n","protected":false},"author":3,"featured_media":1342,"comment_status":"open","ping_status":"open","sticky":false,"template":"","format":"standard","meta":{"_seopress_robots_primary_cat":"","_seopress_titles_title":"","_seopress_titles_desc":"","_seopress_robots_index":"","footnotes":""},"categories":[54,39],"tags":[192,209],"class_list":["post-1341","post","type-post","status-publish","format-standard","has-post-thumbnail","","category-bioetica-e-questoes-contemporaneas","category-moral-e-vida-crista","tag-cristianismo","tag-judaismo"],"_links":{"self":[{"href":"https:\/\/catholicus.eu\/pt\/wp-json\/wp\/v2\/posts\/1341","targetHints":{"allow":["GET"]}}],"collection":[{"href":"https:\/\/catholicus.eu\/pt\/wp-json\/wp\/v2\/posts"}],"about":[{"href":"https:\/\/catholicus.eu\/pt\/wp-json\/wp\/v2\/types\/post"}],"author":[{"embeddable":true,"href":"https:\/\/catholicus.eu\/pt\/wp-json\/wp\/v2\/users\/3"}],"replies":[{"embeddable":true,"href":"https:\/\/catholicus.eu\/pt\/wp-json\/wp\/v2\/comments?post=1341"}],"version-history":[{"count":1,"href":"https:\/\/catholicus.eu\/pt\/wp-json\/wp\/v2\/posts\/1341\/revisions"}],"predecessor-version":[{"id":1343,"href":"https:\/\/catholicus.eu\/pt\/wp-json\/wp\/v2\/posts\/1341\/revisions\/1343"}],"wp:featuredmedia":[{"embeddable":true,"href":"https:\/\/catholicus.eu\/pt\/wp-json\/wp\/v2\/media\/1342"}],"wp:attachment":[{"href":"https:\/\/catholicus.eu\/pt\/wp-json\/wp\/v2\/media?parent=1341"}],"wp:term":[{"taxonomy":"category","embeddable":true,"href":"https:\/\/catholicus.eu\/pt\/wp-json\/wp\/v2\/categories?post=1341"},{"taxonomy":"post_tag","embeddable":true,"href":"https:\/\/catholicus.eu\/pt\/wp-json\/wp\/v2\/tags?post=1341"}],"curies":[{"name":"wp","href":"https:\/\/api.w.org\/{rel}","templated":true}]}}