{"id":1334,"date":"2024-11-16T12:23:19","date_gmt":"2024-11-16T11:23:19","guid":{"rendered":"https:\/\/catholicus.eu\/pt\/?p=1334"},"modified":"2024-11-16T12:23:19","modified_gmt":"2024-11-16T11:23:19","slug":"por-que-o-domingo-e-o-dia-do-senhor-um-guia-para-compreender-viver-e-celebrar-este-dia-sagrado","status":"publish","type":"post","link":"https:\/\/catholicus.eu\/pt\/por-que-o-domingo-e-o-dia-do-senhor-um-guia-para-compreender-viver-e-celebrar-este-dia-sagrado\/","title":{"rendered":"Por que o domingo \u00e9 o dia do Senhor? Um guia para compreender, viver e celebrar este dia sagrado"},"content":{"rendered":"\n<p>O domingo, dia de descanso, comunidade e adora\u00e7\u00e3o, ocupa um lugar central na vida crist\u00e3. Mas por que os cat\u00f3licos dedicam esse dia ao Senhor? Neste artigo, exploraremos o significado hist\u00f3rico, teol\u00f3gico e pr\u00e1tico do domingo como o dia do Senhor. Desde suas ra\u00edzes no Antigo Testamento at\u00e9 sua relev\u00e2ncia no mundo contempor\u00e2neo, veremos como esse dia constr\u00f3i uma ponte entre a hist\u00f3ria sagrada e nossa vida cotidiana.<\/p>\n\n\n\n<hr class=\"wp-block-separator has-alpha-channel-opacity\"\/>\n\n\n\n<h3 class=\"wp-block-heading\"><strong>1. A origem do dia do Senhor: da cria\u00e7\u00e3o \u00e0 ressurrei\u00e7\u00e3o<\/strong><\/h3>\n\n\n\n<p><strong>A semana da cria\u00e7\u00e3o: o descanso divino<\/strong><br>No relato da cria\u00e7\u00e3o em G\u00eanesis, Deus criou o mundo em seis dias e descansou no s\u00e9timo, aben\u00e7oando e santificando esse dia (Gn 2,2-3). Esse descanso n\u00e3o foi apenas uma pausa, mas um convite para que a humanidade participasse do ritmo divino: trabalho e adora\u00e7\u00e3o, a\u00e7\u00e3o e contempla\u00e7\u00e3o. Para o povo de Israel, esse dia se tornou o s\u00e1bado, um tempo dedicado a Deus como mem\u00f3ria de sua alian\u00e7a e amor pela cria\u00e7\u00e3o.<\/p>\n\n\n\n<p><strong>A transforma\u00e7\u00e3o crist\u00e3: do s\u00e1bado ao domingo<\/strong><br>Com a ressurrei\u00e7\u00e3o de Jesus Cristo, algo extraordin\u00e1rio aconteceu. Cristo ressuscitou \u201cno primeiro dia da semana\u201d (Mt 28,1), marcando o in\u00edcio de uma nova cria\u00e7\u00e3o. Desde ent\u00e3o, os primeiros crist\u00e3os come\u00e7aram a se reunir aos domingos para celebrar a Eucaristia (At 20,7; Ap 1,10), chamando-o de \u201co dia do Senhor\u201d em honra ao triunfo de Cristo sobre a morte. Essa mudan\u00e7a n\u00e3o aboliu o s\u00e1bado, mas o transformou em uma realidade mais profunda: o domingo \u00e9 o cumprimento da promessa do descanso eterno e da vit\u00f3ria da vida.<\/p>\n\n\n\n<hr class=\"wp-block-separator has-alpha-channel-opacity\"\/>\n\n\n\n<h3 class=\"wp-block-heading\"><strong>2. O significado teol\u00f3gico do domingo<\/strong><\/h3>\n\n\n\n<p><strong>Um dia de ressurrei\u00e7\u00e3o e esperan\u00e7a<\/strong><br>O domingo \u00e9 uma constante lembran\u00e7a da ressurrei\u00e7\u00e3o de Cristo, que n\u00e3o apenas aconteceu no passado, mas continua a transformar o presente. Cada domingo \u00e9 como uma \u201cpequena P\u00e1scoa\u201d, uma antecipa\u00e7\u00e3o do dia em que todos ressuscitaremos em Cristo. S\u00e3o Jo\u00e3o Paulo II descreveu-o como \u201co dia da luz\u201d em sua carta apost\u00f3lica <em>Dies Domini<\/em>, um momento em que os crist\u00e3os s\u00e3o chamados a renovar sua esperan\u00e7a e a viver como filhos da luz.<\/p>\n\n\n\n<p><strong>Comunh\u00e3o com a Igreja e com Deus<\/strong><br>O domingo n\u00e3o \u00e9 apenas um dia de ora\u00e7\u00e3o pessoal; \u00e9 tamb\u00e9m um tempo para reunir-se como Igreja. Na Missa dominical, os fi\u00e9is participam da Eucaristia, o cora\u00e7\u00e3o da vida crist\u00e3. \u00c9 ali que o sacrif\u00edcio de Cristo \u00e9 renovado e a f\u00e9 da comunidade \u00e9 fortalecida. Isso nos lembra que a salva\u00e7\u00e3o \u00e9 um dom compartilhado, n\u00e3o uma experi\u00eancia individualista.<\/p>\n\n\n\n<p><strong>Uma antecipa\u00e7\u00e3o do c\u00e9u<\/strong><br>Santo Agostinho chamava o domingo de \u201co oitavo dia\u201d, um conceito que transcende o tempo e aponta para a eternidade. Ele \u00e9 uma antecipa\u00e7\u00e3o do descanso eterno em Deus, onde todo o nosso trabalho, sofrimento e lutas encontrar\u00e3o seu cumprimento.<\/p>\n\n\n\n<hr class=\"wp-block-separator has-alpha-channel-opacity\"\/>\n\n\n\n<h3 class=\"wp-block-heading\"><strong>3. Os profundos simbolismos do domingo na hist\u00f3ria da Igreja<\/strong><\/h3>\n\n\n\n<p><strong>A luz: Cristo, o sol que nunca se p\u00f5e<\/strong><br>O domingo, em latim <em>dies solis<\/em>, estava originalmente associado ao sol, mas os crist\u00e3os deram um novo significado a este termo. Cristo \u00e9 \u201ca luz do mundo\u201d (Jo 8,12), o Sol da Justi\u00e7a que ilumina nossas vidas e nos guia atrav\u00e9s das trevas.<\/p>\n\n\n\n<p><strong>O n\u00famero oito: a nova cria\u00e7\u00e3o<\/strong><br>A semana tem sete dias, mas o domingo \u00e9 considerado \u201co oitavo dia\u201d, s\u00edmbolo de um novo come\u00e7o, da eternidade e do cumprimento da promessa de Deus. Esse simbolismo aparece at\u00e9 na arquitetura crist\u00e3, como nas pia batismal octogonais, que representam a nova vida em Cristo.<\/p>\n\n\n\n<p><strong>A mesa: a Eucaristia no centro<\/strong><br>Desde os primeiros dias da Igreja, os crist\u00e3os se reuniam para \u201cpartir o p\u00e3o\u201d (At 2,42). A Missa dominical tornou-se o lugar onde a comunidade celebra o sacrif\u00edcio de Cristo, compartilha a Palavra e renova sua f\u00e9.<\/p>\n\n\n\n<hr class=\"wp-block-separator has-alpha-channel-opacity\"\/>\n\n\n\n<h3 class=\"wp-block-heading\"><strong>4. Aplica\u00e7\u00f5es pr\u00e1ticas: como viver o domingo como o dia do Senhor?<\/strong><\/h3>\n\n\n\n<p>Em nosso mundo acelerado, o domingo corre o risco de se tornar um dia como outro qualquer. Aqui est\u00e3o algumas maneiras de redescobrir seu significado:<\/p>\n\n\n\n<ol class=\"wp-block-list\">\n<li><strong>Participar da Missa dominical<\/strong><br>A Missa n\u00e3o \u00e9 uma obriga\u00e7\u00e3o imposta, mas uma oportunidade de gra\u00e7a. \u00c9 o lugar onde encontramos Cristo vivo e ressuscitado e recebemos for\u00e7a para enfrentar a semana que est\u00e1 por vir.<\/li>\n\n\n\n<li><strong>Descansar e desconectar-se<\/strong><br>O domingo \u00e9 um dia para descansar do trabalho e se reconectar com o que realmente importa: a fam\u00edlia, os amigos e, sobretudo, Deus. Desligar os dispositivos eletr\u00f4nicos e reservar um tempo para a ora\u00e7\u00e3o pode ser uma forma poderosa de experimentar o \u201cdescanso no Senhor\u201d.<\/li>\n\n\n\n<li><strong>Praticar obras de miseric\u00f3rdia<\/strong><br>S\u00e3o Jo\u00e3o Paulo II nos encorajou a fazer do domingo tamb\u00e9m um dia de servi\u00e7o ao pr\u00f3ximo. Visitar os doentes, ajudar os necessitados ou simplesmente passar tempo com algu\u00e9m que est\u00e1 sozinho s\u00e3o formas concretas de viver o amor de Cristo.<\/li>\n\n\n\n<li><strong>Celebrar com alegria<\/strong><br>O domingo n\u00e3o deve ser um dia triste ou excessivamente r\u00edgido, mas uma verdadeira festa. Preparar uma refei\u00e7\u00e3o especial, cantar, ler a B\u00edblia em fam\u00edlia ou desfrutar da natureza s\u00e3o maneiras de celebrar a bondade de Deus.<\/li>\n<\/ol>\n\n\n\n<hr class=\"wp-block-separator has-alpha-channel-opacity\"\/>\n\n\n\n<h3 class=\"wp-block-heading\"><strong>5. A relev\u00e2ncia do domingo no mundo moderno<\/strong><\/h3>\n\n\n\n<p>Em um contexto onde trabalho, consumo e entretenimento dominam nossas vidas, o domingo nos lembra que somos mais do que aquilo que produzimos. \u00c9 um convite a redescobrir nossa identidade como filhos de Deus, resistir \u00e0 tenta\u00e7\u00e3o de reduzir nossa vida ao ativismo e colocar Cristo no centro.<\/p>\n\n\n\n<p>A Carta Pastoral da Confer\u00eancia Episcopal Espanhola de 2020 destacou a import\u00e2ncia do domingo como um tempo para \u201cconstruir uma sociedade mais humana\u201d. Proteger o descanso dominical n\u00e3o \u00e9 apenas uma necessidade espiritual, mas tamb\u00e9m uma quest\u00e3o social, para garantir que todos possam desfrutar deste tempo sagrado.<\/p>\n\n\n\n<hr class=\"wp-block-separator has-alpha-channel-opacity\"\/>\n\n\n\n<h3 class=\"wp-block-heading\"><strong>Conclus\u00e3o: o domingo, um presente eterno<\/strong><\/h3>\n\n\n\n<p>O domingo n\u00e3o \u00e9 apenas uma tradi\u00e7\u00e3o, mas um encontro semanal com o Senhor ressuscitado, uma oportunidade para renovar nossa f\u00e9, esperan\u00e7a e amor. \u00c9 um dia que transforma nossas vidas se o vivermos com intencionalidade e profundidade.<\/p>\n\n\n\n<p>Como disse Santo In\u00e1cio de Antioquia: <em>\u201cVivemos segundo o dia do Senhor, no qual tamb\u00e9m a nossa vida surgiu por meio dele e de sua morte.\u201d<\/em> Que cada domingo seja para n\u00f3s um momento de encontro, descanso e renova\u00e7\u00e3o espiritual, para que possamos levar a luz de Cristo ao mundo todos os dias da semana.<\/p>\n","protected":false},"excerpt":{"rendered":"<p>O domingo, dia de descanso, comunidade e adora\u00e7\u00e3o, ocupa um lugar central na vida crist\u00e3. Mas por que os cat\u00f3licos dedicam esse dia ao Senhor? Neste artigo, exploraremos o significado hist\u00f3rico, teol\u00f3gico e pr\u00e1tico do domingo como o dia do Senhor. Desde suas ra\u00edzes no Antigo Testamento at\u00e9 sua relev\u00e2ncia no mundo contempor\u00e2neo, veremos como &hellip;<\/p>\n","protected":false},"author":3,"featured_media":1335,"comment_status":"open","ping_status":"open","sticky":false,"template":"","format":"standard","meta":{"_seopress_robots_primary_cat":"","_seopress_titles_title":"","_seopress_titles_desc":"","_seopress_robots_index":"","footnotes":""},"categories":[38,52],"tags":[208,207],"class_list":["post-1334","post","type-post","status-publish","format-standard","has-post-thumbnail","","category-historia-e-tradicao","category-liturgia-e-ano-liturgico","tag-dia-do-senhor","tag-domingo"],"_links":{"self":[{"href":"https:\/\/catholicus.eu\/pt\/wp-json\/wp\/v2\/posts\/1334","targetHints":{"allow":["GET"]}}],"collection":[{"href":"https:\/\/catholicus.eu\/pt\/wp-json\/wp\/v2\/posts"}],"about":[{"href":"https:\/\/catholicus.eu\/pt\/wp-json\/wp\/v2\/types\/post"}],"author":[{"embeddable":true,"href":"https:\/\/catholicus.eu\/pt\/wp-json\/wp\/v2\/users\/3"}],"replies":[{"embeddable":true,"href":"https:\/\/catholicus.eu\/pt\/wp-json\/wp\/v2\/comments?post=1334"}],"version-history":[{"count":1,"href":"https:\/\/catholicus.eu\/pt\/wp-json\/wp\/v2\/posts\/1334\/revisions"}],"predecessor-version":[{"id":1336,"href":"https:\/\/catholicus.eu\/pt\/wp-json\/wp\/v2\/posts\/1334\/revisions\/1336"}],"wp:featuredmedia":[{"embeddable":true,"href":"https:\/\/catholicus.eu\/pt\/wp-json\/wp\/v2\/media\/1335"}],"wp:attachment":[{"href":"https:\/\/catholicus.eu\/pt\/wp-json\/wp\/v2\/media?parent=1334"}],"wp:term":[{"taxonomy":"category","embeddable":true,"href":"https:\/\/catholicus.eu\/pt\/wp-json\/wp\/v2\/categories?post=1334"},{"taxonomy":"post_tag","embeddable":true,"href":"https:\/\/catholicus.eu\/pt\/wp-json\/wp\/v2\/tags?post=1334"}],"curies":[{"name":"wp","href":"https:\/\/api.w.org\/{rel}","templated":true}]}}