{"id":1322,"date":"2024-11-15T23:52:27","date_gmt":"2024-11-15T22:52:27","guid":{"rendered":"https:\/\/catholicus.eu\/pt\/?p=1322"},"modified":"2024-11-15T23:52:27","modified_gmt":"2024-11-15T22:52:27","slug":"reliquias-sagradas-sinais-vivos-da-fe-e-da-comunhao-com-os-santos","status":"publish","type":"post","link":"https:\/\/catholicus.eu\/pt\/reliquias-sagradas-sinais-vivos-da-fe-e-da-comunhao-com-os-santos\/","title":{"rendered":"Rel\u00edquias Sagradas: Sinais Vivos da F\u00e9 e da Comunh\u00e3o com os Santos"},"content":{"rendered":"\n<h3 class=\"wp-block-heading\">Introdu\u00e7\u00e3o: A riqueza espiritual das rel\u00edquias<\/h3>\n\n\n\n<p>No vasto tesouro da f\u00e9 cat\u00f3lica, as rel\u00edquias ocupam um lugar especial como sinais vis\u00edveis da comunh\u00e3o com os santos e da realidade transcendente do Reino de Deus. Desde os primeiros dias da Igreja, as rel\u00edquias foram veneradas como lembran\u00e7as tang\u00edveis daqueles que viveram sua f\u00e9 de forma heroica. Mas o que exatamente s\u00e3o as rel\u00edquias e por que a Igreja lhes atribui tanto valor? Este artigo explora o significado teol\u00f3gico, a hist\u00f3ria e o valor espiritual das rel\u00edquias, oferecendo tamb\u00e9m orienta\u00e7\u00f5es pr\u00e1ticas sobre como integr\u00e1-las na vida de f\u00e9 contempor\u00e2nea.<\/p>\n\n\n\n<hr class=\"wp-block-separator has-alpha-channel-opacity\"\/>\n\n\n\n<h3 class=\"wp-block-heading\">Hist\u00f3ria e contexto b\u00edblico: As ra\u00edzes da venera\u00e7\u00e3o<\/h3>\n\n\n\n<p>A venera\u00e7\u00e3o das rel\u00edquias n\u00e3o \u00e9 uma inven\u00e7\u00e3o tardia, mas tem ra\u00edzes profundas nas Sagradas Escrituras e na tradi\u00e7\u00e3o crist\u00e3. J\u00e1 no Antigo Testamento encontramos ind\u00edcios de que objetos ligados a pessoas santas possuem um car\u00e1ter especial. Em <strong>2 Reis 13, 20-21<\/strong>, os ossos do profeta Eliseu trazem um homem morto de volta \u00e0 vida. Este evento prefigura o poder de Deus que atua atrav\u00e9s de coisas materiais associadas aos seus servos.<\/p>\n\n\n\n<p>No Novo Testamento, os Evangelhos relatam como o manto de Jesus curava aqueles que o tocavam com f\u00e9 (<strong>Mateus 9, 20-22<\/strong>). Da mesma forma, em <strong>Atos 19, 11-12<\/strong>, len\u00e7os e aventais tocados por S\u00e3o Paulo traziam cura e liberta\u00e7\u00e3o. Esses exemplos mostram como Deus pode agir por meio de objetos materiais para transmitir sua gra\u00e7a, um princ\u00edpio que fundamenta a venera\u00e7\u00e3o das rel\u00edquias.<\/p>\n\n\n\n<p>A pr\u00e1tica foi consolidada nos primeiros s\u00e9culos do cristianismo, especialmente no culto aos m\u00e1rtires. Os primeiros crist\u00e3os recolhiam e veneravam os restos daqueles que haviam dado a vida por Cristo, reconhecendo que seus corpos, templos do Esp\u00edrito Santo, mantinham uma liga\u00e7\u00e3o especial com Deus.<\/p>\n\n\n\n<hr class=\"wp-block-separator has-alpha-channel-opacity\"\/>\n\n\n\n<h3 class=\"wp-block-heading\">Relev\u00e2ncia teol\u00f3gica: As rel\u00edquias como sinais de uma f\u00e9 encarnada<\/h3>\n\n\n\n<p>Na teologia cat\u00f3lica, as rel\u00edquias s\u00e3o muito mais do que objetos hist\u00f3ricos ou curiosidades religiosas; s\u00e3o <strong>sinais sacramentais<\/strong> que nos ajudam a experimentar a realidade do Deus encarnado. Sua venera\u00e7\u00e3o nos lembra que o cristianismo n\u00e3o \u00e9 uma f\u00e9 abstrata, mas profundamente encarnada: Deus age atrav\u00e9s do material para nos conduzir ao eterno.<\/p>\n\n\n\n<p>As rel\u00edquias de primeira classe (partes do corpo de um santo), de segunda classe (objetos usados por um santo) e de terceira classe (objetos tocados em rel\u00edquias de primeira classe) demonstram que a santidade \u00e9 algo tang\u00edvel. Elas nos convidam a refletir sobre como o corpo humano, santificado pelo batismo, pode se tornar um instrumento de gra\u00e7a e testemunho.<\/p>\n\n\n\n<p>Al\u00e9m disso, as rel\u00edquias ressaltam a <strong>comunh\u00e3o dos santos<\/strong>, um dogma fundamental do Credo. Ao venerarmos as rel\u00edquias, n\u00e3o adoramos os objetos nem divinizamos os santos, mas reconhecemos sua participa\u00e7\u00e3o na gl\u00f3ria de Deus e sua proximidade a n\u00f3s como intercessores. Este ato nos une espiritualmente a eles, fortalece nossa f\u00e9 e nos inspira a seguir seu exemplo.<\/p>\n\n\n\n<hr class=\"wp-block-separator has-alpha-channel-opacity\"\/>\n\n\n\n<h3 class=\"wp-block-heading\">Aplica\u00e7\u00f5es pr\u00e1ticas: Vivendo a espiritualidade das rel\u00edquias<\/h3>\n\n\n\n<p>Como as rel\u00edquias podem inspirar nossa vida cotidiana? Aqui est\u00e3o algumas maneiras de integrar seu significado em nossa espiritualidade pessoal:<\/p>\n\n\n\n<ol class=\"wp-block-list\">\n<li><strong>Venera\u00e7\u00e3o consciente<\/strong>: Se tiver acesso a rel\u00edquias em sua par\u00f3quia ou durante uma visita a um santu\u00e1rio, reserve um tempo para rezar com devo\u00e7\u00e3o. Reconhe\u00e7a que voc\u00ea n\u00e3o venera o objeto em si, mas o que ele representa: a a\u00e7\u00e3o de Deus na vida do santo.<\/li>\n\n\n\n<li><strong>Imita\u00e7\u00e3o dos santos<\/strong>: As rel\u00edquias nos lembram que todos somos chamados \u00e0 santidade. Informe-se sobre a vida do santo associado a uma rel\u00edquia que voc\u00ea venera e pe\u00e7a sua intercess\u00e3o para imitar suas virtudes.<\/li>\n\n\n\n<li><strong>Evangeliza\u00e7\u00e3o<\/strong>: Falar sobre as rel\u00edquias pode ser uma forma criativa de explicar a f\u00e9 \u00e0queles que est\u00e3o afastados da Igreja. Por exemplo, contar hist\u00f3rias de milagres ligados \u00e0s rel\u00edquias pode abrir o cora\u00e7\u00e3o de algu\u00e9m para a a\u00e7\u00e3o de Deus.<\/li>\n\n\n\n<li><strong>Santidade cotidiana<\/strong>: Reflita sobre como seu corpo e suas a\u00e7\u00f5es podem ser instrumentos da gra\u00e7a de Deus. Assim como os santos foram templos vivos do Esp\u00edrito, voc\u00ea tamb\u00e9m pode consagrar cada gesto e decis\u00e3o ao Senhor.<\/li>\n<\/ol>\n\n\n\n<hr class=\"wp-block-separator has-alpha-channel-opacity\"\/>\n\n\n\n<h3 class=\"wp-block-heading\">Reflex\u00e3o contempor\u00e2nea: Rel\u00edquias e a f\u00e9 em um mundo secularizado<\/h3>\n\n\n\n<p>Em um mundo cada vez mais desconectado do transcendente, as rel\u00edquias s\u00e3o um lembrete tang\u00edvel de que o divino pode tocar nossas vidas. Em uma sociedade obcecada pelo material, mas desconfiada do espiritual, as rel\u00edquias oferecem uma poderosa li\u00e7\u00e3o: a mat\u00e9ria, redimida por Cristo, tem um destino eterno.<\/p>\n\n\n\n<p>As rel\u00edquias tamb\u00e9m podem contrastar com o individualismo moderno. Elas nos conectam a uma hist\u00f3ria e a uma comunidade maiores do que n\u00f3s mesmos, lembrando-nos de que a santidade n\u00e3o \u00e9 um projeto solit\u00e1rio, mas um chamado a viver em comunh\u00e3o com Deus e com os outros.<\/p>\n\n\n\n<p>Em tempos de crise, as rel\u00edquias t\u00eam sido uma fonte de conforto e esperan\u00e7a para os fi\u00e9is. Durante pandemias ou guerras, os crist\u00e3os levavam as rel\u00edquias em prociss\u00f5es, confiando na intercess\u00e3o dos santos. Hoje, em meio \u00e0s nossas pr\u00f3prias \u201cpandemias\u201d espirituais \u2013 como o desespero, o relativismo e o materialismo \u2013, a venera\u00e7\u00e3o das rel\u00edquias pode renovar nossa f\u00e9 e fortalecer nossa confian\u00e7a na vit\u00f3ria de Cristo.<\/p>\n\n\n\n<hr class=\"wp-block-separator has-alpha-channel-opacity\"\/>\n\n\n\n<h3 class=\"wp-block-heading\">Conclus\u00e3o: Renovando a f\u00e9 por meio dos sinais sagrados<\/h3>\n\n\n\n<p>As rel\u00edquias s\u00e3o um presente da Igreja que nos conecta \u00e0 gl\u00f3ria de Deus, \u00e0 comunh\u00e3o dos santos e \u00e0 nossa pr\u00f3pria voca\u00e7\u00e3o \u00e0 santidade. Elas s\u00e3o testemunhas silenciosas de que a f\u00e9 se vive concretamente e de que cada um de n\u00f3s \u00e9 chamado a deixar um legado de santidade.<\/p>\n\n\n\n<p>Ao se aproximar de uma rel\u00edquia, voc\u00ea entra em um di\u00e1logo espiritual: relembra o poder de Deus que atua em seus santos, se inspira a seguir seus passos e renova sua esperan\u00e7a na vida eterna. Que este sinal sagrado seja para voc\u00ea um convite a viver sua f\u00e9 com maior intensidade e, como os santos, a glorificar a Deus em tudo.<\/p>\n\n\n\n<p>\u201cSede santos, porque eu sou santo!\u201d (<strong>1 Pedro 1, 16<\/strong>). Que este chamado ressoe cada vez mais profundamente em seu cora\u00e7\u00e3o por meio da venera\u00e7\u00e3o das rel\u00edquias.<\/p>\n","protected":false},"excerpt":{"rendered":"<p>Introdu\u00e7\u00e3o: A riqueza espiritual das rel\u00edquias No vasto tesouro da f\u00e9 cat\u00f3lica, as rel\u00edquias ocupam um lugar especial como sinais vis\u00edveis da comunh\u00e3o com os santos e da realidade transcendente do Reino de Deus. Desde os primeiros dias da Igreja, as rel\u00edquias foram veneradas como lembran\u00e7as tang\u00edveis daqueles que viveram sua f\u00e9 de forma heroica. &hellip;<\/p>\n","protected":false},"author":3,"featured_media":1323,"comment_status":"open","ping_status":"open","sticky":false,"template":"","format":"standard","meta":{"_seopress_robots_primary_cat":"","_seopress_titles_title":"","_seopress_titles_desc":"","_seopress_robots_index":"","footnotes":""},"categories":[40,62],"tags":[203],"class_list":["post-1322","post","type-post","status-publish","format-standard","has-post-thumbnail","","category-oracao-e-espiritualidade","category-sacramentais-e-peregrinacoes","tag-reliquias-sagradas"],"_links":{"self":[{"href":"https:\/\/catholicus.eu\/pt\/wp-json\/wp\/v2\/posts\/1322","targetHints":{"allow":["GET"]}}],"collection":[{"href":"https:\/\/catholicus.eu\/pt\/wp-json\/wp\/v2\/posts"}],"about":[{"href":"https:\/\/catholicus.eu\/pt\/wp-json\/wp\/v2\/types\/post"}],"author":[{"embeddable":true,"href":"https:\/\/catholicus.eu\/pt\/wp-json\/wp\/v2\/users\/3"}],"replies":[{"embeddable":true,"href":"https:\/\/catholicus.eu\/pt\/wp-json\/wp\/v2\/comments?post=1322"}],"version-history":[{"count":1,"href":"https:\/\/catholicus.eu\/pt\/wp-json\/wp\/v2\/posts\/1322\/revisions"}],"predecessor-version":[{"id":1324,"href":"https:\/\/catholicus.eu\/pt\/wp-json\/wp\/v2\/posts\/1322\/revisions\/1324"}],"wp:featuredmedia":[{"embeddable":true,"href":"https:\/\/catholicus.eu\/pt\/wp-json\/wp\/v2\/media\/1323"}],"wp:attachment":[{"href":"https:\/\/catholicus.eu\/pt\/wp-json\/wp\/v2\/media?parent=1322"}],"wp:term":[{"taxonomy":"category","embeddable":true,"href":"https:\/\/catholicus.eu\/pt\/wp-json\/wp\/v2\/categories?post=1322"},{"taxonomy":"post_tag","embeddable":true,"href":"https:\/\/catholicus.eu\/pt\/wp-json\/wp\/v2\/tags?post=1322"}],"curies":[{"name":"wp","href":"https:\/\/api.w.org\/{rel}","templated":true}]}}