{"id":1318,"date":"2024-11-15T22:48:02","date_gmt":"2024-11-15T21:48:02","guid":{"rendered":"https:\/\/catholicus.eu\/pt\/?p=1318"},"modified":"2024-11-15T22:48:02","modified_gmt":"2024-11-15T21:48:02","slug":"o-magisterio-guardiao-da-fe-e-da-doutrina","status":"publish","type":"post","link":"https:\/\/catholicus.eu\/pt\/o-magisterio-guardiao-da-fe-e-da-doutrina\/","title":{"rendered":"O Magist\u00e9rio: Guardi\u00e3o da F\u00e9 e da Doutrina"},"content":{"rendered":"\n<h2 class=\"wp-block-heading\">Introdu\u00e7\u00e3o: Um Farol de Verdade em um Mundo em Mudan\u00e7a<\/h2>\n\n\n\n<p>Na longa hist\u00f3ria da Igreja Cat\u00f3lica, o Magist\u00e9rio se destaca como um pilar essencial e guardi\u00e3o fiel da f\u00e9 e da doutrina. A palavra &#8220;Magist\u00e9rio&#8221; vem do latim <em>magister<\/em>, que significa &#8220;mestre&#8221;, e reflete sua miss\u00e3o central: ensinar com autoridade a verdade revelada por Deus. Em um mundo marcado pelo relativismo e por transforma\u00e7\u00f5es culturais, o Magist\u00e9rio atua como um farol que guia os fi\u00e9is para uma compreens\u00e3o aut\u00eantica do Evangelho. Mas o que significa exatamente o Magist\u00e9rio? Como ele tem operado ao longo da hist\u00f3ria, e qual \u00e9 sua relev\u00e2ncia para a nossa vida espiritual hoje? Neste artigo, exploraremos essas quest\u00f5es, examinando as bases teol\u00f3gicas, as origens b\u00edblicas e as aplica\u00e7\u00f5es pr\u00e1ticas do Magist\u00e9rio na vida cotidiana.<\/p>\n\n\n\n<hr class=\"wp-block-separator has-alpha-channel-opacity\"\/>\n\n\n\n<h2 class=\"wp-block-heading\">Hist\u00f3ria e contexto b\u00edblico: Os fundamentos da autoridade<\/h2>\n\n\n\n<h3 class=\"wp-block-heading\">O Magist\u00e9rio na Sagrada Escritura<\/h3>\n\n\n\n<p>A autoridade de ensinar e salvaguardar a f\u00e9 n\u00e3o \u00e9 uma inven\u00e7\u00e3o humana, mas um mandato divino. No Novo Testamento, Jesus confia essa miss\u00e3o aos seus ap\u00f3stolos, especialmente a Pedro, como lemos em Mateus 16,18-19:<br><em>\u201cTu \u00e9s Pedro, e sobre esta pedra edificarei a minha Igreja; as portas do inferno n\u00e3o prevalecer\u00e3o contra ela. Eu te darei as chaves do Reino dos C\u00e9us: tudo o que ligares na terra ser\u00e1 ligado nos c\u00e9us, e tudo o que desligares na terra ser\u00e1 desligado nos c\u00e9us.\u201d<\/em><\/p>\n\n\n\n<p>Essa promessa faz de Pedro e de seus sucessores os guardi\u00f5es da f\u00e9 e da doutrina. Al\u00e9m disso, em Jo\u00e3o 14,26, Jesus promete enviar o Esp\u00edrito Santo para guiar a Igreja na verdade:<br><em>\u201cO Par\u00e1clito, o Esp\u00edrito Santo que o Pai enviar\u00e1 em meu nome, vos ensinar\u00e1 todas as coisas e vos recordar\u00e1 tudo o que eu vos disse.\u201d<\/em><\/p>\n\n\n\n<p>O Magist\u00e9rio se fundamenta nessa autoridade conferida por Cristo e transmitida por meio da sucess\u00e3o apost\u00f3lica. Essa liga\u00e7\u00e3o hist\u00f3rica garante que o ensinamento da Igreja permane\u00e7a fiel \u00e0 verdade revelada por Deus.<\/p>\n\n\n\n<h3 class=\"wp-block-heading\">A Tradi\u00e7\u00e3o Apost\u00f3lica<\/h3>\n\n\n\n<p>Desde os primeiros s\u00e9culos, os Padres da Igreja reconheceram a import\u00e2ncia de uma autoridade doutrinal unificada. Santo Irineu de Lyon, no s\u00e9culo II, sublinhava a necessidade de se manter fiel aos ensinamentos dos bispos em comunh\u00e3o com Roma, pois eles preservavam a Tradi\u00e7\u00e3o apost\u00f3lica. Essa continuidade hist\u00f3rica assegura que a mensagem de Cristo n\u00e3o seja alterada, mas transmitida fielmente a cada gera\u00e7\u00e3o.<\/p>\n\n\n\n<hr class=\"wp-block-separator has-alpha-channel-opacity\"\/>\n\n\n\n<h2 class=\"wp-block-heading\">Relev\u00e2ncia teol\u00f3gica: Uma Ponte entre Deus e a Humanidade<\/h2>\n\n\n\n<h3 class=\"wp-block-heading\">As tr\u00eas dimens\u00f5es do Magist\u00e9rio<\/h3>\n\n\n\n<p>O Magist\u00e9rio da Igreja opera principalmente de tr\u00eas maneiras:<\/p>\n\n\n\n<ol class=\"wp-block-list\">\n<li><strong>Magist\u00e9rio Ordin\u00e1rio<\/strong>: Inclui os ensinamentos cotidianos do Papa e dos bispos em comunh\u00e3o com ele, por meio de homilias, cartas pastorais e enc\u00edclicas. Embora nem sempre seja infal\u00edvel, oferece orienta\u00e7\u00e3o valiosa sobre quest\u00f5es de f\u00e9 e moral.<\/li>\n\n\n\n<li><strong>Magist\u00e9rio Extraordin\u00e1rio<\/strong>: Refere-se \u00e0s defini\u00e7\u00f5es solenes de f\u00e9 proclamadas em conc\u00edlios ecum\u00eanicos ou pelo Papa quando fala <em>ex cathedra<\/em>. Esses ensinamentos s\u00e3o infal\u00edveis e obrigat\u00f3rios para todos os cat\u00f3licos.<\/li>\n\n\n\n<li><strong>Magist\u00e9rio Universal e Ordin\u00e1rio<\/strong>: Manifesta-se quando os bispos, em comunh\u00e3o com o Papa, concordam unanimemente sobre uma doutrina como revelada por Deus.<\/li>\n<\/ol>\n\n\n\n<p>O Magist\u00e9rio n\u00e3o \u00e9 uma fonte independente de revela\u00e7\u00e3o, mas interpreta e protege a Palavra de Deus contida na Escritura e na Tradi\u00e7\u00e3o. Isso garante que os fi\u00e9is tenham acesso \u00e0 verdade de forma aut\u00eantica, sem o risco de interpreta\u00e7\u00f5es err\u00f4neas.<\/p>\n\n\n\n<h3 class=\"wp-block-heading\">Impacto espiritual<\/h3>\n\n\n\n<p>Para os crist\u00e3os, o Magist\u00e9rio n\u00e3o \u00e9 apenas uma orienta\u00e7\u00e3o intelectual, mas uma ponte espiritual que conecta os fi\u00e9is \u00e0 verdade divina. Ele nos lembra que a f\u00e9 n\u00e3o \u00e9 um conjunto de opini\u00f5es pessoais, mas uma ades\u00e3o \u00e0 verdade revelada por um Deus amoroso. Esse ancoramento na verdade nos d\u00e1 confian\u00e7a e liberdade para viver plenamente a nossa f\u00e9 em um mundo cheio de incertezas.<\/p>\n\n\n\n<hr class=\"wp-block-separator has-alpha-channel-opacity\"\/>\n\n\n\n<h2 class=\"wp-block-heading\">Aplica\u00e7\u00f5es pr\u00e1ticas: Integrar o Magist\u00e9rio na vida cotidiana<\/h2>\n\n\n\n<h3 class=\"wp-block-heading\">Forma\u00e7\u00e3o na f\u00e9<\/h3>\n\n\n\n<p>Uma maneira concreta de viver o Magist\u00e9rio \u00e9 familiarizar-se com os ensinamentos da Igreja. Ler documentos como o Catecismo da Igreja Cat\u00f3lica ou enc\u00edclicas papais nos ajuda a compreender a riqueza da nossa f\u00e9 e a aplic\u00e1-la nas decis\u00f5es di\u00e1rias. Por exemplo, a enc\u00edclica <em>Laudato Si\u2019<\/em> nos chama a cuidar da cria\u00e7\u00e3o com responsabilidade, uma mensagem especialmente relevante para os nossos tempos.<\/p>\n\n\n\n<h3 class=\"wp-block-heading\">Discernimento moral<\/h3>\n\n\n\n<p>O Magist\u00e9rio tamb\u00e9m serve como uma b\u00fassola para o discernimento moral. Em quest\u00f5es complexas como bio\u00e9tica, justi\u00e7a social ou dignidade humana, ele oferece princ\u00edpios claros baseados na lei natural e na revela\u00e7\u00e3o divina. Um exemplo pr\u00e1tico \u00e9 a aplica\u00e7\u00e3o dos ensinamentos de <em>Evangelium Vitae<\/em> para defender a vida desde a concep\u00e7\u00e3o at\u00e9 a morte natural.<\/p>\n\n\n\n<h3 class=\"wp-block-heading\">Participa\u00e7\u00e3o na comunidade<\/h3>\n\n\n\n<p>Viver segundo o Magist\u00e9rio implica tamb\u00e9m uma participa\u00e7\u00e3o ativa na vida da Igreja. Isso inclui a participa\u00e7\u00e3o na Missa dominical, a recep\u00e7\u00e3o dos sacramentos e a colabora\u00e7\u00e3o na miss\u00e3o evangelizadora. Dessa forma, unimo-nos ao Corpo de Cristo e contribu\u00edmos para a constru\u00e7\u00e3o do Reino de Deus na terra.<\/p>\n\n\n\n<hr class=\"wp-block-separator has-alpha-channel-opacity\"\/>\n\n\n\n<h2 class=\"wp-block-heading\">Reflex\u00e3o contempor\u00e2nea: O Magist\u00e9rio no mundo moderno<\/h2>\n\n\n\n<p>Em uma \u00e9poca em que ideologias e opini\u00f5es s\u00e3o abundantes, o Magist\u00e9rio oferece uma verdade objetiva que transcende as tend\u00eancias culturais. Contudo, essa verdade n\u00e3o \u00e9 imposta, mas proposta com amor e paci\u00eancia. Como escreveu S\u00e3o Jo\u00e3o Paulo II: <em>\u201cA verdade se imp\u00f5e apenas pela for\u00e7a da pr\u00f3pria verdade.\u201d<\/em><\/p>\n\n\n\n<p>Os desafios contempor\u00e2neos, como o secularismo e a indiferen\u00e7a religiosa, convidam-nos a redescobrir o Magist\u00e9rio como uma fonte de luz e esperan\u00e7a. Ao acolher os seus ensinamentos, os crist\u00e3os podem ser testemunhas aut\u00eanticas do Evangelho, promovendo justi\u00e7a, paz e dignidade humana.<\/p>\n\n\n\n<hr class=\"wp-block-separator has-alpha-channel-opacity\"\/>\n\n\n\n<h2 class=\"wp-block-heading\">Conclus\u00e3o: Um chamado \u00e0 fidelidade<\/h2>\n\n\n\n<p>O Magist\u00e9rio \u00e9 um dom de Deus \u00e0 sua Igreja, uma b\u00fassola que nos guia para o porto seguro da verdade. Em um mundo que muitas vezes nos convida a criar as nossas pr\u00f3prias &#8220;verdades&#8221;, o Magist\u00e9rio nos lembra que somente em Cristo encontramos a plenitude da vida e da felicidade.<\/p>\n\n\n\n<p>Convido voc\u00ea a aprofundar-se nos ensinamentos da Igreja e a integr\u00e1-los na sua vida cotidiana. Que essas verdades iluminem o seu caminho e fortale\u00e7am a sua f\u00e9, permitindo-lhe ser um sinal vivo do amor de Deus no mundo. Como disse Jesus: <em>\u201cConhecereis a verdade, e a verdade vos libertar\u00e1\u201d (Jo\u00e3o 8,32).<\/em><\/p>\n","protected":false},"excerpt":{"rendered":"<p>Introdu\u00e7\u00e3o: Um Farol de Verdade em um Mundo em Mudan\u00e7a Na longa hist\u00f3ria da Igreja Cat\u00f3lica, o Magist\u00e9rio se destaca como um pilar essencial e guardi\u00e3o fiel da f\u00e9 e da doutrina. A palavra &#8220;Magist\u00e9rio&#8221; vem do latim magister, que significa &#8220;mestre&#8221;, e reflete sua miss\u00e3o central: ensinar com autoridade a verdade revelada por Deus. &hellip;<\/p>\n","protected":false},"author":3,"featured_media":1319,"comment_status":"open","ping_status":"open","sticky":false,"template":"","format":"standard","meta":{"_seopress_robots_primary_cat":"","_seopress_titles_title":"","_seopress_titles_desc":"","_seopress_robots_index":"","footnotes":""},"categories":[38,51],"tags":[71],"class_list":["post-1318","post","type-post","status-publish","format-standard","has-post-thumbnail","","category-historia-e-tradicao","category-magisterio-da-igreja","tag-magisterio"],"_links":{"self":[{"href":"https:\/\/catholicus.eu\/pt\/wp-json\/wp\/v2\/posts\/1318","targetHints":{"allow":["GET"]}}],"collection":[{"href":"https:\/\/catholicus.eu\/pt\/wp-json\/wp\/v2\/posts"}],"about":[{"href":"https:\/\/catholicus.eu\/pt\/wp-json\/wp\/v2\/types\/post"}],"author":[{"embeddable":true,"href":"https:\/\/catholicus.eu\/pt\/wp-json\/wp\/v2\/users\/3"}],"replies":[{"embeddable":true,"href":"https:\/\/catholicus.eu\/pt\/wp-json\/wp\/v2\/comments?post=1318"}],"version-history":[{"count":1,"href":"https:\/\/catholicus.eu\/pt\/wp-json\/wp\/v2\/posts\/1318\/revisions"}],"predecessor-version":[{"id":1320,"href":"https:\/\/catholicus.eu\/pt\/wp-json\/wp\/v2\/posts\/1318\/revisions\/1320"}],"wp:featuredmedia":[{"embeddable":true,"href":"https:\/\/catholicus.eu\/pt\/wp-json\/wp\/v2\/media\/1319"}],"wp:attachment":[{"href":"https:\/\/catholicus.eu\/pt\/wp-json\/wp\/v2\/media?parent=1318"}],"wp:term":[{"taxonomy":"category","embeddable":true,"href":"https:\/\/catholicus.eu\/pt\/wp-json\/wp\/v2\/categories?post=1318"},{"taxonomy":"post_tag","embeddable":true,"href":"https:\/\/catholicus.eu\/pt\/wp-json\/wp\/v2\/tags?post=1318"}],"curies":[{"name":"wp","href":"https:\/\/api.w.org\/{rel}","templated":true}]}}