{"id":1278,"date":"2024-11-12T21:48:35","date_gmt":"2024-11-12T20:48:35","guid":{"rendered":"https:\/\/catholicus.eu\/pt\/?p=1278"},"modified":"2024-11-12T21:48:36","modified_gmt":"2024-11-12T20:48:36","slug":"as-virtudes-cardeais-um-guia-espiritual-para-a-vida-diaria","status":"publish","type":"post","link":"https:\/\/catholicus.eu\/pt\/as-virtudes-cardeais-um-guia-espiritual-para-a-vida-diaria\/","title":{"rendered":"As Virtudes Cardeais: Um Guia Espiritual para a Vida Di\u00e1ria"},"content":{"rendered":"\n<p class=\"wp-block-paragraph\">As virtudes cardeais s\u00e3o o fundamento moral sobre o qual se constr\u00f3i uma vida \u00e9tica e plena, voltada para o bem e para o crescimento pessoal. Estas quatro virtudes \u2014 prud\u00eancia, justi\u00e7a, fortaleza e temperan\u00e7a \u2014 s\u00e3o exaltadas h\u00e1 s\u00e9culos na filosofia e na teologia, e a sua relev\u00e2ncia no mundo de hoje \u00e9 incontest\u00e1vel. Em tempos em que buscamos equil\u00edbrio e sentido, essas virtudes nos oferecem um caminho seguro para uma vida significativa, alinhada com a vontade de Deus e com o bem comum. Mas o que significa realmente viver segundo essas virtudes e como elas podem nos guiar no dia a dia? Vamos explor\u00e1-las juntos.<\/p>\n\n\n\n<h3 class=\"wp-block-heading\">A Hist\u00f3ria e o Significado das Virtudes Cardeais<\/h3>\n\n\n\n<p class=\"wp-block-paragraph\">O termo &#8220;virtude cardeal&#8221; vem do latim <em>cardo<\/em>, que significa &#8220;eixo&#8221; ou &#8220;piv\u00f4&#8221;. Essas virtudes s\u00e3o, essencialmente, os &#8220;pontos de apoio&#8221; de uma vida virtuosa, fundamentais para o desenvolvimento de um car\u00e1ter moral s\u00f3lido. As virtudes cardeais n\u00e3o s\u00e3o um conceito exclusivamente crist\u00e3o; na Gr\u00e9cia antiga, fil\u00f3sofos como Plat\u00e3o e Arist\u00f3teles j\u00e1 refletiam sobre elas como princ\u00edpios morais para orientar a vida. Para esses fil\u00f3sofos, viver de forma virtuosa significava alcan\u00e7ar a plenitude da exist\u00eancia humana.<\/p>\n\n\n\n<p class=\"wp-block-paragraph\">No entanto, foi Santo Ambr\u00f3sio de Mil\u00e3o quem formalizou a inclus\u00e3o das virtudes cardeais na doutrina crist\u00e3, integrando-as \u00e0 teologia moral. Mais tarde, S\u00e3o Tom\u00e1s de Aquino, um dos maiores te\u00f3logos da Igreja, aprofundou o estudo dessas virtudes em sua <em>Summa Theologiae<\/em>, considerando-as essenciais para a vida crist\u00e3 e indispens\u00e1veis para o aperfei\u00e7oamento humano.<\/p>\n\n\n\n<h3 class=\"wp-block-heading\">1. <strong>A Prud\u00eancia: Sabedoria nas Decis\u00f5es<\/strong><\/h3>\n\n\n\n<p class=\"wp-block-paragraph\">A prud\u00eancia, frequentemente definida como &#8220;sabedoria pr\u00e1tica&#8221;, \u00e9 a virtude que nos ajuda a discernir o bem do mal em cada situa\u00e7\u00e3o espec\u00edfica. N\u00e3o se trata apenas de ser cauteloso, mas de sempre buscar o bem e agir em conformidade com a verdade. A prud\u00eancia orienta todas as outras virtudes, pois sem uma vis\u00e3o clara e razo\u00e1vel do que \u00e9 justo, at\u00e9 as melhores inten\u00e7\u00f5es podem ser mal direcionadas.<\/p>\n\n\n\n<h4 class=\"wp-block-heading\">Aplica\u00e7\u00e3o Pr\u00e1tica da Prud\u00eancia<\/h4>\n\n\n\n<p class=\"wp-block-paragraph\">No dia a dia, a prud\u00eancia se manifesta na capacidade de refletir antes de agir, ponderar as poss\u00edveis consequ\u00eancias de nossas a\u00e7\u00f5es e buscar conselho quando necess\u00e1rio. Em um mundo atual, onde as decis\u00f5es s\u00e3o frequentemente apressadas ou impulsivas, a prud\u00eancia nos convida a parar e refletir. Por exemplo, antes de responder impulsivamente a uma mensagem que nos irrita, a prud\u00eancia pode significar dar alguns minutos para nos acalmar, refletir e responder com respeito e gentileza.<\/p>\n\n\n\n<h3 class=\"wp-block-heading\">2. <strong>A Justi\u00e7a: Dar a Cada Um o que Lhe Cabe<\/strong><\/h3>\n\n\n\n<p class=\"wp-block-paragraph\">A justi\u00e7a \u00e9 a virtude que nos leva a dar a cada pessoa o que lhe \u00e9 devido, reconhecendo sua dignidade e respeitando seus direitos. Na doutrina crist\u00e3, a justi\u00e7a \u00e9 muito mais do que uma norma legal; \u00e9 um convite a viver com retid\u00e3o e a se comprometer profundamente com o bem comum. A justi\u00e7a diz respeito n\u00e3o s\u00f3 aos nossos deveres pessoais, mas tamb\u00e9m ao nosso papel na constru\u00e7\u00e3o de uma sociedade mais justa.<\/p>\n\n\n\n<h4 class=\"wp-block-heading\">Aplica\u00e7\u00e3o Pr\u00e1tica da Justi\u00e7a<\/h4>\n\n\n\n<p class=\"wp-block-paragraph\">Hoje em dia, ser justo significa reconhecer e enfrentar desigualdades. Isso pode come\u00e7ar com pequenos gestos no dia a dia: tratar os outros com respeito, ser honesto em nossas rela\u00e7\u00f5es e apoiar aqueles que precisam. Al\u00e9m disso, a justi\u00e7a nos convida a refletir sobre nossa responsabilidade social: Podemos ser mais generosos em nossa comunidade? Preocupamo-nos com o bem-estar daqueles ao nosso redor? Em \u00faltima an\u00e1lise, ser justo \u00e9 uma forma de expressar o amor de Deus em nossa vida di\u00e1ria, lembrando-nos de que cada pessoa \u00e9 preciosa aos Seus olhos.<\/p>\n\n\n\n<h3 class=\"wp-block-heading\">3. <strong>A Fortaleza: A Coragem de Enfrentar as Dificuldades<\/strong><\/h3>\n\n\n\n<p class=\"wp-block-paragraph\">A fortaleza \u00e9 a virtude que nos permite enfrentar adversidades com coragem e perseveran\u00e7a. N\u00e3o \u00e9 uma postura r\u00edgida ou agressiva, mas uma for\u00e7a interior para suportar desafios, dor e dificuldades sem perder a esperan\u00e7a. A fortaleza n\u00e3o nos protege do sofrimento, mas nos d\u00e1 a coragem para suport\u00e1-lo, confiando que Deus nunca nos abandona.<\/p>\n\n\n\n<h4 class=\"wp-block-heading\">Aplica\u00e7\u00e3o Pr\u00e1tica da Fortaleza<\/h4>\n\n\n\n<p class=\"wp-block-paragraph\">Hoje \u00e9 especialmente desafiador viver com fortaleza. Em um mundo que muitas vezes nos convida a fugir da dor e evitar o sacrif\u00edcio, a fortaleza nos lembra a import\u00e2ncia de permanecer firmes em nossas convic\u00e7\u00f5es, mesmo quando o caminho se torna dif\u00edcil. Isso pode significar manter a f\u00e9 em tempos de crise, defender nossas cren\u00e7as diante de cr\u00edticas ou ser fiel aos nossos compromissos pessoais e familiares. Fortalecer essa virtude implica cultivar uma atitude de confian\u00e7a em Deus, que nos d\u00e1 a resist\u00eancia para superar qualquer prova\u00e7\u00e3o.<\/p>\n\n\n\n<h3 class=\"wp-block-heading\">4. <strong>A Temperan\u00e7a: Equil\u00edbrio e Modera\u00e7\u00e3o na Vida<\/strong><\/h3>\n\n\n\n<p class=\"wp-block-paragraph\">A temperan\u00e7a \u00e9 a virtude que nos ajuda a moderar nossos desejos e a manter o controle sobre nossos impulsos. N\u00e3o se trata de uma ren\u00fancia absoluta, mas de encontrar um equil\u00edbrio saud\u00e1vel e evitar excessos. A temperan\u00e7a nos convida a viver de forma simples e a nos concentrar no essencial, evitando os prazeres que nos afastam da nossa verdadeira voca\u00e7\u00e3o e miss\u00e3o.<\/p>\n\n\n\n<h4 class=\"wp-block-heading\">Aplica\u00e7\u00e3o Pr\u00e1tica da Temperan\u00e7a<\/h4>\n\n\n\n<p class=\"wp-block-paragraph\">A vida moderna est\u00e1 cheia de tenta\u00e7\u00f5es que podem nos levar ao excesso ou ao desperd\u00edcio: consumo excessivo, depend\u00eancia de tecnologia ou entretenimento sem fim. Praticar a temperan\u00e7a pode nos ajudar a estabelecer limites saud\u00e1veis nesses aspectos. Por exemplo, na utiliza\u00e7\u00e3o das redes sociais, a temperan\u00e7a nos permite us\u00e1-las de forma positiva e limitada, sem nos deixarmos absorver pelo fluxo constante de informa\u00e7\u00f5es. Ela nos ajuda a viver com simplicidade e a concentrar nosso cora\u00e7\u00e3o naquilo que realmente traz paz e significado.<\/p>\n\n\n\n<h3 class=\"wp-block-heading\">As Virtudes Cardeais em Nossa Vida Espiritual<\/h3>\n\n\n\n<p class=\"wp-block-paragraph\">Al\u00e9m de sua aplica\u00e7\u00e3o na vida di\u00e1ria, as virtudes cardeais s\u00e3o um caminho para a santidade e o crescimento espiritual. Cada uma dessas virtudes, essencialmente, reflete o car\u00e1ter de Deus: Ele \u00e9 prudente e s\u00e1bio, justo e \u00edntegro, forte em Seu amor por n\u00f3s e moderado em Sua justi\u00e7a. Viver essas virtudes significa imitar Deus e aproximar-se cada vez mais de Sua imagem.<\/p>\n\n\n\n<p class=\"wp-block-paragraph\">Na pr\u00e1tica, podemos cultivar essas virtudes atrav\u00e9s da ora\u00e7\u00e3o e da reflex\u00e3o, pedindo a Deus a gra\u00e7a de viver com prud\u00eancia, justi\u00e7a, fortaleza e temperan\u00e7a. A confiss\u00e3o e a dire\u00e7\u00e3o espiritual tamb\u00e9m podem ser recursos valiosos para identificar as \u00e1reas em cada virtude nas quais precisamos crescer e trabalhar nelas com humildade e dedica\u00e7\u00e3o.<\/p>\n\n\n\n<h3 class=\"wp-block-heading\">Por Que S\u00e3o Relevantes Hoje?<\/h3>\n\n\n\n<p class=\"wp-block-paragraph\">Em uma sociedade que frequentemente se concentra no sucesso r\u00e1pido e nos prazeres imediatos, as virtudes cardeais oferecem um contrapeso essencial. Elas nos lembram de que a verdadeira realiza\u00e7\u00e3o n\u00e3o se encontra no que possu\u00edmos ou alcan\u00e7amos, mas na qualidade do nosso car\u00e1ter e na profundidade de nossos relacionamentos. Al\u00e9m disso, essas virtudes s\u00e3o essenciais no contexto de uma vida crist\u00e3 que busca o bem e a harmonia com os outros. Cultivando essas virtudes, melhoramos n\u00e3o s\u00f3 nossa vida, mas tamb\u00e9m contribu\u00edmos para construir um mundo mais justo, solid\u00e1rio e pac\u00edfico.<\/p>\n\n\n\n<h3 class=\"wp-block-heading\">Como Come\u00e7ar a Praticar as Virtudes Cardeais<\/h3>\n\n\n\n<p class=\"wp-block-paragraph\">Praticar as virtudes cardeais \u00e9 um processo gradual que exige autoconhecimento, disciplina e abertura ao crescimento espiritual. Aqui est\u00e3o alguns passos para come\u00e7ar:<\/p>\n\n\n\n<ol class=\"wp-block-list\">\n<li><strong>Refletir diariamente<\/strong> sobre suas decis\u00f5es e atitudes. Pergunte-se como pode agir com mais prud\u00eancia, justi\u00e7a, fortaleza e temperan\u00e7a em cada situa\u00e7\u00e3o.<\/li>\n\n\n\n<li><strong>Buscar apoio espiritual<\/strong> atrav\u00e9s da ora\u00e7\u00e3o e dos sacramentos, especialmente a Eucaristia e a confiss\u00e3o, que nos fortalecem e nos purificam.<\/li>\n\n\n\n<li><strong>Estabelecer metas concretas<\/strong> para cada virtude. Por exemplo, comprometa-se a ser mais justo em suas rela\u00e7\u00f5es, demonstrando gratid\u00e3o e respeito para com as pessoas ao seu redor.<\/li>\n\n\n\n<li><strong>Ler e estudar<\/strong> a vida dos santos que exemplificaram essas virtudes e inspire-se em seus exemplos.<\/li>\n<\/ol>\n\n\n\n<h3 class=\"wp-block-heading\">Conclus\u00e3o<\/h3>\n\n\n\n<p class=\"wp-block-paragraph\">As virtudes cardeais nos oferecem um guia para viver em harmonia com Deus e com os outros. Elas n\u00e3o s\u00e3o ideais inating\u00edveis, mas ferramentas pr\u00e1ticas que podemos cultivar a cada dia com a ajuda de Deus. Ao abra\u00e7armos a prud\u00eancia, a justi\u00e7a, a fortaleza e a temperan\u00e7a, abrimo-nos \u00e0 possibilidade de viver uma vida mais rica e significativa, em comunh\u00e3o com o amor divino e ao servi\u00e7o do pr\u00f3ximo. Neste caminho, a gra\u00e7a divina \u00e9 o nosso guia e nosso apoio, fortalecendo nossa vontade de nos tornarmos pessoas melhores a cada dia.<\/p>\n","protected":false},"excerpt":{"rendered":"<p>As virtudes cardeais s\u00e3o o fundamento moral sobre o qual se constr\u00f3i uma vida \u00e9tica e plena, voltada para o bem e para o crescimento pessoal. Estas quatro virtudes \u2014 prud\u00eancia, justi\u00e7a, fortaleza e temperan\u00e7a \u2014 s\u00e3o exaltadas h\u00e1 s\u00e9culos na filosofia e na teologia, e a sua relev\u00e2ncia no mundo de hoje \u00e9 incontest\u00e1vel. &hellip;<\/p>\n","protected":false},"author":3,"featured_media":1279,"comment_status":"open","ping_status":"open","sticky":false,"template":"","format":"standard","meta":{"_seopress_titles_title":"","_seopress_titles_desc":"","_seopress_robots_index":"","_seopress_robots_follow":"","_seopress_robots_imageindex":"","_seopress_robots_snippet":"","_seopress_robots_primary_cat":"","_seopress_robots_breadcrumbs":"","_seopress_robots_freeze_modified_date":"","_seopress_robots_custom_modified_date":"","_seopress_robots_canonical":"","_seopress_social_fb_title":"","_seopress_social_fb_desc":"","_seopress_social_fb_img":"","_seopress_social_fb_img_attachment_id":0,"_seopress_social_fb_img_width":0,"_seopress_social_fb_img_height":0,"_seopress_social_twitter_title":"","_seopress_social_twitter_desc":"","_seopress_social_twitter_img":"","_seopress_social_twitter_img_attachment_id":0,"_seopress_social_twitter_img_width":0,"_seopress_social_twitter_img_height":0,"_seopress_redirections_value":"","_seopress_redirections_enabled":"","_seopress_redirections_enabled_regex":"","_seopress_redirections_logged_status":"","_seopress_redirections_param":"","_seopress_redirections_type":0,"_seopress_analysis_target_kw":"","footnotes":""},"categories":[39,57],"tags":[190],"class_list":["post-1278","post","type-post","status-publish","format-standard","has-post-thumbnail","","category-moral-e-vida-crista","category-virtudes-cristas","tag-virtudes-cardeais"],"_links":{"self":[{"href":"https:\/\/catholicus.eu\/pt\/wp-json\/wp\/v2\/posts\/1278","targetHints":{"allow":["GET"]}}],"collection":[{"href":"https:\/\/catholicus.eu\/pt\/wp-json\/wp\/v2\/posts"}],"about":[{"href":"https:\/\/catholicus.eu\/pt\/wp-json\/wp\/v2\/types\/post"}],"author":[{"embeddable":true,"href":"https:\/\/catholicus.eu\/pt\/wp-json\/wp\/v2\/users\/3"}],"replies":[{"embeddable":true,"href":"https:\/\/catholicus.eu\/pt\/wp-json\/wp\/v2\/comments?post=1278"}],"version-history":[{"count":1,"href":"https:\/\/catholicus.eu\/pt\/wp-json\/wp\/v2\/posts\/1278\/revisions"}],"predecessor-version":[{"id":1280,"href":"https:\/\/catholicus.eu\/pt\/wp-json\/wp\/v2\/posts\/1278\/revisions\/1280"}],"wp:featuredmedia":[{"embeddable":true,"href":"https:\/\/catholicus.eu\/pt\/wp-json\/wp\/v2\/media\/1279"}],"wp:attachment":[{"href":"https:\/\/catholicus.eu\/pt\/wp-json\/wp\/v2\/media?parent=1278"}],"wp:term":[{"taxonomy":"category","embeddable":true,"href":"https:\/\/catholicus.eu\/pt\/wp-json\/wp\/v2\/categories?post=1278"},{"taxonomy":"post_tag","embeddable":true,"href":"https:\/\/catholicus.eu\/pt\/wp-json\/wp\/v2\/tags?post=1278"}],"curies":[{"name":"wp","href":"https:\/\/api.w.org\/{rel}","templated":true}]}}