{"id":1275,"date":"2024-11-12T21:11:25","date_gmt":"2024-11-12T20:11:25","guid":{"rendered":"https:\/\/catholicus.eu\/pt\/?p=1275"},"modified":"2024-11-12T21:11:25","modified_gmt":"2024-11-12T20:11:25","slug":"as-virtudes-teologais-fe-esperanca-e-caridade-na-vida-crista","status":"publish","type":"post","link":"https:\/\/catholicus.eu\/pt\/as-virtudes-teologais-fe-esperanca-e-caridade-na-vida-crista\/","title":{"rendered":"As Virtudes Teologais: F\u00e9, Esperan\u00e7a e Caridade na Vida Crist\u00e3"},"content":{"rendered":"\n<p>As virtudes teologais \u2013 F\u00e9, Esperan\u00e7a e Caridade \u2013 s\u00e3o pilares fundamentais da vida crist\u00e3. S\u00e3o dons divinos que, quando aceitos e cultivados, iluminam nosso caminho at\u00e9 Deus e transformam profundamente nossas vidas. O que s\u00e3o, o que significam e como podem nos guiar hoje? Este artigo explora suas origens, o significado teol\u00f3gico e sua relev\u00e2ncia pr\u00e1tica, convidando a refletir sobre como aplic\u00e1-las no dia a dia.<\/p>\n\n\n\n<hr class=\"wp-block-separator has-alpha-channel-opacity\"\/>\n\n\n\n<h3 class=\"wp-block-heading\">1. O que s\u00e3o as Virtudes Teologais?<\/h3>\n\n\n\n<p>As virtudes teologais s\u00e3o dons de Deus infundidos em cada alma no momento do batismo. Essas virtudes nos abrem \u00e0 gra\u00e7a divina e formam a base da vida crist\u00e3. S\u00e3o chamadas &#8220;teologais&#8221; porque nos orientam para Deus. Diferentemente das virtudes humanas, que dependem da nossa vontade e esfor\u00e7os, as virtudes teologais s\u00e3o infundidas pelo Esp\u00edrito Santo e nos conduzem a um relacionamento mais profundo e amoroso com Deus.<\/p>\n\n\n\n<p>As tr\u00eas virtudes teologais s\u00e3o:<\/p>\n\n\n\n<ul class=\"wp-block-list\">\n<li><strong>F\u00e9<\/strong>: a capacidade de acreditar em Deus e em tudo o que Ele revelou.<\/li>\n\n\n\n<li><strong>Esperan\u00e7a<\/strong>: a confian\u00e7a de que Deus cumprir\u00e1 suas promessas e de que a vida eterna \u00e9 nosso objetivo final.<\/li>\n\n\n\n<li><strong>Caridade<\/strong>: o amor a Deus acima de todas as coisas e ao pr\u00f3ximo como a n\u00f3s mesmos, por amor a Deus.<\/li>\n<\/ul>\n\n\n\n<p>Ao longo da hist\u00f3ria, essas virtudes t\u00eam sido o fundamento da santidade e da for\u00e7a dos crist\u00e3os. Elas personificam a ess\u00eancia do amor crist\u00e3o e o chamado a viver uma vida de realiza\u00e7\u00e3o espiritual.<\/p>\n\n\n\n<hr class=\"wp-block-separator has-alpha-channel-opacity\"\/>\n\n\n\n<h3 class=\"wp-block-heading\">2. Hist\u00f3ria e Contexto Teol\u00f3gico<\/h3>\n\n\n\n<h4 class=\"wp-block-heading\">F\u00e9: Acreditar para Compreender<\/h4>\n\n\n\n<p>A f\u00e9 foi entendida, desde os prim\u00f3rdios do cristianismo, como o primeiro passo no caminho para Deus. Santo Agostinho dizia: &#8220;Acredite para compreender&#8221;. S\u00e3o Tom\u00e1s de Aquino afirmava que a f\u00e9 \u00e9 &#8220;a subst\u00e2ncia do que esperamos e a prova do que n\u00e3o vemos&#8221;. Este dom nos permite confiar em Deus e ver o mundo atrav\u00e9s do prisma da revela\u00e7\u00e3o.<\/p>\n\n\n\n<h4 class=\"wp-block-heading\">Esperan\u00e7a: A For\u00e7a nas Adversidades<\/h4>\n\n\n\n<p>A virtude da esperan\u00e7a \u00e9 a certeza de que Deus cumprir\u00e1 suas promessas. Essa certeza nos d\u00e1 for\u00e7as para enfrentar os desafios da vida, confiando na gra\u00e7a de Deus. S\u00e3o Tom\u00e1s explicava que a esperan\u00e7a aperfei\u00e7oa nosso desejo humano de alcan\u00e7ar um bem dif\u00edcil, que, para os crist\u00e3os, \u00e9 a vida eterna e a comunh\u00e3o com Deus. Este desejo \u00e9 ativado em n\u00f3s pelo Esp\u00edrito Santo, que orienta nossa vida com esperan\u00e7a e nos sustenta nas prova\u00e7\u00f5es.<\/p>\n\n\n\n<h4 class=\"wp-block-heading\">Caridade: O Amor Divino Refletido<\/h4>\n\n\n\n<p>A caridade \u00e9 o cora\u00e7\u00e3o de todas as virtudes. \u00c9 o amor de Deus por n\u00f3s e o amor que refletimos para os outros. S\u00e3o Paulo ensinava que, sem a caridade, &#8220;n\u00e3o somos nada&#8221; (1 Cor\u00edntios 13). Este amor leva os crist\u00e3os a ver a imagem de Deus nos outros e a agir com miseric\u00f3rdia e compaix\u00e3o.<\/p>\n\n\n\n<hr class=\"wp-block-separator has-alpha-channel-opacity\"\/>\n\n\n\n<h3 class=\"wp-block-heading\">3. A Relev\u00e2ncia das Virtudes Teologais Hoje<\/h3>\n\n\n\n<p>No mundo contempor\u00e2neo, marcado pela incerteza, pelo conflito e pela desorienta\u00e7\u00e3o espiritual, as virtudes teologais s\u00e3o mais relevantes do que nunca.<\/p>\n\n\n\n<ul class=\"wp-block-list\">\n<li><strong>F\u00e9<\/strong>: Em tempos de incerteza, a f\u00e9 nos enra\u00edza em Deus e nos permite olhar al\u00e9m das apar\u00eancias. Em uma \u00e9poca de mudan\u00e7as constantes, a f\u00e9 nos convida a construir nossa vida na s\u00f3lida rocha da Palavra de Deus e n\u00e3o nas flutua\u00e7\u00f5es do mundo. A f\u00e9 nos d\u00e1 uma perspectiva transcendente e nos ajuda a entender que a vida tem um prop\u00f3sito maior, que vai al\u00e9m do material.<\/li>\n\n\n\n<li><strong>Esperan\u00e7a<\/strong>: A esperan\u00e7a \u00e9 um ant\u00eddoto contra o pessimismo e o desespero. Ela nos lembra que, mesmo quando enfrentamos desafios, a hist\u00f3ria humana tem um sentido e uma finalidade em Deus. A esperan\u00e7a \u00e9 um conforto em tempos de crise e uma motiva\u00e7\u00e3o para continuar avan\u00e7ando diante das dificuldades.<\/li>\n\n\n\n<li><strong>Caridade<\/strong>: Em um mundo muitas vezes dividido, a caridade \u00e9 um convite a viver no amor. Este amor n\u00e3o \u00e9 apenas afetivo, mas efetivo. Significa agir com justi\u00e7a, buscar o bem dos outros e estender a m\u00e3o em tempos de necessidade. A caridade nos convida a ver os outros como irm\u00e3os e irm\u00e3s e a fazer o nosso melhor para aliviar o sofrimento e a priva\u00e7\u00e3o.<\/li>\n<\/ul>\n\n\n\n<hr class=\"wp-block-separator has-alpha-channel-opacity\"\/>\n\n\n\n<h3 class=\"wp-block-heading\">4. Aplica\u00e7\u00e3o Pr\u00e1tica: Como Viver as Virtudes Teologais no Cotidiano<\/h3>\n\n\n\n<h4 class=\"wp-block-heading\">F\u00e9: Permanecer em Contato com Deus e Confiar Nele<\/h4>\n\n\n\n<ul class=\"wp-block-list\">\n<li><strong>Ora\u00e7\u00e3o Di\u00e1ria<\/strong>: A f\u00e9 cresce atrav\u00e9s da ora\u00e7\u00e3o. Dedique um tempo todos os dias para falar com Deus e fortalecer sua confian\u00e7a Nele.<\/li>\n\n\n\n<li><strong>Leitura da Palavra de Deus<\/strong>: Dedique tempo para ler a B\u00edblia. A Palavra de Deus alimenta nossa f\u00e9 e nos ajuda a entender sua vontade em nossa vida.<\/li>\n\n\n\n<li><strong>Participa\u00e7\u00e3o na Comunidade<\/strong>: A f\u00e9 n\u00e3o se vive isoladamente. Participe da vida da Igreja, participe da Eucaristia e compartilhe com outros crist\u00e3os para fortalecer sua f\u00e9.<\/li>\n<\/ul>\n\n\n\n<h4 class=\"wp-block-heading\">Esperan\u00e7a: Viver com Otimismo e Confian\u00e7a nas Promessas de Deus<\/h4>\n\n\n\n<ul class=\"wp-block-list\">\n<li><strong>Confian\u00e7a no Plano de Deus<\/strong>: Nos momentos dif\u00edceis, lembre-se de que Deus tem um plano. A esperan\u00e7a nos convida a esperar com paci\u00eancia e a confiar no fato de que Deus est\u00e1 agindo em nossas vidas.<\/li>\n\n\n\n<li><strong>Cultivar uma Atitude Positiva<\/strong>: A esperan\u00e7a nos chama a ser uma luz nas trevas. Mesmo nas adversidades, busque algo positivo, sabendo que Deus pode trazer o bem de cada situa\u00e7\u00e3o.<\/li>\n\n\n\n<li><strong>Ser Testemunha de Esperan\u00e7a<\/strong>: Compartilhe sua esperan\u00e7a com os outros. Ajude aqueles que est\u00e3o passando por momentos dif\u00edceis a encontrar conforto e for\u00e7a em Deus.<\/li>\n<\/ul>\n\n\n\n<h4 class=\"wp-block-heading\">Caridade: Amar e Servir ao Pr\u00f3ximo<\/h4>\n\n\n\n<ul class=\"wp-block-list\">\n<li><strong>Praticar a Miseric\u00f3rdia<\/strong>: A caridade se expressa na compaix\u00e3o e no perd\u00e3o. Seja paciente e gentil, especialmente com aqueles que s\u00e3o dif\u00edceis de amar.<\/li>\n\n\n\n<li><strong>Ajudar os Necessitados<\/strong>: Cristo nos chama a servir os mais vulner\u00e1veis. Ofere\u00e7a seu tempo, seus recursos ou seus talentos para ajudar os outros.<\/li>\n\n\n\n<li><strong>Viver o Amor na Fam\u00edlia e na Comunidade<\/strong>: A caridade come\u00e7a em casa. Ame seus entes queridos e mostre esse amor atrav\u00e9s de suas a\u00e7\u00f5es.<\/li>\n<\/ul>\n\n\n\n<hr class=\"wp-block-separator has-alpha-channel-opacity\"\/>\n\n\n\n<h3 class=\"wp-block-heading\">5. As Virtudes Teologais como Guia Espiritual<\/h3>\n\n\n\n<p>As virtudes teologais n\u00e3o s\u00f3 nos dirigem a Deus, mas nos transformam. Em um mundo frequentemente focado no imediato e no superficial, as virtudes teologais nos lembram de que nosso objetivo final \u00e9 a vida eterna e a comunh\u00e3o com Deus.<\/p>\n\n\n\n<ul class=\"wp-block-list\">\n<li><strong>Na Ora\u00e7\u00e3o<\/strong>: Por meio da ora\u00e7\u00e3o, pedimos a Deus que fortale\u00e7a nossa f\u00e9, esperan\u00e7a e caridade. Essas virtudes crescem em n\u00f3s quando as pedimos com humildade e abertura.<\/li>\n\n\n\n<li><strong>No Servi\u00e7o ao Pr\u00f3ximo<\/strong>: Cristo nos chama a amar a Deus e ao pr\u00f3ximo. As virtudes teologais nos preparam para viver plenamente esse mandamento e sermos verdadeiros testemunhos do amor de Deus.<\/li>\n\n\n\n<li><strong>Na Santidade Pessoal<\/strong>: Viver as virtudes teologais \u00e9 um caminho para a santidade. Essas virtudes nos moldam segundo o cora\u00e7\u00e3o de Deus e nos tornam mais semelhantes a Cristo.<\/li>\n<\/ul>\n\n\n\n<hr class=\"wp-block-separator has-alpha-channel-opacity\"\/>\n\n\n\n<h3 class=\"wp-block-heading\">Conclus\u00e3o: As Virtudes Teologais, um Caminho para Deus<\/h3>\n\n\n\n<p>As virtudes teologais \u2013 F\u00e9, Esperan\u00e7a e Caridade \u2013 s\u00e3o dons divinos que nos permitem viver em comunh\u00e3o com Deus e ser seus instrumentos no mundo. Elas nos convidam a uma vida cheia de significado, prop\u00f3sito e amor, voltada para o objetivo maior de todo crist\u00e3o: a uni\u00e3o eterna com Deus.<\/p>\n\n\n\n<p>No mundo de hoje, marcado por tantas prova\u00e7\u00f5es e desafios, cultivar essas virtudes nos permite viver com paz e alegria, sabendo que, aconte\u00e7a o que acontecer, Deus est\u00e1 conosco e seu amor nos sustenta. Viver as virtudes teologais \u00e9 um ato de f\u00e9, uma promessa de esperan\u00e7a e um reflexo da caridade divina que transformar\u00e1 nossa vida e, com a gra\u00e7a de Deus, a vida daqueles que nos rodeiam.<\/p>\n","protected":false},"excerpt":{"rendered":"<p>As virtudes teologais \u2013 F\u00e9, Esperan\u00e7a e Caridade \u2013 s\u00e3o pilares fundamentais da vida crist\u00e3. S\u00e3o dons divinos que, quando aceitos e cultivados, iluminam nosso caminho at\u00e9 Deus e transformam profundamente nossas vidas. O que s\u00e3o, o que significam e como podem nos guiar hoje? Este artigo explora suas origens, o significado teol\u00f3gico e sua &hellip;<\/p>\n","protected":false},"author":3,"featured_media":1276,"comment_status":"open","ping_status":"open","sticky":false,"template":"","format":"standard","meta":{"_seopress_robots_primary_cat":"","_seopress_titles_title":"","_seopress_titles_desc":"","_seopress_robots_index":"","footnotes":""},"categories":[39,57],"tags":[189],"class_list":["post-1275","post","type-post","status-publish","format-standard","has-post-thumbnail","","category-moral-e-vida-crista","category-virtudes-cristas","tag-virtudes-teologais"],"_links":{"self":[{"href":"https:\/\/catholicus.eu\/pt\/wp-json\/wp\/v2\/posts\/1275","targetHints":{"allow":["GET"]}}],"collection":[{"href":"https:\/\/catholicus.eu\/pt\/wp-json\/wp\/v2\/posts"}],"about":[{"href":"https:\/\/catholicus.eu\/pt\/wp-json\/wp\/v2\/types\/post"}],"author":[{"embeddable":true,"href":"https:\/\/catholicus.eu\/pt\/wp-json\/wp\/v2\/users\/3"}],"replies":[{"embeddable":true,"href":"https:\/\/catholicus.eu\/pt\/wp-json\/wp\/v2\/comments?post=1275"}],"version-history":[{"count":1,"href":"https:\/\/catholicus.eu\/pt\/wp-json\/wp\/v2\/posts\/1275\/revisions"}],"predecessor-version":[{"id":1277,"href":"https:\/\/catholicus.eu\/pt\/wp-json\/wp\/v2\/posts\/1275\/revisions\/1277"}],"wp:featuredmedia":[{"embeddable":true,"href":"https:\/\/catholicus.eu\/pt\/wp-json\/wp\/v2\/media\/1276"}],"wp:attachment":[{"href":"https:\/\/catholicus.eu\/pt\/wp-json\/wp\/v2\/media?parent=1275"}],"wp:term":[{"taxonomy":"category","embeddable":true,"href":"https:\/\/catholicus.eu\/pt\/wp-json\/wp\/v2\/categories?post=1275"},{"taxonomy":"post_tag","embeddable":true,"href":"https:\/\/catholicus.eu\/pt\/wp-json\/wp\/v2\/tags?post=1275"}],"curies":[{"name":"wp","href":"https:\/\/api.w.org\/{rel}","templated":true}]}}