{"id":1247,"date":"2024-11-10T09:39:55","date_gmt":"2024-11-10T08:39:55","guid":{"rendered":"https:\/\/catholicus.eu\/pt\/?p=1247"},"modified":"2024-11-10T09:39:55","modified_gmt":"2024-11-10T08:39:55","slug":"o-que-significa-o-ecumenismo-e-como-ele-promove-a-unidade-entre-os-cristaos","status":"publish","type":"post","link":"https:\/\/catholicus.eu\/pt\/o-que-significa-o-ecumenismo-e-como-ele-promove-a-unidade-entre-os-cristaos\/","title":{"rendered":"O que significa o Ecumenismo e como ele promove a unidade entre os crist\u00e3os?"},"content":{"rendered":"\n<p>O ecumenismo \u00e9 um conceito fundamental na vida e na miss\u00e3o da Igreja, mas o que ele realmente significa e por que \u00e9 t\u00e3o importante hoje? \u00c0 medida que o mundo se torna cada vez mais interconectado e complexo, o chamado \u00e0 unidade entre crist\u00e3os se torna mais urgente. As divis\u00f5es entre as diversas tradi\u00e7\u00f5es crist\u00e3s n\u00e3o s\u00f3 deixaram feridas hist\u00f3ricas, mas tamb\u00e9m enfraqueceram o testemunho da f\u00e9 no mundo. O ecumenismo se torna, portanto, um esfor\u00e7o espiritual, teol\u00f3gico e pr\u00e1tico para responder \u00e0 ora\u00e7\u00e3o de Jesus: &#8220;Que todos sejam um&#8221; (Jo\u00e3o 17:21).<\/p>\n\n\n\n<p>Este artigo explora o significado do ecumenismo, sua hist\u00f3ria, a relev\u00e2ncia teol\u00f3gica e como podemos aplicar seus princ\u00edpios em nossa vida cotidiana, respondendo ao convite para viver uma f\u00e9 unificada no amor de Cristo.<\/p>\n\n\n\n<hr class=\"wp-block-separator has-alpha-channel-opacity\"\/>\n\n\n\n<h3 class=\"wp-block-heading\">1. O que \u00e9 o Ecumenismo?<\/h3>\n\n\n\n<p>O ecumenismo \u00e9 o movimento que visa promover a unidade entre todas as denomina\u00e7\u00f5es crist\u00e3s, trabalhando para a reconcilia\u00e7\u00e3o e a coopera\u00e7\u00e3o entre cat\u00f3licos, ortodoxos, protestantes, anglicanos e outras comunidades crist\u00e3s. A palavra \u201cecumenismo\u201d vem do termo grego <em>oikoumene<\/em>, que significa \u201cmundo habitado\u201d ou \u201ca terra toda\u201d. Em termos religiosos, evoca a inten\u00e7\u00e3o de construir uma Igreja que abrace toda a humanidade na diversidade e na comunh\u00e3o.<\/p>\n\n\n\n<p>O ecumenismo n\u00e3o implica uniformidade, nem exige que todas as Igrejas abandonem suas tradi\u00e7\u00f5es espec\u00edficas. Em vez disso, ele se concentra no reconhecimento e na valoriza\u00e7\u00e3o das riquezas de cada tradi\u00e7\u00e3o, promovendo um di\u00e1logo sincero que permite coopera\u00e7\u00e3o e aproxima\u00e7\u00e3o naquilo que compartilhamos em Cristo.<\/p>\n\n\n\n<h3 class=\"wp-block-heading\">2. Hist\u00f3ria do Ecumenismo: uma caminhada rumo \u00e0 unidade<\/h3>\n\n\n\n<p>A hist\u00f3ria do ecumenismo moderno tem suas ra\u00edzes no s\u00e9culo XX, embora o desejo de unidade exista desde os primeiros s\u00e9culos do cristianismo. As divis\u00f5es no cristianismo come\u00e7aram j\u00e1 nos primeiros s\u00e9culos, atingindo momentos cr\u00edticos como o Grande Cisma entre Oriente e Ocidente em 1054 e a Reforma Protestante do s\u00e9culo XVI.<\/p>\n\n\n\n<p>Por s\u00e9culos, essas divis\u00f5es foram uma fonte de conflito e confronto entre as diferentes comunidades crist\u00e3s. No entanto, no final do s\u00e9culo XIX e in\u00edcio do s\u00e9culo XX, surgiu uma nova consci\u00eancia da necessidade de unidade, especialmente no contexto da miss\u00e3o e da evangeliza\u00e7\u00e3o. A Confer\u00eancia Mission\u00e1ria Mundial de Edimburgo de 1910 \u00e9 considerada um marco do ecumenismo moderno, onde representantes de diversas denomina\u00e7\u00f5es crist\u00e3s se reuniram para trabalhar juntos na miss\u00e3o de evangeliza\u00e7\u00e3o.<\/p>\n\n\n\n<p>Mais tarde, em 1948, foi fundado o Conselho Mundial de Igrejas (CMI), uma organiza\u00e7\u00e3o ecum\u00eanica que re\u00fane v\u00e1rias igrejas protestantes, ortodoxas e anglicanas de todo o mundo. A Igreja Cat\u00f3lica n\u00e3o \u00e9 membro oficial do CMI, mas tem mantido uma estreita rela\u00e7\u00e3o e participado de numerosos di\u00e1logos e projetos ecum\u00eanicos.<\/p>\n\n\n\n<p>O Conc\u00edlio Vaticano II (1962-1965) foi um marco importante para a Igreja Cat\u00f3lica em seu compromisso ecum\u00eanico. Documentos como o decreto <em>Unitatis Redintegratio<\/em> expressam a inten\u00e7\u00e3o da Igreja Cat\u00f3lica de trabalhar ativamente pela unidade dos crist\u00e3os. Esse texto, juntamente com a enc\u00edclica <em>Ut Unum Sint<\/em> de S\u00e3o Jo\u00e3o Paulo II, lan\u00e7aram as bases para o di\u00e1logo e a reconcilia\u00e7\u00e3o com as diversas denomina\u00e7\u00f5es crist\u00e3s.<\/p>\n\n\n\n<hr class=\"wp-block-separator has-alpha-channel-opacity\"\/>\n\n\n\n<h3 class=\"wp-block-heading\">3. A import\u00e2ncia teol\u00f3gica do ecumenismo<\/h3>\n\n\n\n<p>De um ponto de vista teol\u00f3gico, o ecumenismo \u00e9 muito mais do que um simples esfor\u00e7o diplom\u00e1tico ou uma colabora\u00e7\u00e3o organizacional. \u00c9 uma resposta direta ao desejo de Cristo, expresso no Evangelho de Jo\u00e3o: &#8220;Que todos sejam um, assim como tu, Pai, est\u00e1s em mim e eu em ti, para que tamb\u00e9m eles estejam em n\u00f3s, e o mundo creia que tu me enviaste&#8221; (Jo\u00e3o 17:21).<\/p>\n\n\n\n<p>A divis\u00e3o entre os crist\u00e3os contradiz esse desejo de unidade e fragmenta o testemunho do amor de Deus no mundo. A teologia ecum\u00eanica busca, portanto, construir pontes, trabalhar para a reconcilia\u00e7\u00e3o e promover o entendimento m\u00fatuo entre as Igrejas. Cada tradi\u00e7\u00e3o crist\u00e3 possui riquezas espirituais, teol\u00f3gicas e lit\u00fargicas que enriquecem toda a comunidade de fi\u00e9is, e o di\u00e1logo ecum\u00eanico permite que aprendamos com essas express\u00f5es.<\/p>\n\n\n\n<p>A unidade n\u00e3o significa uma r\u00edgida uniformidade, mas uma comunh\u00e3o na diversidade. No cora\u00e7\u00e3o do ecumenismo est\u00e1 a compreens\u00e3o de que, embora as diferentes denomina\u00e7\u00f5es tenham pr\u00e1ticas e abordagens distintas, todas compartilham a f\u00e9 em Cristo e o desejo de seguir seus ensinamentos.<\/p>\n\n\n\n<hr class=\"wp-block-separator has-alpha-channel-opacity\"\/>\n\n\n\n<h3 class=\"wp-block-heading\">4. Ecumenismo pr\u00e1tico: como trabalhar pela unidade no cotidiano<\/h3>\n\n\n\n<p>Embora o ecumenismo possa parecer um campo reservado para a teologia e a diplomacia, todos os crist\u00e3os s\u00e3o chamados a trabalhar pela unidade em seu pr\u00f3prio contexto. O ecumenismo n\u00e3o \u00e9 uma tarefa exclusiva dos l\u00edderes religiosos; cada crente pode contribuir para esse esfor\u00e7o em sua vida cotidiana.<\/p>\n\n\n\n<h4 class=\"wp-block-heading\">4.1. A ora\u00e7\u00e3o pela unidade<\/h4>\n\n\n\n<p>A ora\u00e7\u00e3o \u00e9 uma das ferramentas mais poderosas do ecumenismo. Podemos nos unir em ora\u00e7\u00e3o pela unidade dos crist\u00e3os, pedindo a Deus que nos d\u00ea um cora\u00e7\u00e3o aberto e humilde para aprender uns com os outros. Todos os anos, em janeiro, \u00e9 celebrada a Semana de Ora\u00e7\u00e3o pela Unidade dos Crist\u00e3os, um momento especial em que comunidades crist\u00e3s de todo o mundo oram juntas pela reconcilia\u00e7\u00e3o e pela comunh\u00e3o.<\/p>\n\n\n\n<h4 class=\"wp-block-heading\">4.2. Di\u00e1logo sincero e abertura ao entendimento<\/h4>\n\n\n\n<p>O ecumenismo exige que cada um de n\u00f3s esteja disposto a ouvir e aprender com outros crist\u00e3os, sem julgar ou impor. Isso implica um verdadeiro interesse pelas cren\u00e7as, pr\u00e1ticas e perspectivas das outras denomina\u00e7\u00f5es. O di\u00e1logo com crist\u00e3os de outras tradi\u00e7\u00f5es pode nos enriquecer e nos ajudar a compreender melhor a nossa pr\u00f3pria f\u00e9.<\/p>\n\n\n\n<h4 class=\"wp-block-heading\">4.3. Colabora\u00e7\u00e3o em obras de caridade e justi\u00e7a social<\/h4>\n\n\n\n<p>Uma das maneiras mais eficazes de construir pontes entre as denomina\u00e7\u00f5es crist\u00e3s \u00e9 trabalhar juntos em projetos de servi\u00e7o e justi\u00e7a social. A pobreza, a fome, a exclus\u00e3o social e as crises ambientais afetam toda a humanidade e requerem uma resposta unida de todos os crist\u00e3os. Colaborando para o bem comum, oferecemos ao mundo um testemunho aut\u00eantico do amor de Cristo.<\/p>\n\n\n\n<h4 class=\"wp-block-heading\">4.4. Forma\u00e7\u00e3o na espiritualidade ecum\u00eanica<\/h4>\n\n\n\n<p>Para viver o ecumenismo, \u00e9 importante aprender sobre as v\u00e1rias tradi\u00e7\u00f5es crist\u00e3s e a hist\u00f3ria do movimento ecum\u00eanico. A leitura de documentos como o <em>Unitatis Redintegratio<\/em> e outros textos ecum\u00eanicos nos ajuda a aprofundar nossa compreens\u00e3o da unidade crist\u00e3 e a encontrar inspira\u00e7\u00e3o no caminho da reconcilia\u00e7\u00e3o.<\/p>\n\n\n\n<hr class=\"wp-block-separator has-alpha-channel-opacity\"\/>\n\n\n\n<h3 class=\"wp-block-heading\">5. Desafios e esperan\u00e7as para o ecumenismo hoje<\/h3>\n\n\n\n<p>O caminho do ecumenismo n\u00e3o est\u00e1 isento de desafios. As diferen\u00e7as doutrin\u00e1rias sobre a Eucaristia, o papel de Maria, a autoridade do Papa e outros temas permanecem obst\u00e1culos importantes. No entanto, longe de nos desencorajar, esses desafios podem nos motivar a buscar um melhor entendimento e uma maior humildade no di\u00e1logo.<\/p>\n\n\n\n<p>Um dos maiores desafios do ecumenismo \u00e9 superar s\u00e9culos de desconfian\u00e7a e preconceito. As divis\u00f5es deixaram feridas profundas em muitas comunidades crist\u00e3s, e a reconcilia\u00e7\u00e3o implica um processo de cura e perd\u00e3o que exige tempo e paci\u00eancia.<\/p>\n\n\n\n<p>Apesar desses desafios, o ecumenismo \u00e9 fonte de esperan\u00e7a. A abertura ao di\u00e1logo e o compromisso de muitas Igrejas no trabalho ecum\u00eanico demonstram que a unidade \u00e9 poss\u00edvel e que \u00e9 um objetivo compartilhado por milh\u00f5es de crist\u00e3os ao redor do mundo. A crescente colabora\u00e7\u00e3o em iniciativas de paz, justi\u00e7a social e defesa da dignidade humana testemunha a vitalidade e a relev\u00e2ncia do ecumenismo.<\/p>\n\n\n\n<hr class=\"wp-block-separator has-alpha-channel-opacity\"\/>\n\n\n\n<h3 class=\"wp-block-heading\">6. Conclus\u00e3o: O chamado \u00e0 unidade como testemunho de amor<\/h3>\n\n\n\n<p>O ecumenismo nos lembra que todos os crist\u00e3os, al\u00e9m de nossas diferen\u00e7as, s\u00e3o irm\u00e3os e irm\u00e3s em Cristo. A unidade que buscamos n\u00e3o \u00e9 um fim em si mesma, mas um testemunho do amor transformador de Deus. A divis\u00e3o \u00e9 uma ferida, mas o amor de Deus tem o poder de curar e reconstruir.<\/p>\n\n\n\n<p>Cada um de n\u00f3s pode viver o esp\u00edrito ecum\u00eanico em sua vida cotidiana: atrav\u00e9s da ora\u00e7\u00e3o, da abertura ao di\u00e1logo, da colabora\u00e7\u00e3o na caridade e da forma\u00e7\u00e3o no conhecimento da f\u00e9. Se cada um de n\u00f3s, como indiv\u00edduos e como comunidade, abra\u00e7ar o chamado \u00e0 unidade, o testemunho dos crist\u00e3os ser\u00e1 mais forte e aut\u00eantico.<\/p>\n\n\n\n<p>Que esta reflex\u00e3o sobre o ecumenismo nos inspire a trabalhar, com paci\u00eancia e perseveran\u00e7a, pela unidade, e que nosso amor e respeito por todas as tradi\u00e7\u00f5es crist\u00e3s sejam um sinal claro de que em Cristo somos um, assim como Ele \u00e9 um com o Pai.<\/p>\n","protected":false},"excerpt":{"rendered":"<p>O ecumenismo \u00e9 um conceito fundamental na vida e na miss\u00e3o da Igreja, mas o que ele realmente significa e por que \u00e9 t\u00e3o importante hoje? \u00c0 medida que o mundo se torna cada vez mais interconectado e complexo, o chamado \u00e0 unidade entre crist\u00e3os se torna mais urgente. As divis\u00f5es entre as diversas tradi\u00e7\u00f5es &hellip;<\/p>\n","protected":false},"author":3,"featured_media":1248,"comment_status":"open","ping_status":"open","sticky":false,"template":"","format":"standard","meta":{"_seopress_robots_primary_cat":"","_seopress_titles_title":"","_seopress_titles_desc":"","_seopress_robots_index":"","footnotes":""},"categories":[48,38],"tags":[177],"class_list":["post-1247","post","type-post","status-publish","format-standard","has-post-thumbnail","","category-historia-da-igreja","category-historia-e-tradicao","tag-ecumenismo"],"_links":{"self":[{"href":"https:\/\/catholicus.eu\/pt\/wp-json\/wp\/v2\/posts\/1247","targetHints":{"allow":["GET"]}}],"collection":[{"href":"https:\/\/catholicus.eu\/pt\/wp-json\/wp\/v2\/posts"}],"about":[{"href":"https:\/\/catholicus.eu\/pt\/wp-json\/wp\/v2\/types\/post"}],"author":[{"embeddable":true,"href":"https:\/\/catholicus.eu\/pt\/wp-json\/wp\/v2\/users\/3"}],"replies":[{"embeddable":true,"href":"https:\/\/catholicus.eu\/pt\/wp-json\/wp\/v2\/comments?post=1247"}],"version-history":[{"count":1,"href":"https:\/\/catholicus.eu\/pt\/wp-json\/wp\/v2\/posts\/1247\/revisions"}],"predecessor-version":[{"id":1249,"href":"https:\/\/catholicus.eu\/pt\/wp-json\/wp\/v2\/posts\/1247\/revisions\/1249"}],"wp:featuredmedia":[{"embeddable":true,"href":"https:\/\/catholicus.eu\/pt\/wp-json\/wp\/v2\/media\/1248"}],"wp:attachment":[{"href":"https:\/\/catholicus.eu\/pt\/wp-json\/wp\/v2\/media?parent=1247"}],"wp:term":[{"taxonomy":"category","embeddable":true,"href":"https:\/\/catholicus.eu\/pt\/wp-json\/wp\/v2\/categories?post=1247"},{"taxonomy":"post_tag","embeddable":true,"href":"https:\/\/catholicus.eu\/pt\/wp-json\/wp\/v2\/tags?post=1247"}],"curies":[{"name":"wp","href":"https:\/\/api.w.org\/{rel}","templated":true}]}}