{"id":1240,"date":"2024-11-09T22:34:03","date_gmt":"2024-11-09T21:34:03","guid":{"rendered":"https:\/\/catholicus.eu\/pt\/?p=1240"},"modified":"2024-11-09T22:34:03","modified_gmt":"2024-11-09T21:34:03","slug":"como-viver-a-fe-no-trabalho-e-nos-estudos","status":"publish","type":"post","link":"https:\/\/catholicus.eu\/pt\/como-viver-a-fe-no-trabalho-e-nos-estudos\/","title":{"rendered":"Como viver a f\u00e9 no trabalho e nos estudos"},"content":{"rendered":"\n<h4 class=\"wp-block-heading\">Introdu\u00e7\u00e3o: Por que viver a nossa f\u00e9 no dia a dia?<\/h4>\n\n\n\n<p>Na cultura atual, a vida crist\u00e3 n\u00e3o se limita apenas \u00e0 igreja; ela se estende a todas as \u00e1reas da vida, incluindo o trabalho e os estudos. Para um cat\u00f3lico, a f\u00e9 \u00e9 parte da sua identidade e deve inspirar todas as suas a\u00e7\u00f5es, pensamentos e relacionamentos. Isso soa ideal, mas representa um desafio pr\u00e1tico: como refletir os valores crist\u00e3os em um ambiente profissional ou acad\u00eamico sem criar conflitos ou sentir a press\u00e3o de se adaptar a um contexto frequentemente secular?<\/p>\n\n\n\n<h3 class=\"wp-block-heading\">Parte I: A f\u00e9 na vida cotidiana \u2013 Uma tradi\u00e7\u00e3o reservada aos santos?<\/h3>\n\n\n\n<p>Ao longo da hist\u00f3ria, a Igreja ensinou que a f\u00e9 \u00e9 uma experi\u00eancia integral, que afeta e transforma todos os aspectos da nossa vida. Os santos cat\u00f3licos s\u00e3o exemplos vivos de que as pessoas, sem deixar suas ocupa\u00e7\u00f5es, puderam viver sua voca\u00e7\u00e3o de forma que o seu trabalho se tornasse uma express\u00e3o do seu amor por Deus. Tome como exemplo S\u00e3o Jos\u00e9, que como carpinteiro dedicou sua vida \u00e0 fam\u00edlia e ao servi\u00e7o de Deus por meio de seu trabalho, ou Santa Teresinha do Menino Jesus, que desenvolveu sua &#8220;pequena via&#8221; de santidade na simplicidade das tarefas di\u00e1rias. Esse modo de ver cada a\u00e7\u00e3o como uma oportunidade para glorificar a Deus n\u00e3o \u00e9 exclusivo dos religiosos, mas \u00e9 um chamado para todos os cat\u00f3licos.<\/p>\n\n\n\n<p><strong>Relev\u00e2ncia hoje<\/strong>: Hoje, seguir esse exemplo pode parecer mais dif\u00edcil, especialmente em um ambiente focado em produtividade, competitividade e, muitas vezes, em valores contr\u00e1rios aos princ\u00edpios crist\u00e3os. No entanto, a f\u00e9 nos convida a ver cada dia como uma nova oportunidade de encontrar Deus nas outras pessoas e no pr\u00f3prio trabalho.<\/p>\n\n\n\n<h3 class=\"wp-block-heading\">Parte II: A teologia do trabalho e do estudo<\/h3>\n\n\n\n<p>J\u00e1 no livro do G\u00eanesis vemos que Deus d\u00e1 a Ad\u00e3o a miss\u00e3o de \u201ccultivar e guardar a terra\u201d (G\u00eanesis 2,15). O trabalho, entendido como parte da cria\u00e7\u00e3o, n\u00e3o \u00e9 um castigo, mas um meio de participar da obra criadora de Deus. Ap\u00f3s o pecado original, o trabalho se tornou dif\u00edcil e, \u00e0s vezes, alienante, mas atrav\u00e9s da reden\u00e7\u00e3o em Cristo, ele adquiriu um novo significado. O Catecismo da Igreja Cat\u00f3lica nos lembra que o trabalho \u00e9 uma participa\u00e7\u00e3o na obra de Deus e pode ter um car\u00e1ter redentor se unirmos nossos esfor\u00e7os di\u00e1rios ao sacrif\u00edcio de Cristo (CIC 2427).<\/p>\n\n\n\n<p>Com rela\u00e7\u00e3o aos estudos, a Igreja valoriza o conhecimento e a busca pela verdade, vendo em cada disciplina um reflexo da sabedoria divina. Filosofia, ci\u00eancias, artes \u2013 todas est\u00e3o orientadas para uma verdade maior, que \u00e9 o pr\u00f3prio Deus. Quando estudamos com o desejo de crescer, podemos tamb\u00e9m viver a nossa f\u00e9 ao pedir ao Esp\u00edrito Santo que ilumine a nossa mente e nos d\u00ea a humildade para reconhecer nossa pequenez diante do mist\u00e9rio da cria\u00e7\u00e3o.<\/p>\n\n\n\n<h3 class=\"wp-block-heading\">Parte III: Desafios e obst\u00e1culos atuais<\/h3>\n\n\n\n<p>Na pr\u00e1tica, n\u00e3o \u00e9 f\u00e1cil viver a nossa f\u00e9 no trabalho ou nos estudos. Aqui est\u00e3o alguns desafios comuns e como enfrent\u00e1-los segundo uma perspectiva crist\u00e3:<\/p>\n\n\n\n<ol class=\"wp-block-list\">\n<li><strong>Ambiente laico ou hostil \u00e0 f\u00e9<\/strong>: Em muitos lugares, a religi\u00e3o \u00e9 vista como algo \u201cprivado\u201d que n\u00e3o deve ser mostrado publicamente. No entanto, viver a f\u00e9 n\u00e3o significa impor nossas cren\u00e7as, mas mostrar o amor de Cristo atrav\u00e9s das nossas a\u00e7\u00f5es. Pequenos gestos, como ouvir um colega em dificuldade ou ser justo e \u00e9tico em nossas tarefas, s\u00e3o express\u00f5es de f\u00e9.<\/li>\n\n\n\n<li><strong>Competitividade e ambi\u00e7\u00e3o excessiva<\/strong>: Em ambientes competitivos, muitas vezes somos incentivados a nos destacar, \u00e0s vezes a qualquer custo. A f\u00e9 nos convida a praticar a virtude da humildade, reconhecendo nossos sucessos sem cair no orgulho e sabendo que nosso valor n\u00e3o depende do nosso sucesso.<\/li>\n\n\n\n<li><strong>Esgotamento emocional e f\u00edsico<\/strong>: A f\u00e9 pode ser uma fonte de conforto em momentos de estresse. Breves e sinceros momentos de ora\u00e7\u00e3o podem nos dar a paz necess\u00e1ria para enfrentar os desafios di\u00e1rios. Al\u00e9m disso, confiar na provid\u00eancia divina nos lembra que nosso valor n\u00e3o depende da produtividade, mas da nossa identidade como filhos de Deus.<\/li>\n\n\n\n<li><strong>Compromissos morais<\/strong>: \u00c0s vezes, podemos ser solicitados a realizar tarefas contr\u00e1rias aos nossos valores. Nessas situa\u00e7\u00f5es, \u00e9 importante rezar pedindo discernimento e lembrar que uma consci\u00eancia bem formada nos convida a agir com integridade, mesmo que isso envolva desconforto ou o desafio de tomar uma posi\u00e7\u00e3o firme.<\/li>\n<\/ol>\n\n\n\n<h3 class=\"wp-block-heading\">Parte IV: Estrat\u00e9gias pr\u00e1ticas para viver a f\u00e9 no trabalho e nos estudos<\/h3>\n\n\n\n<ol class=\"wp-block-list\">\n<li><strong>Ofere\u00e7a o seu dia a Deus<\/strong>: No come\u00e7o do dia, reserve alguns momentos para oferecer a Deus tudo o que far\u00e1. Voc\u00ea pode pedir que Ele o ajude a ser um instrumento do Seu amor e sabedoria em tudo o que fizer. Essa ora\u00e7\u00e3o simples d\u00e1 sentido a cada tarefa, transformando-a em um ato de amor.<\/li>\n\n\n\n<li><strong>Pratique a paci\u00eancia e a empatia<\/strong>: No relacionamento com os outros, procure ser compassivo e compreensivo. A paci\u00eancia \u00e9 uma virtude dif\u00edcil, mas ao pratic\u00e1-la criamos um ambiente de respeito e paz que reflete o amor de Deus.<\/li>\n\n\n\n<li><strong>Reserve momentos de ora\u00e7\u00e3o durante o dia<\/strong>: No meio da rotina, fa\u00e7a pausas para um breve momento de ora\u00e7\u00e3o ou reflex\u00e3o. At\u00e9 mesmo um \u201cObrigado, Senhor\u201d ap\u00f3s concluir uma tarefa ou uma ora\u00e7\u00e3o por ajuda antes de uma reuni\u00e3o importante pode transformar o dia em uma comunica\u00e7\u00e3o constante com Deus.<\/li>\n\n\n\n<li><strong>Seja honesto e justo<\/strong>: A integridade \u00e9 uma das formas mais poderosas de testemunho. Ser honesto, \u00e9tico e respeitar as regras, mesmo quando ningu\u00e9m est\u00e1 observando, \u00e9 uma maneira de viver nossa f\u00e9 e testemunhar o valor crist\u00e3o da verdade.<\/li>\n\n\n\n<li><strong>Tenha um grupo de apoio<\/strong>: Estar rodeado de pessoas que compartilham valores semelhantes pode ser muito \u00fatil para se manter firme na f\u00e9. Pode ser um grupo paroquial, amigos cat\u00f3licos ou familiares que ofere\u00e7am apoio espiritual e emocional.<\/li>\n\n\n\n<li><strong>Ver o trabalho e o estudo como um servi\u00e7o<\/strong>: Jesus nos ensinou que o servi\u00e7o \u00e9 o caminho para a grandeza no Reino de Deus. Da pr\u00f3xima vez que enfrentar uma tarefa dif\u00edcil, lembre-se de que voc\u00ea est\u00e1 servindo, seja aos seus colegas, aos seus superiores ou indiretamente \u00e0queles que se beneficiar\u00e3o de seu trabalho.<\/li>\n\n\n\n<li><strong>Cuidar da pr\u00f3pria sa\u00fade e bem-estar<\/strong>: Testemunhar Cristo tamb\u00e9m significa cuidar do nosso bem-estar f\u00edsico e mental. \u00c0s vezes, pensamos que a santidade exige sacrif\u00edcios extremos, mas cuidar da pr\u00f3pria sa\u00fade \u00e9 um ato de respeito por n\u00f3s mesmos e pelo dom da vida que Deus nos deu.<\/li>\n<\/ol>\n\n\n\n<h3 class=\"wp-block-heading\">Conclus\u00e3o: Ser \u201co sal da terra e a luz do mundo\u201d (Mateus 5,13-14)<\/h3>\n\n\n\n<p>Viver a nossa f\u00e9 no trabalho e nos estudos \u00e9 um convite constante para sermos \u201co sal da terra e a luz do mundo\u201d. Nosso testemunho nesses ambientes n\u00e3o depende de grandes discursos ou a\u00e7\u00f5es, mas da consist\u00eancia de vida, da caridade e do amor com que nos relacionamos com os outros. Jesus nos chama a transformar o mundo, e essa transforma\u00e7\u00e3o come\u00e7a em nossa vida cotidiana.<\/p>\n\n\n\n<p>Ser crist\u00e3o no trabalho ou nos estudos \u00e9, em \u00faltima an\u00e1lise, um chamado \u00e0 autenticidade, a viver com coer\u00eancia e a n\u00e3o temer ser diferente quando as circunst\u00e2ncias exigirem. Isso exige for\u00e7a, discernimento e muita ora\u00e7\u00e3o, mas a recompensa \u00e9 grande: levar a paz de Cristo ao cora\u00e7\u00e3o das pessoas ao nosso redor e transformar o mundo, pouco a pouco, com o nosso compromisso di\u00e1rio.<\/p>\n\n\n\n<p>Que esta reflex\u00e3o seja para voc\u00ea um guia e uma inspira\u00e7\u00e3o, para que encontre em cada dia, em cada tarefa e em cada desafio uma oportunidade de viver sua f\u00e9 e de se aproximar de Deus.<\/p>\n","protected":false},"excerpt":{"rendered":"<p>Introdu\u00e7\u00e3o: Por que viver a nossa f\u00e9 no dia a dia? Na cultura atual, a vida crist\u00e3 n\u00e3o se limita apenas \u00e0 igreja; ela se estende a todas as \u00e1reas da vida, incluindo o trabalho e os estudos. Para um cat\u00f3lico, a f\u00e9 \u00e9 parte da sua identidade e deve inspirar todas as suas a\u00e7\u00f5es, &hellip;<\/p>\n","protected":false},"author":3,"featured_media":1241,"comment_status":"open","ping_status":"open","sticky":false,"template":"","format":"standard","meta":{"_seopress_robots_primary_cat":"","_seopress_titles_title":"","_seopress_titles_desc":"","_seopress_robots_index":"","footnotes":""},"categories":[54,39],"tags":[108],"class_list":["post-1240","post","type-post","status-publish","format-standard","has-post-thumbnail","","category-bioetica-e-questoes-contemporaneas","category-moral-e-vida-crista","tag-fe"],"_links":{"self":[{"href":"https:\/\/catholicus.eu\/pt\/wp-json\/wp\/v2\/posts\/1240","targetHints":{"allow":["GET"]}}],"collection":[{"href":"https:\/\/catholicus.eu\/pt\/wp-json\/wp\/v2\/posts"}],"about":[{"href":"https:\/\/catholicus.eu\/pt\/wp-json\/wp\/v2\/types\/post"}],"author":[{"embeddable":true,"href":"https:\/\/catholicus.eu\/pt\/wp-json\/wp\/v2\/users\/3"}],"replies":[{"embeddable":true,"href":"https:\/\/catholicus.eu\/pt\/wp-json\/wp\/v2\/comments?post=1240"}],"version-history":[{"count":1,"href":"https:\/\/catholicus.eu\/pt\/wp-json\/wp\/v2\/posts\/1240\/revisions"}],"predecessor-version":[{"id":1242,"href":"https:\/\/catholicus.eu\/pt\/wp-json\/wp\/v2\/posts\/1240\/revisions\/1242"}],"wp:featuredmedia":[{"embeddable":true,"href":"https:\/\/catholicus.eu\/pt\/wp-json\/wp\/v2\/media\/1241"}],"wp:attachment":[{"href":"https:\/\/catholicus.eu\/pt\/wp-json\/wp\/v2\/media?parent=1240"}],"wp:term":[{"taxonomy":"category","embeddable":true,"href":"https:\/\/catholicus.eu\/pt\/wp-json\/wp\/v2\/categories?post=1240"},{"taxonomy":"post_tag","embeddable":true,"href":"https:\/\/catholicus.eu\/pt\/wp-json\/wp\/v2\/tags?post=1240"}],"curies":[{"name":"wp","href":"https:\/\/api.w.org\/{rel}","templated":true}]}}