{"id":1213,"date":"2024-11-07T08:14:56","date_gmt":"2024-11-07T07:14:56","guid":{"rendered":"https:\/\/catholicus.eu\/pt\/?p=1213"},"modified":"2024-11-07T08:14:57","modified_gmt":"2024-11-07T07:14:57","slug":"o-corpo-mistico-de-cristo-um-chamado-a-unidade-espiritual-e-a-vida-em-comunidade","status":"publish","type":"post","link":"https:\/\/catholicus.eu\/pt\/o-corpo-mistico-de-cristo-um-chamado-a-unidade-espiritual-e-a-vida-em-comunidade\/","title":{"rendered":"O Corpo M\u00edstico de Cristo: Um Chamado \u00e0 Unidade Espiritual e \u00e0 Vida em Comunidade"},"content":{"rendered":"\n<ol class=\"wp-block-list\">\n<li><strong>Introdu\u00e7\u00e3o: A Import\u00e2ncia do Corpo M\u00edstico na Teologia Cat\u00f3lica<\/strong><br>O conceito de &#8220;Corpo M\u00edstico de Cristo&#8221; \u00e9 um dos pilares da teologia cat\u00f3lica, profundamente enraizado na tradi\u00e7\u00e3o, doutrina e espiritualidade crist\u00e3. Refere-se \u00e0 ideia de que todos os batizados, atrav\u00e9s da gra\u00e7a de Cristo e do Esp\u00edrito Santo, est\u00e3o unidos como um \u00fanico &#8220;corpo&#8221; em Cristo, com Jesus sendo a cabe\u00e7a dessa comunidade espiritual. Esse entendimento n\u00e3o apenas oferece uma perspectiva \u00fanica sobre o relacionamento entre os fi\u00e9is, mas tamb\u00e9m refor\u00e7a a centralidade da unidade, do amor e da solidariedade na vida crist\u00e3.<\/li>\n<\/ol>\n\n\n\n<p>Para os cat\u00f3licos, o Corpo M\u00edstico n\u00e3o \u00e9 apenas uma met\u00e1fora: \u00e9 uma realidade espiritual que nos convida a ver a Igreja como algo mais que uma institui\u00e7\u00e3o humana ou uma congrega\u00e7\u00e3o de indiv\u00edduos. Atrav\u00e9s do Corpo M\u00edstico, a Igreja transcende fronteiras de tempo e espa\u00e7o, e todos os fi\u00e9is, em todos os cantos do mundo, est\u00e3o conectados espiritualmente. Esse conceito \u00e9 um profundo chamado a viver em comunh\u00e3o uns com os outros, lembrando-nos de que cada a\u00e7\u00e3o tem um impacto no restante do corpo e, em \u00faltima an\u00e1lise, no pr\u00f3prio Cristo.<\/p>\n\n\n\n<ol start=\"2\" class=\"wp-block-list\">\n<li><strong>Hist\u00f3ria e Contexto B\u00edblico do Corpo M\u00edstico<\/strong><br>O conceito da Igreja como Corpo de Cristo remonta \u00e0s Escrituras, especialmente aos escritos de S\u00e3o Paulo. Em sua primeira carta aos Cor\u00edntios, S\u00e3o Paulo desenvolve essa imagem de maneira detalhada: &#8220;Assim como o corpo \u00e9 um s\u00f3, embora tenha muitos membros, e todos os membros do corpo, embora sejam muitos, constituem um s\u00f3 corpo, assim tamb\u00e9m acontece com Cristo&#8221; (1 Cor\u00edntios 12:12). Paulo nos lembra que, embora cada membro tenha uma fun\u00e7\u00e3o \u00fanica, todos est\u00e3o integrados e dependem uns dos outros para o funcionamento completo do corpo.<\/li>\n<\/ol>\n\n\n\n<p>Outro trecho fundamental \u00e9 a carta aos Ef\u00e9sios, onde Paulo afirma: &#8220;Cristo \u00e9 a cabe\u00e7a do corpo, que \u00e9 a Igreja&#8221; (Ef\u00e9sios 5:23). Aqui, enfatiza-se a rela\u00e7\u00e3o entre Cristo e sua Igreja: Jesus n\u00e3o \u00e9 apenas o l\u00edder ou fundador da comunidade, mas \u00e9 sua &#8220;cabe\u00e7a&#8221; em um sentido profundo, pois d\u00e1 vida e dire\u00e7\u00e3o a cada um de seus membros.<\/p>\n\n\n\n<p>No Evangelho de Jo\u00e3o, Jesus utiliza uma met\u00e1fora semelhante ao se referir a si mesmo como a videira e a seus disc\u00edpulos como os ramos: &#8220;Eu sou a videira, v\u00f3s sois os ramos. Aquele que permanece em mim e eu nele, esse d\u00e1 muito fruto; porque, sem mim, nada podeis fazer&#8221; (Jo\u00e3o 15:5). Esse simbolismo mostra a depend\u00eancia vital dos disc\u00edpulos em sua uni\u00e3o com Cristo, uma conex\u00e3o que d\u00e1 vida e sustento espiritual a cada um.<\/p>\n\n\n\n<p>Ao longo da hist\u00f3ria da Igreja, esse tema foi desenvolvido por Padres da Igreja e te\u00f3logos. Santo Agostinho e S\u00e3o Tom\u00e1s de Aquino exploraram essa realidade, afirmando que a Igreja n\u00e3o \u00e9 apenas uma congrega\u00e7\u00e3o de crentes, mas uma entidade viva e divina, formada por Cristo e por seu Esp\u00edrito. Em tempos mais recentes, o Conc\u00edlio Vaticano II reafirmou a doutrina do Corpo M\u00edstico de Cristo, enfatizando a import\u00e2ncia da unidade e da miss\u00e3o compartilhada da Igreja no mundo.<\/p>\n\n\n\n<ol start=\"3\" class=\"wp-block-list\">\n<li><strong>Relev\u00e2ncia Teol\u00f3gica e Espiritual: O Impacto do Corpo M\u00edstico na Vida Crist\u00e3<\/strong><br>A compreens\u00e3o da Igreja como Corpo M\u00edstico tem um significado profundo e transformador para os crist\u00e3os. Convida-nos a ver nossa rela\u00e7\u00e3o com Deus e com os outros de uma maneira renovada. Em vez de sermos apenas indiv\u00edduos que praticam a f\u00e9 de forma isolada, estamos unidos como uma grande fam\u00edlia na qual cada membro contribui para o bem-estar do todo.<\/li>\n<\/ol>\n\n\n\n<p>Do ponto de vista teol\u00f3gico, o Corpo M\u00edstico de Cristo implica que a salva\u00e7\u00e3o \u00e9 uma experi\u00eancia de comunh\u00e3o, n\u00e3o apenas entre Deus e o indiv\u00edduo, mas tamb\u00e9m entre os pr\u00f3prios fi\u00e9is. Isso se expressa na Eucaristia, o sacramento no qual os cat\u00f3licos participam do corpo e sangue de Cristo, unindo-se de forma real e tang\u00edvel a seu sacrif\u00edcio e \u00e0 sua vida. A Eucaristia n\u00e3o s\u00f3 nos une a Cristo, mas tamb\u00e9m uns aos outros, renovando nossa identidade como Corpo M\u00edstico.<\/p>\n\n\n\n<p>Essa realidade teol\u00f3gica tamb\u00e9m nos chama a viver a compaix\u00e3o, o perd\u00e3o e a solidariedade de forma especial. S\u00e3o Paulo nos lembra que &#8220;se um membro sofre, todos os membros sofrem com ele; e se um membro \u00e9 honrado, todos os membros se alegram com ele&#8221; (1 Cor\u00edntios 12:26). Assim, o sofrimento, a alegria, as lutas e as vit\u00f3rias de cada crist\u00e3o repercutem no corpo inteiro. Essa interdepend\u00eancia nos leva a ser conscientes de nossas a\u00e7\u00f5es e decis\u00f5es, sabendo que cada uma delas impacta, de algum modo, nos demais.<\/p>\n\n\n\n<ol start=\"4\" class=\"wp-block-list\">\n<li><strong>Aplica\u00e7\u00f5es Pr\u00e1ticas: Vivendo o Corpo M\u00edstico na Vida Di\u00e1ria<\/strong><br>Viver como membros do Corpo M\u00edstico de Cristo n\u00e3o \u00e9 apenas uma ideia abstrata; tem implica\u00e7\u00f5es pr\u00e1ticas e concretas para nossa vida di\u00e1ria. Abaixo, alguns exemplos espec\u00edficos de como podemos integrar esse aspecto da f\u00e9 em nossas atividades cotidianas:<\/li>\n<\/ol>\n\n\n\n<p>a) <strong>Praticar a Solidariedade e a Caridade<\/strong><br>Como membros do mesmo corpo, somos chamados a nos preocupar genuinamente com os outros. A caridade \u00e9 uma das manifesta\u00e7\u00f5es mais claras de nossa f\u00e9 no Corpo M\u00edstico. Ajudar os necessitados, estar atentos aos que sofrem e oferecer apoio a quem enfrenta dificuldades s\u00e3o a\u00e7\u00f5es que fortalecem o corpo inteiro. Cada ato de caridade \u00e9, na verdade, um ato de amor para com o pr\u00f3prio Cristo, que est\u00e1 presente em cada um de seus membros.<\/p>\n\n\n\n<p>b) <strong>Fomentar a Unidade e a Reconcilia\u00e7\u00e3o<\/strong><br>O Corpo M\u00edstico de Cristo nos convida a ser agentes de paz e reconcilia\u00e7\u00e3o. Em nossas fam\u00edlias, no trabalho, na comunidade e at\u00e9 mesmo na Igreja, podemos contribuir para a unidade, buscando o di\u00e1logo, evitando o julgamento e perdoando as ofensas. A divis\u00e3o e o conflito enfraquecem o corpo, enquanto o perd\u00e3o e a compreens\u00e3o o fortalecem. Em um mundo polarizado, a Igreja pode ser um lugar de acolhimento e reconcilia\u00e7\u00e3o.<\/p>\n\n\n\n<p>c) <strong>Participar da Vida Sacramental<\/strong><br>Os sacramentos s\u00e3o canais atrav\u00e9s dos quais recebemos a gra\u00e7a de Deus e nos unimos ao Corpo M\u00edstico de Cristo de maneira mais profunda. A participa\u00e7\u00e3o regular na Eucaristia e na confiss\u00e3o, por exemplo, s\u00e3o formas concretas de experimentar essa uni\u00e3o e renov\u00e1-la constantemente. Atrav\u00e9s dos sacramentos, nossa f\u00e9 \u00e9 fortalecida, e somos capazes de viver de acordo com o chamado a sermos um em Cristo.<\/p>\n\n\n\n<p>d) <strong>Ser Testemunhas de F\u00e9 no Mundo<\/strong><br>Fazer parte do Corpo M\u00edstico tamb\u00e9m implica ser uma testemunha de f\u00e9 no mundo. Viver de acordo com os valores crist\u00e3os, falar com honestidade, defender a dignidade humana e agir com compaix\u00e3o s\u00e3o maneiras de refletir a Cristo e tornar sua presen\u00e7a vis\u00edvel em nossa sociedade. Nossa conduta e decis\u00f5es podem inspirar outros a buscar a Deus e se aproximarem da Igreja.<\/p>\n\n\n\n<ol start=\"5\" class=\"wp-block-list\">\n<li><strong>Reflex\u00e3o Contempor\u00e2nea: Desafios e Oportunidades para o Corpo M\u00edstico Hoje<\/strong><br>O conceito do Corpo M\u00edstico de Cristo enfrenta desafios \u00fanicos no mundo moderno. A globaliza\u00e7\u00e3o, o individualismo e o ritmo acelerado da vida atual podem levar os crist\u00e3os a se sentirem desconectados da comunidade. Al\u00e9m disso, a crescente seculariza\u00e7\u00e3o e as diferen\u00e7as culturais tornam mais dif\u00edcil manter a unidade na f\u00e9 e na pr\u00e1tica.<\/li>\n<\/ol>\n\n\n\n<p>No entanto, esses desafios tamb\u00e9m representam oportunidades. A tecnologia, por exemplo, permite que as comunidades se mantenham conectadas atrav\u00e9s da ora\u00e7\u00e3o e de missas online, mesmo quando est\u00e3o fisicamente separadas. Al\u00e9m disso, a diversidade cultural da Igreja no mundo atual \u00e9 uma riqueza que enriquece o Corpo M\u00edstico e nos convida a celebrar a universalidade da f\u00e9.<\/p>\n\n\n\n<p>Hoje, mais do que nunca, o conceito do Corpo M\u00edstico nos lembra que n\u00e3o estamos sozinhos e que, apesar das dificuldades, estamos unidos em Cristo. A Igreja \u00e9 uma fam\u00edlia que transcende tempo e espa\u00e7o, e que encontra na f\u00e9, na esperan\u00e7a e no amor as ferramentas para superar qualquer obst\u00e1culo.<\/p>\n\n\n\n<p><strong>Conclus\u00e3o: Um Chamado \u00e0 Unidade e \u00e0 A\u00e7\u00e3o<\/strong><br>O Corpo M\u00edstico de Cristo \u00e9 um poderoso lembrete de nossa interconex\u00e3o como filhos de Deus e seguidores de Cristo. Nos chama a viver em comunh\u00e3o com os outros, a sermos solid\u00e1rios na dor e na alegria, e a recordar que cada um de n\u00f3s tem um papel \u00fanico neste grande corpo que \u00e9 a Igreja.<\/p>\n\n\n\n<p>Viver nessa realidade implica compromisso e responsabilidade. Cada a\u00e7\u00e3o, cada palavra e cada decis\u00e3o impactam n\u00e3o s\u00f3 nossa vida, mas tamb\u00e9m o corpo inteiro. Assim, o chamado a ser parte do Corpo M\u00edstico \u00e9, essencialmente, um chamado a viver de forma aut\u00eantica e coerente nossa f\u00e9, em amor e servi\u00e7o aos outros.<\/p>\n\n\n\n<p>Num mundo que frequentemente promove o individualismo e a divis\u00e3o, o Corpo M\u00edstico de Cristo \u00e9 um convite para construir pontes e ser verdadeiros testemunhos do amor de Deus. Que nossa vida reflita o compromisso de viver em comunh\u00e3o e cuidar do &#8220;corpo&#8221; ao qual pertencemos, de modo que possamos iluminar o mundo com a luz de Cristo.<\/p>\n\n\n\n<p>Cada um de n\u00f3s tem uma miss\u00e3o \u00fanica e um lugar especial nesse Corpo. Essa realidade nos impulsiona a agir com compaix\u00e3o e com uma consci\u00eancia de unidade, e a reconhecer que, quando um irm\u00e3o sofre, todos sofremos; quando um de n\u00f3s se eleva, todo o corpo se fortalece. Viver nessa comunh\u00e3o \u00e9 o maior testemunho de que Cristo est\u00e1 vivo e presente entre n\u00f3s.<\/p>\n\n\n\n<p>Hoje, o chamado \u00e9 redescobrir a beleza dessa conex\u00e3o espiritual que une cada crente no amor de Cristo e responder, com humildade e entrega, ao papel que temos nessa comunidade de f\u00e9. Sigamos juntos, como membros do Corpo M\u00edstico de Cristo, trabalhando pela paz, justi\u00e7a e unidade em um mundo que precisa ver em n\u00f3s a manifesta\u00e7\u00e3o viva da presen\u00e7a de Deus.<\/p>\n","protected":false},"excerpt":{"rendered":"<p>Introdu\u00e7\u00e3o: A Import\u00e2ncia do Corpo M\u00edstico na Teologia Cat\u00f3licaO conceito de &#8220;Corpo M\u00edstico de Cristo&#8221; \u00e9 um dos pilares da teologia cat\u00f3lica, profundamente enraizado na tradi\u00e7\u00e3o, doutrina e espiritualidade crist\u00e3. Refere-se \u00e0 ideia de que todos os batizados, atrav\u00e9s da gra\u00e7a de Cristo e do Esp\u00edrito Santo, est\u00e3o unidos como um \u00fanico &#8220;corpo&#8221; em Cristo, &hellip;<\/p>\n","protected":false},"author":3,"featured_media":1214,"comment_status":"open","ping_status":"open","sticky":false,"template":"","format":"standard","meta":{"_seopress_robots_primary_cat":"","_seopress_titles_title":"","_seopress_titles_desc":"","_seopress_robots_index":"","footnotes":""},"categories":[43,37],"tags":[164],"class_list":["post-1213","post","type-post","status-publish","format-standard","has-post-thumbnail","","category-catecismo-da-igreja-catolica","category-doutrina-e-fe","tag-corpo-mistico-de-cristo"],"_links":{"self":[{"href":"https:\/\/catholicus.eu\/pt\/wp-json\/wp\/v2\/posts\/1213","targetHints":{"allow":["GET"]}}],"collection":[{"href":"https:\/\/catholicus.eu\/pt\/wp-json\/wp\/v2\/posts"}],"about":[{"href":"https:\/\/catholicus.eu\/pt\/wp-json\/wp\/v2\/types\/post"}],"author":[{"embeddable":true,"href":"https:\/\/catholicus.eu\/pt\/wp-json\/wp\/v2\/users\/3"}],"replies":[{"embeddable":true,"href":"https:\/\/catholicus.eu\/pt\/wp-json\/wp\/v2\/comments?post=1213"}],"version-history":[{"count":1,"href":"https:\/\/catholicus.eu\/pt\/wp-json\/wp\/v2\/posts\/1213\/revisions"}],"predecessor-version":[{"id":1215,"href":"https:\/\/catholicus.eu\/pt\/wp-json\/wp\/v2\/posts\/1213\/revisions\/1215"}],"wp:featuredmedia":[{"embeddable":true,"href":"https:\/\/catholicus.eu\/pt\/wp-json\/wp\/v2\/media\/1214"}],"wp:attachment":[{"href":"https:\/\/catholicus.eu\/pt\/wp-json\/wp\/v2\/media?parent=1213"}],"wp:term":[{"taxonomy":"category","embeddable":true,"href":"https:\/\/catholicus.eu\/pt\/wp-json\/wp\/v2\/categories?post=1213"},{"taxonomy":"post_tag","embeddable":true,"href":"https:\/\/catholicus.eu\/pt\/wp-json\/wp\/v2\/tags?post=1213"}],"curies":[{"name":"wp","href":"https:\/\/api.w.org\/{rel}","templated":true}]}}