{"id":1165,"date":"2024-11-02T22:23:25","date_gmt":"2024-11-02T21:23:25","guid":{"rendered":"https:\/\/catholicus.eu\/pt\/?p=1165"},"modified":"2024-11-02T22:23:25","modified_gmt":"2024-11-02T21:23:25","slug":"a-salvacao-se-alcanca-por-obras-nao-apenas-pela-fe-um-caminho-completo-para-deus","status":"publish","type":"post","link":"https:\/\/catholicus.eu\/pt\/a-salvacao-se-alcanca-por-obras-nao-apenas-pela-fe-um-caminho-completo-para-deus\/","title":{"rendered":"A Salva\u00e7\u00e3o se Alcan\u00e7a por Obras, N\u00e3o Apenas pela F\u00e9: Um Caminho Completo para Deus"},"content":{"rendered":"\n<p>F\u00e9 e obras t\u00eam sido, h\u00e1 s\u00e9culos, dois pilares fundamentais da vida crist\u00e3, inspirando s\u00e9culos de reflex\u00e3o teol\u00f3gica e intensos debates dentro da Igreja Cat\u00f3lica. Dos primeiros ap\u00f3stolos aos Padres da Igreja, passando pelas discuss\u00f5es na Reforma Protestante e no Conc\u00edlio de Trento, os crist\u00e3os t\u00eam buscado entender como se chega \u00e0 salva\u00e7\u00e3o. Este artigo explora o equil\u00edbrio entre f\u00e9 e obras, a posi\u00e7\u00e3o cat\u00f3lica sobre este tema e como podemos viver plenamente e concretamente este ensinamento em nosso dia a dia.<\/p>\n\n\n\n<h3 class=\"wp-block-heading\">F\u00e9 e Obras: Uma Rela\u00e7\u00e3o Indissoci\u00e1vel<\/h3>\n\n\n\n<p>Para entender o papel das obras no caminho da salva\u00e7\u00e3o, precisamos, primeiramente, explorar a posi\u00e7\u00e3o da Igreja Cat\u00f3lica e as ra\u00edzes b\u00edblicas desse ensinamento. Na Ep\u00edstola de Tiago, est\u00e1 claramente dito: <em>\u201cAssim tamb\u00e9m a f\u00e9, se n\u00e3o tiver obras, est\u00e1 morta em si mesma\u201d<\/em> (Tiago 2,17). Essa afirma\u00e7\u00e3o n\u00e3o busca diminuir a import\u00e2ncia da f\u00e9, mas sim enfatizar que uma f\u00e9 verdadeira se manifesta naturalmente em a\u00e7\u00f5es concretas e vivas.<\/p>\n\n\n\n<p>A doutrina cat\u00f3lica ensina que a salva\u00e7\u00e3o come\u00e7a com a f\u00e9 \u2014 um dom gratuito que Deus nos concede para que possamos abrir nossos cora\u00e7\u00f5es ao Seu amor \u2014, mas n\u00e3o termina apenas na f\u00e9. Para que uma vida de f\u00e9 seja aut\u00eantica, ela deve ser testemunhada por obras: atos de amor, justi\u00e7a, miseric\u00f3rdia e servi\u00e7o. S\u00e3o Paulo tamb\u00e9m nos orienta sobre essa rela\u00e7\u00e3o quando afirma: <em>\u201cSe eu tivesse tamanha f\u00e9, a ponto de transportar montanhas, mas n\u00e3o tivesse caridade, eu nada seria\u201d<\/em> (1 Cor\u00edntios 13,2). Isso nos mostra que a f\u00e9 precisa ser expressa e nutrida por um amor ativo aos outros.<\/p>\n\n\n\n<h3 class=\"wp-block-heading\">O Debate Hist\u00f3rico: Da Reforma ao Conc\u00edlio de Trento<\/h3>\n\n\n\n<p>No s\u00e9culo XVI, a Igreja enfrentou um dos momentos mais cr\u00edticos de sua hist\u00f3ria com a Reforma Protestante, quando Martinho Lutero prop\u00f4s a famosa tese da <em>sola fide<\/em> (somente a f\u00e9), argumentando que a salva\u00e7\u00e3o se alcan\u00e7a exclusivamente pela f\u00e9, e n\u00e3o pelas obras. Lutero baseou essa posi\u00e7\u00e3o em sua interpreta\u00e7\u00e3o dos escritos de S\u00e3o Paulo, particularmente na Ep\u00edstola aos Romanos, onde o ap\u00f3stolo diz: <em>\u201cPois sustentamos que o homem \u00e9 justificado pela f\u00e9, independentemente das obras da lei\u201d<\/em> (Romanos 3,28).<\/p>\n\n\n\n<p>No entanto, a Igreja Cat\u00f3lica reafirmou, no Conc\u00edlio de Trento (1545-1563), que, embora a f\u00e9 seja essencial, ela n\u00e3o \u00e9 suficiente, por si s\u00f3, para a salva\u00e7\u00e3o. A doutrina da Igreja ensina que a gra\u00e7a de Deus \u00e9 a fonte de nossa justifica\u00e7\u00e3o e salva\u00e7\u00e3o, mas que o ser humano, criado com livre-arb\u00edtrio, deve cooperar ativamente com suas obras para que essa gra\u00e7a produza frutos. As obras, nesta perspectiva, n\u00e3o s\u00e3o um fardo ou uma alternativa \u00e0 f\u00e9, mas sim uma manifesta\u00e7\u00e3o necess\u00e1ria dela. Assim, o Conc\u00edlio reafirmou que f\u00e9 e obras s\u00e3o as duas faces de uma mesma moeda na vida crist\u00e3.<\/p>\n\n\n\n<h3 class=\"wp-block-heading\">As Obras como Resposta de Amor<\/h3>\n\n\n\n<p>A posi\u00e7\u00e3o da Igreja n\u00e3o deve ser entendida como uma transa\u00e7\u00e3o, onde as obras \u201ccompram\u201d a salva\u00e7\u00e3o. Ao contr\u00e1rio, as obras s\u00e3o uma resposta de amor ao amor infinito de Deus. Quando experimentamos verdadeiramente o amor de Deus e acreditamos Nele, algo em n\u00f3s muda. Essa transforma\u00e7\u00e3o interior nos leva a agir de uma nova maneira, a buscar o que \u00e9 bom e justo e a servir ao pr\u00f3ximo como express\u00e3o desse amor.<\/p>\n\n\n\n<p>O pr\u00f3prio Jesus nos oferece uma imagem do que significa viver uma f\u00e9 ativa no Evangelho de Mateus. Na par\u00e1bola do ju\u00edzo final (Mateus 25,31-46), Ele nos diz que, no fim dos tempos, julgar\u00e1 as pessoas com base em como trataram os necessitados: <em>\u201cPois eu tive fome e voc\u00eas me deram de comer; tive sede e voc\u00eas me deram de beber; era estrangeiro e voc\u00eas me acolheram\u201d<\/em>. As obras de miseric\u00f3rdia, tanto corporais quanto espirituais, s\u00e3o formas concretas de viver o amor de Deus no mundo. Elas n\u00e3o s\u00e3o \u201copcionais\u201d, mas uma resposta direta e profunda ao chamado de Cristo.<\/p>\n\n\n\n<h3 class=\"wp-block-heading\">A Salva\u00e7\u00e3o como um Caminho de Transforma\u00e7\u00e3o Pessoal<\/h3>\n\n\n\n<p>Do ponto de vista cat\u00f3lico, a salva\u00e7\u00e3o \u00e9 um processo cont\u00ednuo de santifica\u00e7\u00e3o, no qual cada passo nos aproxima mais de Deus. O batismo, por exemplo, nos introduz no caminho da gra\u00e7a e nos torna filhos de Deus. Mas \u00e9 nossa vida di\u00e1ria, nossas escolhas e nossas obras que moldam nosso relacionamento com Ele. S\u00e3o Tom\u00e1s de Aquino descreveu esse relacionamento como um crescimento na caridade, no amor que Deus nos d\u00e1 e que devemos viver.<\/p>\n\n\n\n<p>Por meio das obras, tamb\u00e9m participamos da constru\u00e7\u00e3o do Reino de Deus na Terra. Como nos lembra o Conc\u00edlio Vaticano II, todos os fi\u00e9is s\u00e3o chamados a ser \u201co sal da terra e a luz do mundo\u201d (Mateus 5,13-14), ou seja, a impactar positivamente o mundo e a refletir a bondade divina. Esse chamado \u00e9, essencialmente, um chamado \u00e0 a\u00e7\u00e3o: a viver uma vida de caridade, justi\u00e7a e paz.<\/p>\n\n\n\n<h3 class=\"wp-block-heading\">Aplica\u00e7\u00f5es Pr\u00e1ticas: Como Viver a F\u00e9 Atrav\u00e9s das Obras<\/h3>\n\n\n\n<p>Para viver uma f\u00e9 ativa, podemos incorporar v\u00e1rias pr\u00e1ticas concretas em nosso dia a dia. Essas a\u00e7\u00f5es n\u00e3o precisam ser grandes feitos, mas podem ser pequenas decis\u00f5es e gestos de amor:<\/p>\n\n\n\n<ol class=\"wp-block-list\">\n<li><strong>Praticar as Obras de Miseric\u00f3rdia<\/strong>: As obras de miseric\u00f3rdia (dar de comer aos famintos, visitar os doentes, consolar os que sofrem, etc.) s\u00e3o formas concretas de viver a f\u00e9. Cada vez que praticamos essas obras, agimos como Cristo e respondemos ao Seu amor.<\/li>\n\n\n\n<li><strong>Ora\u00e7\u00e3o e Discernimento<\/strong>: A ora\u00e7\u00e3o nos ajuda a discernir a vontade de Deus em nossas vidas. A f\u00e9 nos d\u00e1 for\u00e7a, mas a ora\u00e7\u00e3o nos ajuda a entender como aplic\u00e1-la em a\u00e7\u00f5es concretas, especialmente em momentos de decis\u00e3o ou desafio.<\/li>\n\n\n\n<li><strong>Participa\u00e7\u00e3o na Comunidade<\/strong>: Participar ativamente de nossa comunidade de f\u00e9, seja por meio da par\u00f3quia, de atividades de servi\u00e7o ou de grupos de ora\u00e7\u00e3o, nos ajuda a compartilhar e multiplicar o amor de Deus. A Igreja nos lembra que somos um s\u00f3 corpo, e nossa rela\u00e7\u00e3o com os outros \u00e9 uma manifesta\u00e7\u00e3o de nossa rela\u00e7\u00e3o com Deus.<\/li>\n\n\n\n<li><strong>Amar Aqueles que Est\u00e3o Pr\u00f3ximos a N\u00f3s<\/strong>: Muitas vezes, as melhores oportunidades para realizar obras est\u00e3o no nosso ambiente imediato. Ouvir com paci\u00eancia, perdoar e oferecer ajuda em casa ou no trabalho s\u00e3o gestos que d\u00e3o vida \u00e0 nossa f\u00e9.<\/li>\n\n\n\n<li><strong>Promover a Justi\u00e7a e a Paz<\/strong>: Ser agentes de mudan\u00e7a no mundo nem sempre significa realizar grandes a\u00e7\u00f5es; pode significar tomar decis\u00f5es \u00e9ticas no trabalho, dar testemunho da verdade ou contribuir para criar uma cultura de paz ao nosso redor.<\/li>\n<\/ol>\n\n\n\n<h3 class=\"wp-block-heading\">F\u00e9 e Obras: Um Caminho Pessoal e Comunit\u00e1rio<\/h3>\n\n\n\n<p>O chamado para viver a f\u00e9 por meio das obras n\u00e3o \u00e9 apenas um esfor\u00e7o individual; a f\u00e9 cat\u00f3lica nos chama a uma experi\u00eancia comunit\u00e1ria de salva\u00e7\u00e3o. Na Missa, na ora\u00e7\u00e3o e nos sacramentos, encontramos a gra\u00e7a de Deus que nos d\u00e1 for\u00e7a para vivermos nossas cren\u00e7as. A comunidade de f\u00e9, a Igreja, nos sustenta nesse caminho, ajudando-nos a crescer e a colocar nossas cren\u00e7as em pr\u00e1tica.<\/p>\n\n\n\n<p>F\u00e9 e obras s\u00e3o, assim, uma colabora\u00e7\u00e3o entre n\u00f3s e Deus. A f\u00e9 \u00e9 o motor, a raiz que nos conecta a Ele, enquanto as obras s\u00e3o os frutos que nascem desse v\u00ednculo, tornando-o tang\u00edvel. Cada ato de amor e de servi\u00e7o \u00e9 uma pequena participa\u00e7\u00e3o na obra redentora de Cristo no mundo.<\/p>\n\n\n\n<h3 class=\"wp-block-heading\">Reflex\u00e3o Final: O Caminho da F\u00e9 em A\u00e7\u00e3o<\/h3>\n\n\n\n<p>Como cat\u00f3licos, somos chamados a viver uma f\u00e9 que n\u00e3o apenas cr\u00ea, mas que age, uma f\u00e9 que n\u00e3o permanece apenas em palavras, mas se torna vida. O convite \u00e9 redescobrirmos nossa f\u00e9 como um caminho de transforma\u00e7\u00e3o e permitir que nossas obras testemunhem o amor de Deus no mundo. Hoje, mais do que nunca, a Igreja precisa de crist\u00e3os comprometidos, que vivam uma f\u00e9 aut\u00eantica e ativa em um mundo sedento de esperan\u00e7a, justi\u00e7a e compaix\u00e3o.<\/p>\n\n\n\n<p>Lembremo-nos das palavras de Tiago: <em>\u201cMostre-me sua f\u00e9 sem as obras, e eu, com as minhas obras, lhe mostrarei a minha f\u00e9\u201d<\/em> (Tiago 2,18). Essa \u00e9 a f\u00e9 completa, a f\u00e9 que salva e transforma, a f\u00e9 que nos conduz a Deus por meio do amor, da justi\u00e7a e do servi\u00e7o.<\/p>\n","protected":false},"excerpt":{"rendered":"<p>F\u00e9 e obras t\u00eam sido, h\u00e1 s\u00e9culos, dois pilares fundamentais da vida crist\u00e3, inspirando s\u00e9culos de reflex\u00e3o teol\u00f3gica e intensos debates dentro da Igreja Cat\u00f3lica. Dos primeiros ap\u00f3stolos aos Padres da Igreja, passando pelas discuss\u00f5es na Reforma Protestante e no Conc\u00edlio de Trento, os crist\u00e3os t\u00eam buscado entender como se chega \u00e0 salva\u00e7\u00e3o. Este artigo &hellip;<\/p>\n","protected":false},"author":3,"featured_media":1166,"comment_status":"open","ping_status":"open","sticky":false,"template":"","format":"standard","meta":{"_seopress_robots_primary_cat":"","_seopress_titles_title":"","_seopress_titles_desc":"","_seopress_robots_index":"","footnotes":""},"categories":[53,39],"tags":[108,143,142],"class_list":["post-1165","post","type-post","status-publish","format-standard","has-post-thumbnail","","category-doutrina-social-da-igreja","category-moral-e-vida-crista","tag-fe","tag-obras","tag-salvacao"],"_links":{"self":[{"href":"https:\/\/catholicus.eu\/pt\/wp-json\/wp\/v2\/posts\/1165","targetHints":{"allow":["GET"]}}],"collection":[{"href":"https:\/\/catholicus.eu\/pt\/wp-json\/wp\/v2\/posts"}],"about":[{"href":"https:\/\/catholicus.eu\/pt\/wp-json\/wp\/v2\/types\/post"}],"author":[{"embeddable":true,"href":"https:\/\/catholicus.eu\/pt\/wp-json\/wp\/v2\/users\/3"}],"replies":[{"embeddable":true,"href":"https:\/\/catholicus.eu\/pt\/wp-json\/wp\/v2\/comments?post=1165"}],"version-history":[{"count":1,"href":"https:\/\/catholicus.eu\/pt\/wp-json\/wp\/v2\/posts\/1165\/revisions"}],"predecessor-version":[{"id":1167,"href":"https:\/\/catholicus.eu\/pt\/wp-json\/wp\/v2\/posts\/1165\/revisions\/1167"}],"wp:featuredmedia":[{"embeddable":true,"href":"https:\/\/catholicus.eu\/pt\/wp-json\/wp\/v2\/media\/1166"}],"wp:attachment":[{"href":"https:\/\/catholicus.eu\/pt\/wp-json\/wp\/v2\/media?parent=1165"}],"wp:term":[{"taxonomy":"category","embeddable":true,"href":"https:\/\/catholicus.eu\/pt\/wp-json\/wp\/v2\/categories?post=1165"},{"taxonomy":"post_tag","embeddable":true,"href":"https:\/\/catholicus.eu\/pt\/wp-json\/wp\/v2\/tags?post=1165"}],"curies":[{"name":"wp","href":"https:\/\/api.w.org\/{rel}","templated":true}]}}