{"id":1052,"date":"2024-10-21T11:47:39","date_gmt":"2024-10-21T09:47:39","guid":{"rendered":"https:\/\/catholicus.eu\/pt\/?p=1052"},"modified":"2024-10-21T11:47:54","modified_gmt":"2024-10-21T09:47:54","slug":"o-que-sao-os-carismas-na-igreja-catolica","status":"publish","type":"post","link":"https:\/\/catholicus.eu\/pt\/o-que-sao-os-carismas-na-igreja-catolica\/","title":{"rendered":"O que s\u00e3o os carismas na Igreja Cat\u00f3lica?"},"content":{"rendered":"\n<h4 class=\"wp-block-heading\">Introdu\u00e7\u00e3o: A riqueza dos carismas<\/h4>\n\n\n\n<p>Na vasta e profunda tradi\u00e7\u00e3o da Igreja Cat\u00f3lica, os <strong>carismas<\/strong> ocupam um lugar especial. Esses dons, concedidos pelo Esp\u00edrito Santo, t\u00eam sido desde os primeiros dias da Igreja uma fonte inesgot\u00e1vel de vida espiritual, renova\u00e7\u00e3o e servi\u00e7o na comunidade. Os carismas n\u00e3o s\u00e3o apenas de grande valor teol\u00f3gico, mas tamb\u00e9m oferecem aos fi\u00e9is uma oportunidade concreta de participar na obra de Deus. Mas o que exatamente s\u00e3o os carismas? Como podemos compreender o seu papel na vida crist\u00e3 e, sobretudo, como podemos aplic\u00e1-los na nossa vida cotidiana?<\/p>\n\n\n\n<p>Neste artigo, exploraremos a natureza dos carismas na Igreja Cat\u00f3lica a partir de uma perspectiva teol\u00f3gica, b\u00edblica e hist\u00f3rica. Tamb\u00e9m discutiremos como esses dons podem impactar nossa vida espiritual, fornecendo exemplos pr\u00e1ticos de sua aplica\u00e7\u00e3o di\u00e1ria e refletindo sobre sua relev\u00e2ncia no mundo moderno.<\/p>\n\n\n\n<h4 class=\"wp-block-heading\">Hist\u00f3ria e contexto b\u00edblico: Os dons do Esp\u00edrito nas Escrituras<\/h4>\n\n\n\n<p>O conceito de <strong>carismas<\/strong> tem suas ra\u00edzes nas <strong>Sagradas Escrituras<\/strong>. A palavra &#8220;carisma&#8221; deriva do grego <em>charis<\/em>, que significa &#8220;gra\u00e7a&#8221; ou &#8220;dom gratuito&#8221;. No Novo Testamento, \u00e9 principalmente S\u00e3o Paulo quem aprofunda o significado e o prop\u00f3sito desses dons espirituais, especialmente em suas cartas aos <strong>Romanos<\/strong> (Romanos 12, 6-8), aos <strong>Cor\u00edntios<\/strong> (1 Cor\u00edntios 12) e aos <strong>Ef\u00e9sios<\/strong> (Ef\u00e9sios 4, 11-13).<\/p>\n\n\n\n<p>Em <strong>1 Cor\u00edntios 12<\/strong>, Paulo lista uma s\u00e9rie de carismas concedidos pelo Esp\u00edrito Santo: o dom da sabedoria, o dom do conhecimento, o dom da f\u00e9, o dom da cura, o dom de operar milagres, a profecia, o discernimento de esp\u00edritos, o dom de falar em l\u00ednguas e o dom de interpretar l\u00ednguas. Paulo enfatiza que, embora os carismas sejam diversos, todos prov\u00eam do mesmo Esp\u00edrito e devem ser utilizados para a edifica\u00e7\u00e3o do <strong>Corpo de Cristo<\/strong>.<\/p>\n\n\n\n<p>\u00c9 importante entender que, para S\u00e3o Paulo, os carismas n\u00e3o s\u00e3o apenas talentos ou habilidades naturais. S\u00e3o <strong>dons sobrenaturais<\/strong> que permitem aos fi\u00e9is realizar tarefas espec\u00edficas no contexto da miss\u00e3o da Igreja. Esses dons s\u00e3o dados &#8220;para o bem comum&#8221; (1 Cor\u00edntios 12, 7), o que significa que n\u00e3o s\u00e3o para a gl\u00f3ria pessoal, mas para o servi\u00e7o e edifica\u00e7\u00e3o da comunidade de f\u00e9.<\/p>\n\n\n\n<p>Al\u00e9m das cartas de Paulo, o <strong>Livro dos Atos dos Ap\u00f3stolos<\/strong> tamb\u00e9m oferece v\u00e1rios exemplos de carismas em a\u00e7\u00e3o, como o dom da profecia nos profetas de Jerusal\u00e9m (Atos 11, 27-28) ou os milagres realizados pelos ap\u00f3stolos (Atos 5, 12-16). Esses textos deixam claro que, desde os primeiros dias da Igreja, o Esp\u00edrito Santo estava ativo, concedendo dons que permitiam aos crist\u00e3os cumprir a miss\u00e3o evangelizadora de Cristo.<\/p>\n\n\n\n<h4 class=\"wp-block-heading\">Relev\u00e2ncia teol\u00f3gica: Dons para a edifica\u00e7\u00e3o da Igreja<\/h4>\n\n\n\n<p>Do ponto de vista teol\u00f3gico, os carismas s\u00e3o muito mais do que habilidades extraordin\u00e1rias. Eles s\u00e3o uma manifesta\u00e7\u00e3o da <strong>presen\u00e7a ativa do Esp\u00edrito Santo<\/strong> na vida dos fi\u00e9is. Ao participar dos carismas, os crist\u00e3os s\u00e3o chamados a serem colaboradores de Deus em seu plano de salva\u00e7\u00e3o. Os carismas s\u00e3o, portanto, uma express\u00e3o do amor de Deus e uma participa\u00e7\u00e3o na vida divina.<\/p>\n\n\n\n<p>A <strong>teologia dos carismas<\/strong> est\u00e1 intimamente ligada \u00e0 doutrina do <strong>Corpo M\u00edstico de Cristo<\/strong>. A Igreja \u00e9 entendida como um organismo vivo, onde cada membro tem um papel \u00fanico e necess\u00e1rio para o bem de todo o corpo. Como Paulo explica em 1 Cor\u00edntios 12, assim como o corpo humano tem muitos membros, cada um com sua pr\u00f3pria fun\u00e7\u00e3o, a Igreja tem muitos membros, cada um dotado de um carisma espec\u00edfico, mas todos trabalhando para o mesmo objetivo: a edifica\u00e7\u00e3o do Corpo de Cristo.<\/p>\n\n\n\n<p>Sob essa perspectiva, os carismas n\u00e3o s\u00e3o privil\u00e9gios ou t\u00edtulos de honra. S\u00e3o <strong>responsabilidades<\/strong>. Quando Deus concede um carisma a algu\u00e9m, n\u00e3o \u00e9 apenas para o seu benef\u00edcio pessoal, mas para o bem da comunidade. Isso nos leva a uma compreens\u00e3o profunda da <strong>comunh\u00e3o eclesial<\/strong>: os carismas nos lembram que ningu\u00e9m na Igreja est\u00e1 sozinho ou \u00e9 autossuficiente. Todos n\u00f3s dependemos uns dos outros, e todos somos enriquecidos pelos dons que Deus concede ao seu povo.<\/p>\n\n\n\n<p>Na <strong>tradi\u00e7\u00e3o teol\u00f3gica cat\u00f3lica<\/strong>, essa compreens\u00e3o dos carismas foi aprofundada pelos Padres da Igreja e pelos te\u00f3logos medievais. S\u00e3o Tom\u00e1s de Aquino, por exemplo, considerava os carismas como uma forma de <strong>gra\u00e7a atual<\/strong>, ou seja, uma ajuda especial de Deus para realizar atos espec\u00edficos na vida crist\u00e3. Al\u00e9m disso, o <strong>Conc\u00edlio Vaticano II<\/strong> destacou a import\u00e2ncia dos carismas na vida da Igreja, afirmando que &#8220;o Esp\u00edrito Santo distribui entre os fi\u00e9is de toda ordem gra\u00e7as especiais&#8221; para a edifica\u00e7\u00e3o do Corpo de Cristo (Lumen Gentium, 12).<\/p>\n\n\n\n<h4 class=\"wp-block-heading\">Aplica\u00e7\u00f5es pr\u00e1ticas: Vivendo os carismas no dia a dia<\/h4>\n\n\n\n<p>Uma das quest\u00f5es mais importantes para os crist\u00e3os de hoje \u00e9 como discernir e viver os carismas na vida cotidiana. Os carismas n\u00e3o s\u00e3o reservados para santos ou l\u00edderes religiosos. Cada crist\u00e3o, como membro do Corpo de Cristo, recebeu dons espec\u00edficos que \u00e9 chamado a descobrir, desenvolver e usar para o servi\u00e7o dos outros.<\/p>\n\n\n\n<p><strong>Como podemos discernir nossos carismas?<\/strong><\/p>\n\n\n\n<ol class=\"wp-block-list\">\n<li><strong>Ora\u00e7\u00e3o e reflex\u00e3o<\/strong>: O primeiro passo \u00e9 pedir ao Esp\u00edrito Santo que revele quais dons recebemos. Esse discernimento pode ocorrer em momentos de ora\u00e7\u00e3o pessoal, durante a adora\u00e7\u00e3o eucar\u00edstica ou em retiros espirituais.<\/li>\n\n\n\n<li><strong>Ouvir a comunidade<\/strong>: \u00c0s vezes, os carismas se revelam atrav\u00e9s do testemunho dos outros. Algu\u00e9m pode nos dizer que temos o dom de consolar, ensinar ou servir, mesmo que n\u00f3s mesmos n\u00e3o tenhamos percebido. A comunidade crist\u00e3 pode ser um espelho que reflete os dons que Deus colocou em n\u00f3s.<\/li>\n\n\n\n<li><strong>Agir com confian\u00e7a<\/strong>: N\u00e3o basta conhecer nossos carismas; \u00e9 essencial coloc\u00e1-los em pr\u00e1tica. Se acreditamos ter o dom de ensinar, podemos nos oferecer como catequistas em nossa par\u00f3quia. Se sentimos que temos o dom de consolar, podemos visitar os enfermos ou os solit\u00e1rios.<\/li>\n<\/ol>\n\n\n\n<p>\u00c9 importante lembrar que os carismas nem sempre se manifestam de maneira espetacular. Muitos deles s\u00e3o sutis e se desdobram na vida cotidiana, muitas vezes sem que tenhamos plena consci\u00eancia de sua extens\u00e3o. Um exemplo cl\u00e1ssico \u00e9 o carisma da hospitalidade, que pode parecer comum, mas \u00e9 fundamental para criar uma atmosfera de acolhimento e amor na comunidade.<\/p>\n\n\n\n<h4 class=\"wp-block-heading\">Reflex\u00e3o contempor\u00e2nea: Os carismas no mundo moderno<\/h4>\n\n\n\n<p>No contexto atual, os carismas assumem uma relev\u00e2ncia especial. Em um mundo marcado pelo individualismo, competitividade e fragmenta\u00e7\u00e3o, os carismas nos lembram que somos chamados \u00e0 <strong>comunh\u00e3o<\/strong>. Eles s\u00e3o um convite para sair de n\u00f3s mesmos e colocar nossos dons a servi\u00e7o dos outros. Isso \u00e9 especialmente urgente em uma sociedade que muitas vezes valoriza o sucesso individual em detrimento do bem comum.<\/p>\n\n\n\n<p>Al\u00e9m disso, vivemos em uma \u00e9poca em que as necessidades s\u00e3o grandes e diversas. Desde a crise ecol\u00f3gica at\u00e9 os desafios da justi\u00e7a social, os carismas do Esp\u00edrito Santo oferecem aos crist\u00e3os as ferramentas necess\u00e1rias para serem <strong>agentes de transforma\u00e7\u00e3o<\/strong> no mundo. Carismas como o discernimento, a profecia ou a cura s\u00e3o essenciais para enfrentar os desafios de hoje com uma vis\u00e3o sobrenatural e total confian\u00e7a na a\u00e7\u00e3o de Deus.<\/p>\n\n\n\n<p>Finalmente, os carismas nos convidam a viver com profunda <strong>alegria e liberdade<\/strong>. Ao descobrir e utilizar os dons que Deus nos deu, encontramos uma nova dimens\u00e3o em nossa vida crist\u00e3: uma vida plena de sentido, orientada para o bem comum e animada pelo Esp\u00edrito Santo.<\/p>\n\n\n\n<h4 class=\"wp-block-heading\">Conclus\u00e3o: Um chamado a viver no Esp\u00edrito<\/h4>\n\n\n\n<p>Os carismas s\u00e3o um dom precioso que o Esp\u00edrito Santo derrama sobre cada um de n\u00f3s. Eles nos equipam para participar na miss\u00e3o da Igreja, edificar o Corpo de Cristo e levar o Evangelho ao mundo. Ao viver nossos carismas, n\u00e3o apenas encontramos uma maior profundidade em nossa vida espiritual, mas tamb\u00e9m contribu\u00edmos para o bem de nossa comunidade e para o cumprimento do plano de Deus.<\/p>\n\n\n\n<p>Este \u00e9 um chamado para cada crist\u00e3o: <strong>Descubra seus carismas, viva-os com alegria e coloque-os a servi\u00e7o dos outros<\/strong>. Em um mundo que precisa de esperan\u00e7a e renova\u00e7\u00e3o, os carismas do Esp\u00edrito Santo s\u00e3o uma luz brilhante que nos guia para uma vida de amor, comunh\u00e3o e servi\u00e7o. Que o Esp\u00edrito Santo nos inspire a todos a discernir e usar nossos dons para a maior gl\u00f3ria de Deus e o bem de sua Igreja.<\/p>\n","protected":false},"excerpt":{"rendered":"<p>Introdu\u00e7\u00e3o: A riqueza dos carismas Na vasta e profunda tradi\u00e7\u00e3o da Igreja Cat\u00f3lica, os carismas ocupam um lugar especial. Esses dons, concedidos pelo Esp\u00edrito Santo, t\u00eam sido desde os primeiros dias da Igreja uma fonte inesgot\u00e1vel de vida espiritual, renova\u00e7\u00e3o e servi\u00e7o na comunidade. Os carismas n\u00e3o s\u00e3o apenas de grande valor teol\u00f3gico, mas tamb\u00e9m &hellip;<\/p>\n","protected":false},"author":3,"featured_media":1054,"comment_status":"open","ping_status":"open","sticky":false,"template":"","format":"standard","meta":{"_seopress_robots_primary_cat":"39","_seopress_titles_title":"","_seopress_titles_desc":"","_seopress_robots_index":"","footnotes":""},"categories":[39,57],"tags":[99],"class_list":["post-1052","post","type-post","status-publish","format-standard","has-post-thumbnail","","category-moral-e-vida-crista","category-virtudes-cristas","tag-carismas"],"_links":{"self":[{"href":"https:\/\/catholicus.eu\/pt\/wp-json\/wp\/v2\/posts\/1052","targetHints":{"allow":["GET"]}}],"collection":[{"href":"https:\/\/catholicus.eu\/pt\/wp-json\/wp\/v2\/posts"}],"about":[{"href":"https:\/\/catholicus.eu\/pt\/wp-json\/wp\/v2\/types\/post"}],"author":[{"embeddable":true,"href":"https:\/\/catholicus.eu\/pt\/wp-json\/wp\/v2\/users\/3"}],"replies":[{"embeddable":true,"href":"https:\/\/catholicus.eu\/pt\/wp-json\/wp\/v2\/comments?post=1052"}],"version-history":[{"count":0,"href":"https:\/\/catholicus.eu\/pt\/wp-json\/wp\/v2\/posts\/1052\/revisions"}],"wp:featuredmedia":[{"embeddable":true,"href":"https:\/\/catholicus.eu\/pt\/wp-json\/wp\/v2\/media\/1054"}],"wp:attachment":[{"href":"https:\/\/catholicus.eu\/pt\/wp-json\/wp\/v2\/media?parent=1052"}],"wp:term":[{"taxonomy":"category","embeddable":true,"href":"https:\/\/catholicus.eu\/pt\/wp-json\/wp\/v2\/categories?post=1052"},{"taxonomy":"post_tag","embeddable":true,"href":"https:\/\/catholicus.eu\/pt\/wp-json\/wp\/v2\/tags?post=1052"}],"curies":[{"name":"wp","href":"https:\/\/api.w.org\/{rel}","templated":true}]}}