{"id":1046,"date":"2024-10-20T23:20:09","date_gmt":"2024-10-20T21:20:09","guid":{"rendered":"https:\/\/catholicus.eu\/pt\/?p=1046"},"modified":"2024-10-20T23:20:28","modified_gmt":"2024-10-20T21:20:28","slug":"o-principio-da-subsidiariedade-um-caminho-de-justica-e-caridade-na-fe-crista","status":"publish","type":"post","link":"https:\/\/catholicus.eu\/pt\/o-principio-da-subsidiariedade-um-caminho-de-justica-e-caridade-na-fe-crista\/","title":{"rendered":"O Princ\u00edpio da Subsidiariedade: Um Caminho de Justi\u00e7a e Caridade na F\u00e9 Crist\u00e3"},"content":{"rendered":"\n<h3 class=\"wp-block-heading\">Introdu\u00e7\u00e3o: O Contexto e a Import\u00e2ncia do Tema na Teologia Cat\u00f3lica<\/h3>\n\n\n\n<p>O princ\u00edpio da subsidiariedade \u00e9 um dos pilares fundamentais da doutrina social da Igreja Cat\u00f3lica. Frequentemente associado \u00e0 organiza\u00e7\u00e3o social e pol\u00edtica, ele \u00e9, na realidade, um princ\u00edpio profundamente teol\u00f3gico que reflete uma vis\u00e3o crist\u00e3 do ser humano, da sua dignidade pessoal e do bem comum. A subsidiariedade significa que as decis\u00f5es devem ser tomadas no n\u00edvel mais baixo poss\u00edvel, mais pr\u00f3ximo das pessoas envolvidas, permitindo que sejam protagonistas de suas pr\u00f3prias vidas, sem serem dominadas por estruturas superiores.<\/p>\n\n\n\n<p>Este princ\u00edpio, que une justi\u00e7a e caridade, n\u00e3o se refere apenas \u00e0 pol\u00edtica ou \u00e0 economia, mas tamb\u00e9m tem profundas implica\u00e7\u00f5es na vida espiritual dos crist\u00e3os. Ao respeitar a capacidade das pessoas de agir e decidir de forma aut\u00f4noma, a subsidiariedade refor\u00e7a a liberdade humana, que \u00e9 um dom de Deus, e incentiva cada indiv\u00edduo a assumir responsabilidades dentro da comunidade. Compreender e aplicar o princ\u00edpio da subsidiariedade nos convida a viver uma f\u00e9 ativa e comprometida, reconhecendo tanto a nossa dignidade quanto a dos outros.<\/p>\n\n\n\n<h3 class=\"wp-block-heading\">Hist\u00f3ria e Contexto B\u00edblico: As Origens do Princ\u00edpio da Subsidiariedade nas Escrituras Sagradas<\/h3>\n\n\n\n<p>O princ\u00edpio da subsidiariedade n\u00e3o \u00e9 um conceito novo nem puramente filos\u00f3fico. Suas ra\u00edzes est\u00e3o presentes nas Sagradas Escrituras e na tradi\u00e7\u00e3o crist\u00e3 antiga. Embora o termo em si n\u00e3o apare\u00e7a explicitamente na B\u00edblia, o esp\u00edrito do princ\u00edpio est\u00e1 presente em v\u00e1rios ensinamentos b\u00edblicos que tratam da responsabilidade individual, da solidariedade e da organiza\u00e7\u00e3o da vida comunit\u00e1ria.<\/p>\n\n\n\n<p>Um dos trechos b\u00edblicos mais citados em rela\u00e7\u00e3o ao princ\u00edpio da subsidiariedade \u00e9 o conselho que Jetro, sogro de Mois\u00e9s, lhe d\u00e1 no livro do \u00caxodo (Ex 18,13-26). Nesta hist\u00f3ria, Jetro observa que Mois\u00e9s est\u00e1 sobrecarregado pela responsabilidade de julgar todas as disputas do povo de Israel. Jetro aconselha Mois\u00e9s a delegar esta fun\u00e7\u00e3o a l\u00edderes subordinados, que possam lidar com as disputas menores, enquanto Mois\u00e9s se ocupa apenas dos casos mais dif\u00edceis. Esta hist\u00f3ria ilustra n\u00e3o s\u00f3 o valor da delega\u00e7\u00e3o de responsabilidades, mas tamb\u00e9m a ideia de que os problemas e as decis\u00f5es devem ser resolvidos no n\u00edvel mais pr\u00f3ximo das pessoas envolvidas.<\/p>\n\n\n\n<p>No Novo Testamento, encontramos um convite constante de Jesus \u00e0 responsabilidade m\u00fatua e ao servi\u00e7o na comunidade dos fi\u00e9is. Jesus convida seus disc\u00edpulos a serem \u201co sal da terra\u201d e \u201ca luz do mundo\u201d (Mt 5,13-16), o que significa que cada pessoa tem uma miss\u00e3o \u00fanica e especial no corpo de Cristo. Esta miss\u00e3o n\u00e3o pode ser simplesmente assumida por uma autoridade superior ou centralizada, mas deve ser vivida pessoal e comunitariamente.<\/p>\n\n\n\n<p>Essa abordagem b\u00edblica nos mostra que a subsidiariedade n\u00e3o se trata apenas de justi\u00e7a social, mas tamb\u00e9m \u00e9 um profundo convite a respeitar a liberdade e o papel ativo de cada pessoa dentro da comunidade. \u00c9 um chamado para viver de forma respons\u00e1vel e comprometida, reconhecendo nossas capacidades e o impacto de nossas decis\u00f5es nos outros.<\/p>\n\n\n\n<h3 class=\"wp-block-heading\">Relev\u00e2ncia Teol\u00f3gica: O Significado Espiritual do Princ\u00edpio da Subsidiariedade<\/h3>\n\n\n\n<p>O princ\u00edpio da subsidiariedade tem uma relev\u00e2ncia profunda na teologia cat\u00f3lica, pois se baseia na dignidade da pessoa humana, criada \u00e0 imagem e semelhan\u00e7a de Deus (Gn 1,26-27). Nesse sentido, a subsidiariedade promove uma concep\u00e7\u00e3o crist\u00e3 da liberdade: uma liberdade que n\u00e3o \u00e9 nem individualista nem ego\u00edsta, mas orientada para o bem comum e a constru\u00e7\u00e3o de uma sociedade mais justa e fraterna.<\/p>\n\n\n\n<p>Teologicamente falando, o princ\u00edpio da subsidiariedade est\u00e1 intimamente ligado ao conceito de caridade e justi\u00e7a social. A Igreja ensina que a caridade n\u00e3o pode ser aut\u00eantica se n\u00e3o buscar tamb\u00e9m a justi\u00e7a, e a subsidiariedade \u00e9 um instrumento para garantir que as estruturas sociais respeitem a dignidade das pessoas e lhes permitam realizar-se plenamente. Como explicou o Papa Pio XI em sua enc\u00edclica <em>Quadragesimo Anno<\/em> (1931), a subsidiariedade implica que \u201c\u00e9 injusto e, ao mesmo tempo, um grave dano transferir para uma sociedade maior e superior as fun\u00e7\u00f5es que podem ser desempenhadas por comunidades menores e inferiores.\u201d<\/p>\n\n\n\n<p>Este princ\u00edpio reflete a confian\u00e7a da Igreja na capacidade das pessoas e das comunidades de se autogovernarem e contribu\u00edrem para o bem comum de uma maneira que respeite sua dignidade e liberdade. N\u00e3o se trata de uma independ\u00eancia ego\u00edsta, mas do reconhecimento de que cada pessoa tem um papel a desempenhar na constru\u00e7\u00e3o da sociedade e da vida comunit\u00e1ria, guiada pela justi\u00e7a e pelo amor de Deus.<\/p>\n\n\n\n<p>Al\u00e9m disso, a subsidiariedade est\u00e1 intimamente ligada ao conceito de solidariedade, outro princ\u00edpio-chave da doutrina social da Igreja. Enquanto a subsidiariedade garante que as decis\u00f5es sejam tomadas o mais pr\u00f3ximo poss\u00edvel das pessoas envolvidas, a solidariedade nos lembra que somos chamados a cuidar uns dos outros, especialmente dos mais fracos. Ambos os princ\u00edpios, vividos juntos, promovem uma vis\u00e3o de sociedade baseada na responsabilidade compartilhada e na justi\u00e7a.<\/p>\n\n\n\n<h3 class=\"wp-block-heading\">Aplica\u00e7\u00f5es Pr\u00e1ticas: Como Integrar a Subsidiariedade na Vida Cotidiana<\/h3>\n\n\n\n<p>O princ\u00edpio da subsidiariedade n\u00e3o \u00e9 apenas uma abstra\u00e7\u00e3o te\u00f3rica ou pol\u00edtica; tem aplica\u00e7\u00f5es pr\u00e1ticas na vida cotidiana dos crist\u00e3os. Aqui est\u00e3o alguns exemplos de como esse princ\u00edpio pode ser colocado em pr\u00e1tica na fam\u00edlia, no trabalho e na comunidade:<\/p>\n\n\n\n<ol class=\"wp-block-list\">\n<li><strong>Na fam\u00edlia<\/strong>: A subsidiariedade come\u00e7a na c\u00e9lula prim\u00e1ria da sociedade: a fam\u00edlia. Os pais s\u00e3o os primeiros educadores de seus filhos, e a Igreja ensina que as autoridades civis devem respeitar e apoiar essa miss\u00e3o fundamental, sem intervir desnecessariamente. Aplicar a subsidiariedade na fam\u00edlia significa permitir que cada membro participe das decis\u00f5es de acordo com suas capacidades, promovendo assim a responsabilidade pessoal. Isso pode ocorrer por meio de gestos simples, como envolver as crian\u00e7as nas tarefas dom\u00e9sticas ou nas decis\u00f5es importantes da fam\u00edlia, para que aprendam a assumir responsabilidades e a contribuir para o bem comum.<\/li>\n\n\n\n<li><strong>No trabalho<\/strong>: No ambiente de trabalho, a subsidiariedade promove um estilo de lideran\u00e7a que delega tarefas e confia nas capacidades de cada trabalhador. Os gestores e l\u00edderes devem evitar centralizar todas as decis\u00f5es, reconhecendo que muitas vezes aqueles mais pr\u00f3ximos dos problemas t\u00eam as melhores solu\u00e7\u00f5es. Promover a participa\u00e7\u00e3o ativa dos funcion\u00e1rios e respeitar sua autonomia cria um ambiente de confian\u00e7a e colabora\u00e7\u00e3o que reflete os valores crist\u00e3os de respeito e justi\u00e7a.<\/li>\n\n\n\n<li><strong>Na comunidade<\/strong>: A n\u00edvel comunit\u00e1rio, a subsidiariedade significa participa\u00e7\u00e3o ativa na vida local. As decis\u00f5es que afetam uma comunidade devem ser tomadas por aqueles que nela vivem, em vez de serem impostas por autoridades distantes. Na Igreja, isso significa que as par\u00f3quias e organiza\u00e7\u00f5es locais devem ter a autonomia necess\u00e1ria para servir efetivamente suas comunidades, apoiadas pelas estruturas diocesanas e eclesi\u00e1sticas mais amplas.<\/li>\n\n\n\n<li><strong>Na pol\u00edtica e na sociedade<\/strong>: No \u00e2mbito social e pol\u00edtico, a subsidiariedade nos convida a promover estruturas que respeitem a autonomia dos indiv\u00edduos e das comunidades, sem criar uma depend\u00eancia excessiva do Estado ou de organiza\u00e7\u00f5es superiores. Isso n\u00e3o significa que as estruturas maiores n\u00e3o tenham um papel, mas que sua interven\u00e7\u00e3o deve ser subsidi\u00e1ria, ou seja, necess\u00e1ria apenas para garantir o bem-estar de todos. Nesse sentido, o princ\u00edpio da subsidiariedade promove uma sociedade mais justa e equilibrada, na qual as pessoas desempenham um papel ativo na constru\u00e7\u00e3o do bem comum.<\/li>\n<\/ol>\n\n\n\n<h3 class=\"wp-block-heading\">Reflex\u00e3o Contempor\u00e2nea: A Subsidiariedade no Mundo Moderno<\/h3>\n\n\n\n<p>No contexto atual, caracterizado pela globaliza\u00e7\u00e3o, pela crise ecol\u00f3gica e pelas tens\u00f5es sociais, o princ\u00edpio da subsidiariedade assume uma import\u00e2ncia especial. O mundo moderno, com seu foco na efici\u00eancia e na centraliza\u00e7\u00e3o, corre o risco de desumanizar a pessoa, reduzindo-a a um n\u00famero em uma estrutura burocr\u00e1tica ou a um simples consumidor em uma economia de mercado.<\/p>\n\n\n\n<p>O Papa Francisco nos lembra, em sua enc\u00edclica <em>Laudato Si&#8217;<\/em>, que a subsidiariedade \u00e9 fundamental para enfrentar os desafios ecol\u00f3gicos e sociais do nosso tempo. Somente com o envolvimento ativo das comunidades locais podemos encontrar solu\u00e7\u00f5es sustent\u00e1veis para os problemas que afligem o nosso planeta. O cuidado com a cria\u00e7\u00e3o e a luta contra a pobreza exigem uma abordagem que valorize as capacidades das comunidades locais, promovendo a responsabilidade individual e coletiva.<\/p>\n\n\n\n<p>Al\u00e9m disso, em uma \u00e9poca em que a tecnologia e a comunica\u00e7\u00e3o global parecem dominar, a subsidiariedade nos convida a n\u00e3o perder de vista a import\u00e2ncia das rela\u00e7\u00f5es pessoais e da comunidade local. A nossa f\u00e9 crist\u00e3 nos chama a estar presentes e ativos na vida real, n\u00e3o apenas atrav\u00e9s de meios virtuais, e a promover a justi\u00e7a e a caridade nas rela\u00e7\u00f5es cotidianas.<\/p>\n\n\n\n<h3 class=\"wp-block-heading\">Conclus\u00e3o<\/h3>\n\n\n\n<p>O princ\u00edpio da subsidiariedade \u00e9 um convite a reconhecer e respeitar a dignidade de cada pessoa, permitindo que todos contribuam para o bem comum de acordo com suas capacidades. Esse princ\u00edpio, enraizado na teologia cat\u00f3lica e nas Sagradas Escrituras, nos desafia a viver de maneira mais justa e solid\u00e1ria, construindo uma sociedade onde a liberdade, a responsabilidade e a caridade estejam no centro.<\/p>\n\n\n\n<p>Aplicar a subsidiariedade em nossa vida cotidiana nos leva a promover a participa\u00e7\u00e3o ativa em nossas fam\u00edlias, locais de trabalho e comunidades, trabalhando por uma sociedade mais justa e humana. Em \u00faltima an\u00e1lise, o princ\u00edpio da subsidiariedade \u00e9 um reflexo do amor de Deus por sua cria\u00e7\u00e3o, um amor que nos chama a ser guardi\u00f5es uns dos outros e a colaborar na constru\u00e7\u00e3o de um mundo mais justo e fraterno.<\/p>\n","protected":false},"excerpt":{"rendered":"<p>Introdu\u00e7\u00e3o: O Contexto e a Import\u00e2ncia do Tema na Teologia Cat\u00f3lica O princ\u00edpio da subsidiariedade \u00e9 um dos pilares fundamentais da doutrina social da Igreja Cat\u00f3lica. Frequentemente associado \u00e0 organiza\u00e7\u00e3o social e pol\u00edtica, ele \u00e9, na realidade, um princ\u00edpio profundamente teol\u00f3gico que reflete uma vis\u00e3o crist\u00e3 do ser humano, da sua dignidade pessoal e do &hellip;<\/p>\n","protected":false},"author":3,"featured_media":1048,"comment_status":"open","ping_status":"open","sticky":false,"template":"","format":"standard","meta":{"_seopress_robots_primary_cat":"39","_seopress_titles_title":"","_seopress_titles_desc":"","_seopress_robots_index":"","footnotes":""},"categories":[53,39],"tags":[98],"class_list":["post-1046","post","type-post","status-publish","format-standard","has-post-thumbnail","","category-doutrina-social-da-igreja","category-moral-e-vida-crista","tag-subsidiariedade"],"_links":{"self":[{"href":"https:\/\/catholicus.eu\/pt\/wp-json\/wp\/v2\/posts\/1046","targetHints":{"allow":["GET"]}}],"collection":[{"href":"https:\/\/catholicus.eu\/pt\/wp-json\/wp\/v2\/posts"}],"about":[{"href":"https:\/\/catholicus.eu\/pt\/wp-json\/wp\/v2\/types\/post"}],"author":[{"embeddable":true,"href":"https:\/\/catholicus.eu\/pt\/wp-json\/wp\/v2\/users\/3"}],"replies":[{"embeddable":true,"href":"https:\/\/catholicus.eu\/pt\/wp-json\/wp\/v2\/comments?post=1046"}],"version-history":[{"count":0,"href":"https:\/\/catholicus.eu\/pt\/wp-json\/wp\/v2\/posts\/1046\/revisions"}],"wp:featuredmedia":[{"embeddable":true,"href":"https:\/\/catholicus.eu\/pt\/wp-json\/wp\/v2\/media\/1048"}],"wp:attachment":[{"href":"https:\/\/catholicus.eu\/pt\/wp-json\/wp\/v2\/media?parent=1046"}],"wp:term":[{"taxonomy":"category","embeddable":true,"href":"https:\/\/catholicus.eu\/pt\/wp-json\/wp\/v2\/categories?post=1046"},{"taxonomy":"post_tag","embeddable":true,"href":"https:\/\/catholicus.eu\/pt\/wp-json\/wp\/v2\/tags?post=1046"}],"curies":[{"name":"wp","href":"https:\/\/api.w.org\/{rel}","templated":true}]}}