{"id":733,"count":1,"description":"","link":"https:\/\/catholicus.eu\/pl\/tag\/kiedy-bog-zaplakal\/","name":"Kiedy B\u00f3g zap\u0142aka\u0142","slug":"kiedy-bog-zaplakal","taxonomy":"post_tag","meta":[],"_links":{"self":[{"href":"https:\/\/catholicus.eu\/pl\/wp-json\/wp\/v2\/tags\/733","targetHints":{"allow":["GET"]}}],"collection":[{"href":"https:\/\/catholicus.eu\/pl\/wp-json\/wp\/v2\/tags"}],"about":[{"href":"https:\/\/catholicus.eu\/pl\/wp-json\/wp\/v2\/taxonomies\/post_tag"}],"wp:post_type":[{"href":"https:\/\/catholicus.eu\/pl\/wp-json\/wp\/v2\/posts?tags=733"}],"curies":[{"name":"wp","href":"https:\/\/api.w.org\/{rel}","templated":true}]}}